{"id":36489,"date":"2021-03-27T16:13:00","date_gmt":"2021-03-27T22:13:00","guid":{"rendered":"https:\/\/redsemlac.com\/semmexico\/?p=36489"},"modified":"2023-07-21T16:54:41","modified_gmt":"2023-07-21T21:54:41","slug":"en-michoacan-se-dejaran-mas-de-4-mil-nuevas-escuelas-en-michoacan-silvano-aureoles","status":"publish","type":"post","link":"https:\/\/redsemlac.com\/semmexico\/en-michoacan-se-dejaran-mas-de-4-mil-nuevas-escuelas-en-michoacan-silvano-aureoles\/","title":{"rendered":"En Michoac\u00e1n se dejar\u00e1n m\u00e1s de 4 mil nuevas escuelas en Michoac\u00e1n: Silvano Aureoles"},"content":{"rendered":"\n<p class=\"wp-block-paragraph\"><strong>Redacci\u00f3n<\/strong><\/p>\n\n\n\n<p class=\"wp-block-paragraph\">SemM\u00e9xico. <strong>Zamora, Michoac\u00e1n.  27 de marzo de 2021.-\u00a0<\/strong>Una inversi\u00f3n sin precedentes en apoyo a la educaci\u00f3n, ha realizado la administraci\u00f3n del Gobernador Silvano Aureoles Conejo en Michoac\u00e1n. El mandatario encabez\u00f3 hoy la inauguraci\u00f3n de diversas obras de infraestructura en el Instituto Tecnol\u00f3gico Superior de Zamora, donde se invirtieron 33 millones de pesos.<\/p>\n\n\n\n<p class=\"wp-block-paragraph\">\u201cVamos a cerrar con m\u00e1s de 4&nbsp;mil escuelas nuevas; es un dato hist\u00f3rico, no hay comparaci\u00f3n\u201d, dijo y agreg\u00f3 que, por primera vez en Michoac\u00e1n, se hace un ajuste tan importante en el presupuesto para dedicarlo a la educaci\u00f3n, principalmente en los niveles media y superior.&nbsp;<\/p>\n\n\n\n<p class=\"wp-block-paragraph\">Ante representantes de la comunidad estudiantil, el gobernador agradeci\u00f3 el esfuerzo de las y los j\u00f3venes, \u201cme da mucho gusto estar aqu\u00ed, apoyando su infraestructura, estoy contento de escuchar los logros de su instituci\u00f3n\u201d.<\/p>\n\n\n\n<p class=\"wp-block-paragraph\">El mandatario indic\u00f3 que, ante los cambios que ha tra\u00eddo consigo la epidemia por COVID-19, en el modelo de ense\u00f1anza, es importante continuar moderniz\u00e1ndose para ofrecer las mejores alternativas y ampliar el alcance de oportunidades para las y los j\u00f3venes michoacanos.<\/p>\n\n\n\n<p class=\"wp-block-paragraph\">\u201cHoy, la oferta educativa se volvi\u00f3 virtual; es un sistema que de alguna manera lleg\u00f3 para quedarse, que hace que vuele la innovaci\u00f3n y, si lo vemos como una fortaleza, nos permite ampliar m\u00e1s el acceso a la educaci\u00f3n con estas nuevas herramientas\u201d, dijo.<\/p>\n\n\n\n<p class=\"wp-block-paragraph\">Las obras que hoy permitir\u00e1n que el Tecnol\u00f3gico Superior de Zamora mejore su calidad educativa, consistieron en la construcci\u00f3n de la primera etapa del Laboratorio de Ingenier\u00eda Industrial y el arranque a la construcci\u00f3n del Taller de esta asignatura; adem\u00e1s de la edificaci\u00f3n de la Unidad Acad\u00e9mica Departamental, inform\u00f3 el subdirector de Obras y Equipamiento del Instituto de Infraestructura Educativa del Estado se Michoac\u00e1n (IIFEEM), Crist\u00f3bal Torres Mendoza.<\/p>\n\n\n\n<p class=\"wp-block-paragraph\">Por su parte, el director general del Instituto Tecnol\u00f3gico Superior de Zamora, Mart\u00edn Serrato Ju\u00e1rez, agradeci\u00f3 las obras que beneficiar\u00e1n a una matr\u00edcula de m\u00e1s de 5 mil alumnos entre las carreras que ofrece el ITSZ y el Centro de Idiomas con el que cuenta el plantel.<\/p>\n\n\n\n<p class=\"wp-block-paragraph\">Reconoci\u00f3 que la educaci\u00f3n ha sido una prioridad para el gobernador Aureoles Conejo, por lo que agradeci\u00f3 el respaldo otorgado a esa instituci\u00f3n acad\u00e9mica.<\/p>\n\n\n\n<p class=\"wp-block-paragraph\">A su vez, el presidente del comit\u00e9 estudiantil, Milton Rafael Flores Ram\u00edrez, expres\u00f3 por igual su gratitud por el apoyo del mandatario en el tema educativo, ya que, dijo, es la \u00fanica forma para cambiar el futuro de las y los michoacanos:<\/p>\n\n\n\n<p class=\"wp-block-paragraph\">\u201cLe agradecemos profundamente por la aportaci\u00f3n de estas obras, por su apoyo a la comunidad estudiantil. Sabemos que es la educaci\u00f3n la soluci\u00f3n a la inseguridad, porque tiene el objetivo de crear un mejores ciudadanos\u201d, dijo.<\/p>\n\n\n\n<p class=\"wp-block-paragraph\">A trav\u00e9s del Instituto de Infraestructura Educativa del Estado se Michoac\u00e1n (IIFEEM), el Gobierno del Estado ha invertido 76.2 millones de pesos, en los \u00faltimos 5 a\u00f1os, en acciones de infraestructura en escuelas p\u00fablicas de todos los niveles educativos del municipio de Zamora.<\/p>\n","protected":false},"excerpt":{"rendered":"<p>Redacci\u00f3n SemM\u00e9xico. Zamora, Michoac\u00e1n. 27 de marzo de 2021.-\u00a0Una inversi\u00f3n sin precedentes en apoyo a la educaci\u00f3n, ha realizado la administraci\u00f3n del Gobernador Silvano Aureoles Conejo en Michoac\u00e1n. El mandatario encabez\u00f3 hoy la inauguraci\u00f3n de diversas obras de infraestructura en el Instituto Tecnol\u00f3gico Superior de Zamora, donde se invirtieron 33 millones de pesos. \u201cVamos a [&hellip;]<\/p>\n","protected":false},"author":3,"featured_media":36490,"comment_status":"open","ping_status":"open","sticky":false,"template":"","format":"standard","meta":{"_monsterinsights_skip_tracking":false,"footnotes":""},"categories":[692,51],"tags":[],"class_list":["post-36489","post","type-post","status-publish","format-standard","has-post-thumbnail","category-692","category-ejecutivo"],"_links":{"self":[{"href":"https:\/\/redsemlac.com\/semmexico\/wp-json\/wp\/v2\/posts\/36489","targetHints":{"allow":["GET"]}}],"collection":[{"href":"https:\/\/redsemlac.com\/semmexico\/wp-json\/wp\/v2\/posts"}],"about":[{"href":"https:\/\/redsemlac.com\/semmexico\/wp-json\/wp\/v2\/types\/post"}],"author":[{"embeddable":true,"href":"https:\/\/redsemlac.com\/semmexico\/wp-json\/wp\/v2\/users\/3"}],"replies":[{"embeddable":true,"href":"https:\/\/redsemlac.com\/semmexico\/wp-json\/wp\/v2\/comments?post=36489"}],"version-history":[{"count":0,"href":"https:\/\/redsemlac.com\/semmexico\/wp-json\/wp\/v2\/posts\/36489\/revisions"}],"wp:featuredmedia":[{"embeddable":true,"href":"https:\/\/redsemlac.com\/semmexico\/wp-json\/wp\/v2\/media\/36490"}],"wp:attachment":[{"href":"https:\/\/redsemlac.com\/semmexico\/wp-json\/wp\/v2\/media?parent=36489"}],"wp:term":[{"taxonomy":"category","embeddable":true,"href":"https:\/\/redsemlac.com\/semmexico\/wp-json\/wp\/v2\/categories?post=36489"},{"taxonomy":"post_tag","embeddable":true,"href":"https:\/\/redsemlac.com\/semmexico\/wp-json\/wp\/v2\/tags?post=36489"}],"curies":[{"name":"wp","href":"https:\/\/api.w.org\/{rel}","templated":true}]}}