{"id":36480,"date":"2021-03-21T16:02:00","date_gmt":"2021-03-21T22:02:00","guid":{"rendered":"https:\/\/redsemlac.com\/semmexico\/?p=36480"},"modified":"2023-07-21T16:53:00","modified_gmt":"2023-07-21T21:53:00","slug":"aplicadas-hasta-la-fecha-mas-de-154-mil-dosis-contra-covid-19-en-michoacan","status":"publish","type":"post","link":"https:\/\/redsemlac.com\/semmexico\/aplicadas-hasta-la-fecha-mas-de-154-mil-dosis-contra-covid-19-en-michoacan\/","title":{"rendered":"Aplicadas hasta la fecha m\u00e1s de 154 mil dosis contra COVID-19 en Michoac\u00e1n"},"content":{"rendered":"\n<p class=\"wp-block-paragraph\">Redacci\u00f3n<\/p>\n\n\n\n<p class=\"wp-block-paragraph\">SemM\u00e9xico. <strong>Morelia, Michoac\u00e1n.  21 de marzo de 2021.-<\/strong>\u00a0Personal de enfermer\u00eda, m\u00e9dico y param\u00e9dico de la Secretar\u00eda de Salud (SSM), ha participado en las jornadas de inmunizaci\u00f3n contra COVID-19, para adultos mayores de 60 a\u00f1os, donde hasta el momento en esta primera etapa se han aplicado 154 mil 862 dosis.<\/p>\n\n\n\n<p class=\"wp-block-paragraph\">Al ser los adultos mayores el sector de la poblaci\u00f3n catalogado como el m\u00e1s vulnerable de perder la vida en caso de presentar la enfermedad, se trabaja de manera institucional para proteger a este grupo prioritario.<\/p>\n\n\n\n<p class=\"wp-block-paragraph\">Hasta el momento han sido beneficiados 30 municipios, entre ellos se encuentran Villamar, Aporo, Tingambato, Buenavista, Apatzing\u00e1n, Par\u00e1cuaro, M\u00fagica, Angangueo, Coalcom\u00e1n, Tepalcatepec, La Huacana, Aguililla, Churumo, Huetamo, Jacona, Uruapan, Zamora, Ecuandureo, Ixtl\u00e1n, Nuevo Urecho, Morelia, Hidalgo, L\u00e1zaro C\u00e1rdenas, Coahuayana, Aquila, Arteaga, Maravat\u00edo, Tar\u00edmbaro, Zinap\u00e9cuaro y Zit\u00e1cuaro.&nbsp;<\/p>\n\n\n\n<p class=\"wp-block-paragraph\">La SSM exhorta a los adultos mayores que a\u00fan no cuenta con la protecci\u00f3n contra COVID-19, a que se registren en https:\/\/mivacuna.salud.gob.mx\/ para recibir el biol\u00f3gico de acuerdo con la calendarizaci\u00f3n programada por la Federaci\u00f3n.<\/p>\n\n\n\n<p class=\"wp-block-paragraph\">Asimismo, se mantiene a disposici\u00f3n de la ciudadan\u00eda el n\u00famero 800-123-2890 con 11 l\u00edneas para resolver todas sus dudas m\u00e9dicas, as\u00ed como el micrositio bit.ly\/MichCOVID-19, donde encontrar\u00e1 toda la informaci\u00f3n sobre el padecimiento.<\/p>\n","protected":false},"excerpt":{"rendered":"<p>Redacci\u00f3n SemM\u00e9xico. Morelia, Michoac\u00e1n. 21 de marzo de 2021.-\u00a0Personal de enfermer\u00eda, m\u00e9dico y param\u00e9dico de la Secretar\u00eda de Salud (SSM), ha participado en las jornadas de inmunizaci\u00f3n contra COVID-19, para adultos mayores de 60 a\u00f1os, donde hasta el momento en esta primera etapa se han aplicado 154 mil 862 dosis. Al ser los adultos mayores [&hellip;]<\/p>\n","protected":false},"author":3,"featured_media":36481,"comment_status":"open","ping_status":"open","sticky":false,"template":"","format":"standard","meta":{"_monsterinsights_skip_tracking":false,"footnotes":""},"categories":[692,51],"tags":[],"class_list":["post-36480","post","type-post","status-publish","format-standard","has-post-thumbnail","category-692","category-ejecutivo"],"_links":{"self":[{"href":"https:\/\/redsemlac.com\/semmexico\/wp-json\/wp\/v2\/posts\/36480","targetHints":{"allow":["GET"]}}],"collection":[{"href":"https:\/\/redsemlac.com\/semmexico\/wp-json\/wp\/v2\/posts"}],"about":[{"href":"https:\/\/redsemlac.com\/semmexico\/wp-json\/wp\/v2\/types\/post"}],"author":[{"embeddable":true,"href":"https:\/\/redsemlac.com\/semmexico\/wp-json\/wp\/v2\/users\/3"}],"replies":[{"embeddable":true,"href":"https:\/\/redsemlac.com\/semmexico\/wp-json\/wp\/v2\/comments?post=36480"}],"version-history":[{"count":0,"href":"https:\/\/redsemlac.com\/semmexico\/wp-json\/wp\/v2\/posts\/36480\/revisions"}],"wp:featuredmedia":[{"embeddable":true,"href":"https:\/\/redsemlac.com\/semmexico\/wp-json\/wp\/v2\/media\/36481"}],"wp:attachment":[{"href":"https:\/\/redsemlac.com\/semmexico\/wp-json\/wp\/v2\/media?parent=36480"}],"wp:term":[{"taxonomy":"category","embeddable":true,"href":"https:\/\/redsemlac.com\/semmexico\/wp-json\/wp\/v2\/categories?post=36480"},{"taxonomy":"post_tag","embeddable":true,"href":"https:\/\/redsemlac.com\/semmexico\/wp-json\/wp\/v2\/tags?post=36480"}],"curies":[{"name":"wp","href":"https:\/\/api.w.org\/{rel}","templated":true}]}}