{"id":36459,"date":"2021-03-07T15:39:00","date_gmt":"2021-03-07T21:39:00","guid":{"rendered":"https:\/\/redsemlac.com\/semmexico\/?p=36459"},"modified":"2023-07-21T16:51:55","modified_gmt":"2023-07-21T21:51:55","slug":"partidos-politicos-deben-garantizar-la-participacion-de-las-mujeres-en-las-elecciones","status":"publish","type":"post","link":"https:\/\/redsemlac.com\/semmexico\/partidos-politicos-deben-garantizar-la-participacion-de-las-mujeres-en-las-elecciones\/","title":{"rendered":"Partidos pol\u00edticos deben garantizar la participaci\u00f3n de las mujeres en las elecciones"},"content":{"rendered":"\n<p class=\"wp-block-paragraph\">Redacci\u00f3n<\/p>\n\n\n\n<p class=\"wp-block-paragraph\">SemM\u00e9xico. <strong>Morelia, Michoac\u00e1n. 07 de marzo de 2021.-<\/strong>\u00a0La elecci\u00f3n de este a\u00f1o ser\u00e1 de las mujeres, pero garantizar la participaci\u00f3n de todas en condiciones de seguridad e igualdad es el gran reto para los partidos pol\u00edticos, dijo la secretaria de Igualdad Sustantiva y Desarrollo de las Mujeres (Seimujer), Nuria Gabriela Hern\u00e1ndez Abarca.<br>\u00a0<br>Fue durante la inauguraci\u00f3n del Taller \u201cViolencia Pol\u00edtica contra las Mujeres en raz\u00f3n de G\u00e9nero\u201d, donde la tambi\u00e9n presidenta del Observatorio de Participaci\u00f3n Pol\u00edtica de las Mujeres (OPPMM), asegur\u00f3 que hasta la fecha tienen el registro de dos casos de violencia pol\u00edtica contra precandidatas.<br>\u00a0<br>Tambi\u00e9n lament\u00f3 que partidos pol\u00edticos est\u00e9n postulando a candidatos que no cumplan con la 3 de 3 contra la violencia g\u00e9nero \u201cactualmente cumplir esa propuesta est\u00e1 en la cancha de los partidos pol\u00edticos, por lo que es lamentable que muchos no la est\u00e9n cumpliendo tal y como ocurre en varios estados del pa\u00eds\u201d.<br>\u00a0<br>Por su parte, Pablo Navarrete Guti\u00e9rrez, especialista encargado del curso asegur\u00f3 que la violencia pol\u00edtica contra las mujeres por raz\u00f3n de g\u00e9nero surge en distintas \u00e1reas de la vida p\u00fablica.<br>\u00a0<br>\u201cLa legislaci\u00f3n y las reformas ah\u00ed est\u00e1n, ahora debemos hacer todo lo necesario para poder ejercerlas en beneficio de las mujeres\u201d, coment\u00f3.<br>\u00a0<br>En esta primera sesi\u00f3n participaron mujeres de partidos pol\u00edticos, precandidatas e integrantes de la sociedad civil.<\/p>\n","protected":false},"excerpt":{"rendered":"<p>Redacci\u00f3n SemM\u00e9xico. Morelia, Michoac\u00e1n. 07 de marzo de 2021.-\u00a0La elecci\u00f3n de este a\u00f1o ser\u00e1 de las mujeres, pero garantizar la participaci\u00f3n de todas en condiciones de seguridad e igualdad es el gran reto para los partidos pol\u00edticos, dijo la secretaria de Igualdad Sustantiva y Desarrollo de las Mujeres (Seimujer), Nuria Gabriela Hern\u00e1ndez Abarca.\u00a0Fue durante la [&hellip;]<\/p>\n","protected":false},"author":3,"featured_media":36460,"comment_status":"open","ping_status":"open","sticky":false,"template":"","format":"standard","meta":{"_monsterinsights_skip_tracking":false,"footnotes":""},"categories":[692,51],"tags":[],"class_list":["post-36459","post","type-post","status-publish","format-standard","has-post-thumbnail","category-692","category-ejecutivo"],"_links":{"self":[{"href":"https:\/\/redsemlac.com\/semmexico\/wp-json\/wp\/v2\/posts\/36459","targetHints":{"allow":["GET"]}}],"collection":[{"href":"https:\/\/redsemlac.com\/semmexico\/wp-json\/wp\/v2\/posts"}],"about":[{"href":"https:\/\/redsemlac.com\/semmexico\/wp-json\/wp\/v2\/types\/post"}],"author":[{"embeddable":true,"href":"https:\/\/redsemlac.com\/semmexico\/wp-json\/wp\/v2\/users\/3"}],"replies":[{"embeddable":true,"href":"https:\/\/redsemlac.com\/semmexico\/wp-json\/wp\/v2\/comments?post=36459"}],"version-history":[{"count":0,"href":"https:\/\/redsemlac.com\/semmexico\/wp-json\/wp\/v2\/posts\/36459\/revisions"}],"wp:featuredmedia":[{"embeddable":true,"href":"https:\/\/redsemlac.com\/semmexico\/wp-json\/wp\/v2\/media\/36460"}],"wp:attachment":[{"href":"https:\/\/redsemlac.com\/semmexico\/wp-json\/wp\/v2\/media?parent=36459"}],"wp:term":[{"taxonomy":"category","embeddable":true,"href":"https:\/\/redsemlac.com\/semmexico\/wp-json\/wp\/v2\/categories?post=36459"},{"taxonomy":"post_tag","embeddable":true,"href":"https:\/\/redsemlac.com\/semmexico\/wp-json\/wp\/v2\/tags?post=36459"}],"curies":[{"name":"wp","href":"https:\/\/api.w.org\/{rel}","templated":true}]}}