{"id":36443,"date":"2021-03-01T15:04:00","date_gmt":"2021-03-01T21:04:00","guid":{"rendered":"https:\/\/redsemlac.com\/semmexico\/?p=36443"},"modified":"2023-07-21T16:51:24","modified_gmt":"2023-07-21T21:51:24","slug":"atendidas-221-mujeres-victimas-de-violencia-de-genero-durante-febrero","status":"publish","type":"post","link":"https:\/\/redsemlac.com\/semmexico\/atendidas-221-mujeres-victimas-de-violencia-de-genero-durante-febrero\/","title":{"rendered":"Atendidas 221 mujeres v\u00edctimas de violencia de g\u00e9nero durante febrero"},"content":{"rendered":"\n<p class=\"wp-block-paragraph\"><strong>Redacci\u00f3n<\/strong><\/p>\n\n\n\n<p class=\"wp-block-paragraph\">SemM\u00e9xico. <strong>Morelia, Michoac\u00e1n, a 01 de marzo de 2021.-<\/strong>\u00a0La Secretar\u00eda de Igualdad Sustantiva y Desarrollo de las Mujeres (Seimujer), ofreci\u00f3 atenci\u00f3n, contenci\u00f3n y orientaci\u00f3n a 221 mujeres v\u00edctimas de alg\u00fan tipo de violencia durante el mes de febrero.\u00a0<\/p>\n\n\n\n<p class=\"wp-block-paragraph\">\u201cAtendimos un promedio de ocho mujeres al d\u00eda, la mayor\u00eda llega en busca de orientaci\u00f3n para identificar si lo que est\u00e1n viviendo es violencia de g\u00e9nero\u201d, coment\u00f3 la titular de la Seimujer, Nuria Gabriela Hern\u00e1ndez Abarca.&nbsp;<\/p>\n\n\n\n<p class=\"wp-block-paragraph\">La funcionaria reconoci\u00f3 que la violencia psicol\u00f3gica es la que m\u00e1s se presenta en el Estado, siendo la ciudad de Morelia, Uruapan, Zamora, Tar\u00edmbaro, Charo y Zinap\u00e9cuaro, de donde m\u00e1s mujeres llegaron en busca de atenci\u00f3n.&nbsp;<\/p>\n\n\n\n<p class=\"wp-block-paragraph\">Adem\u00e1s, refiri\u00f3 que la mayor\u00eda de los casos que llegan a la Seimujer son de mujeres de 19 a 39 a\u00f1os, quienes han vivido violencia de sus parejas, \u201cla normalizaci\u00f3n de muchas acciones violentas genera que las mujeres tarden en buscar ayuda, por ello invitamos a la poblaci\u00f3n a no ser c\u00f3mplice y denunciar\u201d.&nbsp;<\/p>\n\n\n\n<p class=\"wp-block-paragraph\">El n\u00famero 4432302782, destinado para las mujeres que requieran atenci\u00f3n psicol\u00f3gica y el 4435822082, para la atenci\u00f3n jur\u00eddica, est\u00e1n a cargo de personal especializado que atiende los siete d\u00edas de la semana las 24 horas del d\u00eda.<\/p>\n","protected":false},"excerpt":{"rendered":"<p>Redacci\u00f3n SemM\u00e9xico. Morelia, Michoac\u00e1n, a 01 de marzo de 2021.-\u00a0La Secretar\u00eda de Igualdad Sustantiva y Desarrollo de las Mujeres (Seimujer), ofreci\u00f3 atenci\u00f3n, contenci\u00f3n y orientaci\u00f3n a 221 mujeres v\u00edctimas de alg\u00fan tipo de violencia durante el mes de febrero.\u00a0 \u201cAtendimos un promedio de ocho mujeres al d\u00eda, la mayor\u00eda llega en busca de orientaci\u00f3n para [&hellip;]<\/p>\n","protected":false},"author":3,"featured_media":36444,"comment_status":"open","ping_status":"open","sticky":false,"template":"","format":"standard","meta":{"_monsterinsights_skip_tracking":false,"footnotes":""},"categories":[692,51],"tags":[],"class_list":["post-36443","post","type-post","status-publish","format-standard","has-post-thumbnail","category-692","category-ejecutivo"],"_links":{"self":[{"href":"https:\/\/redsemlac.com\/semmexico\/wp-json\/wp\/v2\/posts\/36443","targetHints":{"allow":["GET"]}}],"collection":[{"href":"https:\/\/redsemlac.com\/semmexico\/wp-json\/wp\/v2\/posts"}],"about":[{"href":"https:\/\/redsemlac.com\/semmexico\/wp-json\/wp\/v2\/types\/post"}],"author":[{"embeddable":true,"href":"https:\/\/redsemlac.com\/semmexico\/wp-json\/wp\/v2\/users\/3"}],"replies":[{"embeddable":true,"href":"https:\/\/redsemlac.com\/semmexico\/wp-json\/wp\/v2\/comments?post=36443"}],"version-history":[{"count":0,"href":"https:\/\/redsemlac.com\/semmexico\/wp-json\/wp\/v2\/posts\/36443\/revisions"}],"wp:featuredmedia":[{"embeddable":true,"href":"https:\/\/redsemlac.com\/semmexico\/wp-json\/wp\/v2\/media\/36444"}],"wp:attachment":[{"href":"https:\/\/redsemlac.com\/semmexico\/wp-json\/wp\/v2\/media?parent=36443"}],"wp:term":[{"taxonomy":"category","embeddable":true,"href":"https:\/\/redsemlac.com\/semmexico\/wp-json\/wp\/v2\/categories?post=36443"},{"taxonomy":"post_tag","embeddable":true,"href":"https:\/\/redsemlac.com\/semmexico\/wp-json\/wp\/v2\/tags?post=36443"}],"curies":[{"name":"wp","href":"https:\/\/api.w.org\/{rel}","templated":true}]}}