{"id":36409,"date":"2021-06-03T15:01:53","date_gmt":"2021-06-03T21:01:53","guid":{"rendered":"https:\/\/redsemlac.com\/semmexico\/?p=36409"},"modified":"2023-07-21T17:01:45","modified_gmt":"2023-07-21T22:01:45","slug":"constituyentes-cdmx-presentan-agenda-politica-feminista-2021-ante-el-ine","status":"publish","type":"post","link":"https:\/\/redsemlac.com\/semmexico\/constituyentes-cdmx-presentan-agenda-politica-feminista-2021-ante-el-ine\/","title":{"rendered":"Constituyentes CDMX presentan Agenda Pol\u00edtica Feminista 2021 ante el INE"},"content":{"rendered":"\n<p class=\"wp-block-paragraph\">Elda Montiel&nbsp;<\/p>\n\n\n\n<p class=\"wp-block-paragraph\">SemM\u00e9xico, Cd. de M\u00e9xico, 3 de junio 2021.- Despu\u00e9s de la Jornada Electoral se deber\u00e1n revisar los avances consolidados con los partidos pol\u00edticos, organizaciones y autoridades electorales para determinar si habr\u00e1 que modificar algo respecto a la atenci\u00f3n prioritaria de la violencia pol\u00edtica en raz\u00f3n de g\u00e9nero, expres\u00f3 la presidenta de la Comisi\u00f3n de Igualdad de G\u00e9nero y No Discriminaci\u00f3n del Instituto Nacional Electoral, Carla Humphrey Jordan.<\/p>\n\n\n\n<p class=\"wp-block-paragraph\">Destaco la importancia de la declaraci\u00f3n 3 de 3 contra la violencia que debe ser entendida como cero tolerancias contra las conductas que violenten a las mujeres en el \u00e1mbito p\u00fablico y privado y que manda un mensaje muy claro de que no queremos personas violentas ocupando puestos p\u00fablicos.&nbsp;<\/p>\n\n\n\n<p class=\"wp-block-paragraph\">Ha permitido que partidos pol\u00edticos y autoridades aseguren condiciones de igualdad y respeto a los derechos pol\u00edtico-electorales de las mujeres y que, en su opini\u00f3n, debe revisarse de forma censal y no muestral.<\/p>\n\n\n\n<p class=\"wp-block-paragraph\">En la presentaci\u00f3n ante el Instituto Nacional Electoral (INE) de la&nbsp;Agenda Pol\u00edtica Feminista Federal 2021, por parte de la Asociaci\u00f3n Civil Las Constituyentes Mx Feministas, se refiri\u00f3 a que debido al formato 3 de 3 contra la violencia, propuesta de Las Constituyentes, se retir\u00f3 la candidatura a tres personas a las que se les comprob\u00f3 violencia pol\u00edtica contra las mujeres.<\/p>\n\n\n\n<p class=\"wp-block-paragraph\">Consider\u00f3 que esta revisi\u00f3n debe seguir avanzando, por lo que plante\u00f3 que partidos pol\u00edticos deber\u00edan incorporar este requisito en los procedimientos de selecci\u00f3n de sus candidaturas o bien, en la legislaci\u00f3n en materia electoral como lo han hecho cinco entidades federativas.<\/p>\n\n\n\n<p class=\"wp-block-paragraph\">Tambi\u00e9n dijo que con el registro nacional de&nbsp;personas sancionadas en materia de violencia pol\u00edtica se vio claramente que la incidencia ocurre 80 por ciento a nivel municipal y 20 por ciento a nivel estatal.&nbsp;&nbsp;<\/p>\n\n\n\n<p class=\"wp-block-paragraph\">Carla Humphrey destaco que es necesario contar con bases de datos con&nbsp;par\u00e1metros homog\u00e9neos con el fin de poder facilitar el acceso a esta informaci\u00f3n, ya que se en el actual proceso electoral, de la consulta a 156 autoridades, en el 70 por ciento de los casos la clasificaci\u00f3n es diversa, algunos lo hacen por delito, por sentencia si es que ya la hay, por denuncia o los padrones alimentarios de personas morosas.<\/p>\n\n\n\n<p class=\"wp-block-paragraph\">S\u00f3lo detectaron 11 bases de datos en las entidades federativas y solo dos digitalizadas, uno de ellos en la Ciudad de M\u00e9xico, por lo que para poder contrastar o corroborar que las personas postuladas est\u00e9n declarando con veracidad, necesitamos contar con esta informaci\u00f3n homog\u00e9nea.<\/p>\n\n\n\n<p class=\"wp-block-paragraph\"><strong>Despu\u00e9s de la paridad atenci\u00f3n a los diversos grupos de mujeres<\/strong><strong><\/strong><\/p>\n\n\n\n<p class=\"wp-block-paragraph\">La Consejera Humphrey destac\u00f3 la importancia de contar con una base de datos nacional para que tanto las candidaturas como la sociedad en general cuenten con informaci\u00f3n sobre los derechos de participaci\u00f3n pol\u00edtica y electoral, a fin de que se garanticen contextos libres de violencia y discriminaci\u00f3n.&nbsp;<\/p>\n\n\n\n<p class=\"wp-block-paragraph\">Plante\u00f3 que ahora que ya conseguimos la paridad, que hay una reforma en materia de violencia pol\u00edtica, el siguiente paso tambi\u00e9n es darle a cada mujer, en cada grupo al que pertenezca, elementos y una atenci\u00f3n concreta para estos grupos.<\/p>\n\n\n\n<p class=\"wp-block-paragraph\">Mencion\u00f3 que esta base debe estar desagregada por condici\u00f3n espec\u00edfica, que identifique si las mujeres son pertenecientes a comunidades ind\u00edgenas, afromexicanas, personas con discapacidad, lesbianas, trans, entre otras categor\u00edas, lo que permitir\u00e1 maximizar los derechos pol\u00edtico-electorales y construir una agenda m\u00ednima de g\u00e9nero.<\/p>\n\n\n\n<p class=\"wp-block-paragraph\">As\u00ed se impulsar\u00e1n temas sustantivos en materia de paridad y atenci\u00f3n eficaz y oportuna frente a los casos de violencia pol\u00edtica en raz\u00f3n de g\u00e9nero, as\u00ed como aumentar los recursos destinados al liderazgo pol\u00edtico de las mujeres al interior de los partidos pol\u00edticos.&nbsp;<\/p>\n\n\n\n<p class=\"wp-block-paragraph\">Al respecto coment\u00f3 que muchas veces en las entidades federativas no hay un seguimiento adecuado de esta obligaci\u00f3n por parte de los partidos pol\u00edticos y entonces quedan estos fondos sin que puedan ser utilizados por las mujeres en cada uno de los partidos pol\u00edticos.<\/p>\n\n\n\n<p class=\"wp-block-paragraph\">Desde el INE hicimos lo propio, modificamos el reglamento de fiscalizaci\u00f3n en atenci\u00f3n a que tambi\u00e9n ve\u00edamos que no se erogaba este 3 por ciento en actividades sustantivas, ahora el partido que no erogue esta cantidad ser\u00e1 sancionado, pero, adem\u00e1s, este tres por ciento o lo que no se haya gastado tendr\u00e1 que gastarlo en el siguiente a\u00f1o adem\u00e1s del tres por ciento de ese a\u00f1o.<\/p>\n\n\n\n<p class=\"wp-block-paragraph\"><strong>La participaci\u00f3n pol\u00edtica de las mujeres fundamental para la democracia: Yndira Sandoval<\/strong><strong><\/strong><\/p>\n\n\n\n<p class=\"wp-block-paragraph\">Yndiara Sandoval de las&nbsp;Constituyentes Mx Feministas,&nbsp;al presentar la \u201cAgenda Pol\u00edtica Feminista Federal 2021\u201d se\u00f1al\u00f3 que este es un manifiesto pol\u00edtico, como una apuesta&nbsp;a que sean lineamientos que una vez instalado el Congreso de la Uni\u00f3n se delineen los principales ejes que coloquen en el centro la autonom\u00eda f\u00edsica, pol\u00edtica y econ\u00f3mica de las mujeres.<\/p>\n\n\n\n<p class=\"wp-block-paragraph\">\u201cSomos la mayor\u00eda de la poblaci\u00f3n, la mayor\u00eda de la Lista Nominal, las que m\u00e1s votamos, pero no somos la mayor\u00eda pol\u00edtica\u201d, acot\u00f3.<\/p>\n\n\n\n<p class=\"wp-block-paragraph\">Abundo que \u00e9ste ser\u00e1 el proceso electoral m\u00e1s importante no s\u00f3lo por el n\u00famero de cargos, sino porque se reconocer\u00e1n derechos plenos de rango constitucional que coloquen la participaci\u00f3n de las mujeres como parte fundamental de la democracia.<\/p>\n\n\n\n<p class=\"wp-block-paragraph\">La Agenda se presenta como parte de nuestros derechos pol\u00edtico-electorales, ya que la participaci\u00f3n de las mujeres no se limita a los partidos pol\u00edticos y nuestro ejercicio de ciudadan\u00eda no se limita a la emisi\u00f3n del voto, sino que se basa en nuestro derecho a la asociaci\u00f3n, a la expresi\u00f3n, a la organizaci\u00f3n, a la libre organizaci\u00f3n, pero tambi\u00e9n a la incidencia, a participar en la vida pol\u00edtica y las decisiones del pa\u00eds.<\/p>\n\n\n\n<p class=\"wp-block-paragraph\">Las demandas se encuentran contenidas en cinco ejes tem\u00e1ticos de la agenda:&nbsp;&nbsp;1) Derecho a una Vida Libre de Violencia y Acceso a la Justicia, 2) Estado Laico, Derechos Sexuales y Reproductivos, 3) Derechos Econ\u00f3micos, Sociales, Culturales y Ambientales, 4) Econom\u00eda y Sistema Nacional de Cuidados y 5) Participaci\u00f3n Pol\u00edtica y Ciudadana de las Mujeres.<\/p>\n\n\n\n<p class=\"wp-block-paragraph\">Durante la presentaci\u00f3n estuvieron presentes representantes de los partidos pol\u00edticos como&nbsp;Movimiento Ciudadano, Redes Sociales Progresistas, el PES y el PRI.&nbsp;<\/p>\n","protected":false},"excerpt":{"rendered":"<p>Elda Montiel&nbsp; SemM\u00e9xico, Cd. de M\u00e9xico, 3 de junio 2021.- Despu\u00e9s de la Jornada Electoral se deber\u00e1n revisar los avances consolidados con los partidos pol\u00edticos, organizaciones y autoridades electorales para determinar si habr\u00e1 que modificar algo respecto a la atenci\u00f3n prioritaria de la violencia pol\u00edtica en raz\u00f3n de g\u00e9nero, expres\u00f3 la presidenta de la Comisi\u00f3n [&hellip;]<\/p>\n","protected":false},"author":3,"featured_media":36410,"comment_status":"open","ping_status":"open","sticky":false,"template":"","format":"standard","meta":{"_monsterinsights_skip_tracking":false,"footnotes":""},"categories":[692,54],"tags":[],"class_list":["post-36409","post","type-post","status-publish","format-standard","has-post-thumbnail","category-692","category-mujeres"],"_links":{"self":[{"href":"https:\/\/redsemlac.com\/semmexico\/wp-json\/wp\/v2\/posts\/36409","targetHints":{"allow":["GET"]}}],"collection":[{"href":"https:\/\/redsemlac.com\/semmexico\/wp-json\/wp\/v2\/posts"}],"about":[{"href":"https:\/\/redsemlac.com\/semmexico\/wp-json\/wp\/v2\/types\/post"}],"author":[{"embeddable":true,"href":"https:\/\/redsemlac.com\/semmexico\/wp-json\/wp\/v2\/users\/3"}],"replies":[{"embeddable":true,"href":"https:\/\/redsemlac.com\/semmexico\/wp-json\/wp\/v2\/comments?post=36409"}],"version-history":[{"count":0,"href":"https:\/\/redsemlac.com\/semmexico\/wp-json\/wp\/v2\/posts\/36409\/revisions"}],"wp:featuredmedia":[{"embeddable":true,"href":"https:\/\/redsemlac.com\/semmexico\/wp-json\/wp\/v2\/media\/36410"}],"wp:attachment":[{"href":"https:\/\/redsemlac.com\/semmexico\/wp-json\/wp\/v2\/media?parent=36409"}],"wp:term":[{"taxonomy":"category","embeddable":true,"href":"https:\/\/redsemlac.com\/semmexico\/wp-json\/wp\/v2\/categories?post=36409"},{"taxonomy":"post_tag","embeddable":true,"href":"https:\/\/redsemlac.com\/semmexico\/wp-json\/wp\/v2\/tags?post=36409"}],"curies":[{"name":"wp","href":"https:\/\/api.w.org\/{rel}","templated":true}]}}