{"id":36406,"date":"2021-06-03T14:58:29","date_gmt":"2021-06-03T20:58:29","guid":{"rendered":"https:\/\/redsemlac.com\/semmexico\/?p=36406"},"modified":"2023-07-21T17:01:45","modified_gmt":"2023-07-21T22:01:45","slug":"crean-el-pacto-feminista-por-los-derechos-humanos-de-las-mujeres","status":"publish","type":"post","link":"https:\/\/redsemlac.com\/semmexico\/crean-el-pacto-feminista-por-los-derechos-humanos-de-las-mujeres\/","title":{"rendered":"Crean el Pacto Feminista por los Derechos Humanos de las Mujeres"},"content":{"rendered":"\n<p class=\"wp-block-paragraph\"><strong>Buscan romper el pacto patriarcal y forjar una sociedad m\u00e1s justa<\/strong><\/p>\n\n\n\n<p class=\"wp-block-paragraph\">Elda Montiel<\/p>\n\n\n\n<p class=\"wp-block-paragraph\">SemM\u00e9xico, Cd. de M\u00e9xico, 3 de junio 2021.- Ante la impunidad y el menosprecio del Estado mexicano, las feministas organizadas crearon el \u201cPacto Feminista por los Derechos Humanos de las Mujeres en el marco del proceso electoral 2020-2021\u201d para romper el pacto patriarcal y construir una sociedad m\u00e1s humana, digna y libre de violencias.&nbsp;<\/p>\n\n\n\n<p class=\"wp-block-paragraph\">Exigen a candidatos y candidatas garantizar los derechos humanos de las mujeres y que las personas que resulten electas integren gabinetes paritarios, propicien la participaci\u00f3n de la organizaci\u00f3n civil, programas con presupuestos, promuevan que sea ley la 3 de 3 contra la violencia, la integraci\u00f3n en sus agendas de pol\u00edticas p\u00fablicas para la prevenci\u00f3n del feminicidio, y garantizar los derechos sexuales y reproductivos de las mujeres, incluida la interrupci\u00f3n legal del embarazo de forma segura y gratuita.&nbsp;&nbsp;<\/p>\n\n\n\n<p class=\"wp-block-paragraph\">Dan a conocer en un comunicado que en lo que va del a\u00f1o ya son mil 500 las mujeres asesinadas de acuerdo con los datos del Secretariado Ejecutivo del Sistema Nacional de Seguridad P\u00fablica, por lo que el pa\u00eds vive en un estado de emergencia nacional exacerbado por el COVID 19.&nbsp;&nbsp;<\/p>\n\n\n\n<p class=\"wp-block-paragraph\">Enfatizan que los derechos de las mujeres no son temas coyunturales, por ello, desde las redes feministas y ciudadan\u00eda vigilaran a los tres poderes del Estado y sus \u00f3rdenes de gobierno para que cumplan con los instrumentos internacionales y leyes nacionales que garantizan los derechos humanos de las mujeres de todas las edades y condiciones, que habitan en el territorio nacional.<\/p>\n\n\n\n<p class=\"wp-block-paragraph\">Suscriben el pacto el Frente Feminista Nacional, Las Constituyentes Mx, Mira-Pensadoras urbanas, Nosotras tenemos otros datos, Red de G\u00e9nero y Medio Ambiente, Red Nacional de Alertistas y Red Nacional de Refugios A.C.&nbsp;<\/p>\n\n\n\n<p class=\"wp-block-paragraph\">Se\u00f1alan que las violencias contra las mujeres imperan en todo el pa\u00eds, los l\u00edmites territoriales no detienen los feminicidios, desapariciones forzadas y violaciones a derechos humanos, por eso, consideran imperante garantizar un Estado de derecho y un trabajo coordinado entre los tres \u00f3rdenes de gobierno.<\/p>\n\n\n\n<p class=\"wp-block-paragraph\">&nbsp;Es prioritario que las personas electas a cargos estatales y locales como alcald\u00edas y gubernaturas dise\u00f1en e implementen pol\u00edticas p\u00fablicas con perspectiva de g\u00e9nero, interculturalidad e interseccionalidad, teniendo como eje rector el cumplimiento de las Leyes estatales de Igualdad entre Mujeres y Hombres, de Acceso de las Mujeres a una Vida Libre de Violencia as\u00ed como la instrumentaci\u00f3n de mecanismos para evaluar las acciones de gobierno con indicadores para medir el cierre de brechas de desigualdad.&nbsp;<\/p>\n\n\n\n<p class=\"wp-block-paragraph\">A las personas electas les exigen legislen bajo los principios establecidos en el marco jur\u00eddico internacional y nacional, integren gabinetes paritarios en los puestos de toma de decisiones dentro de los espacios pol\u00edticos, laborales, sindicales, educativos y financieros, y aseguren un Estado Laico, sin la intromisi\u00f3n de propuestas religiosas que trasgreden los derechos humanos.&nbsp;<\/p>\n\n\n\n<p class=\"wp-block-paragraph\">Exigen a las mujeres y hombres que resulten electos priorizar que las agendas se centren en las mujeres y sus diversidades, promoviendo la participaci\u00f3n horizontal de las organizaciones de la sociedad civil, ciudadan\u00eda y academia.&nbsp;<\/p>\n\n\n\n<p class=\"wp-block-paragraph\">Consideran que cualquier acci\u00f3n o programa que no vaya acompa\u00f1ado de un presupuesto es demagogia por lo que, para asegurar la igualdad sustantiva, la no discriminaci\u00f3n y una vida libre de violencias es urgente la aprobaci\u00f3n de presupuestos con perspectiva de g\u00e9nero.&nbsp;<\/p>\n\n\n\n<p class=\"wp-block-paragraph\">Fomentar programas de empleo y salario digno para todas las mujeres, que contengan iniciativas de licencia de ausencia laboral con apoyo econ\u00f3mico ante situaciones de violencia de g\u00e9nero, as\u00ed como espacios laborales libres de acoso laboral, sexual y discriminaci\u00f3n.&nbsp;<\/p>\n\n\n\n<p class=\"wp-block-paragraph\">En los \u00faltimos a\u00f1os se han registrado m\u00e1s de 5 mil casos de violencia sexual en las escuelas (SEP), por lo cual, exigen programas de educaci\u00f3n escolarizada y no escolarizada, para la promoci\u00f3n de la cultura para la paz, de la igualdad de g\u00e9nero, la no violencia y nuevas masculinidades.<\/p>\n\n\n\n<p class=\"wp-block-paragraph\">En todos los niveles de la educaci\u00f3n, que cumplan con la laicidad en la educaci\u00f3n y eliminen propuestas que van en contra de los derechos ganados y las leyes nacionales, como el pin parental.<\/p>\n\n\n\n<p class=\"wp-block-paragraph\">Como parte de la pol\u00edtica p\u00fablica para prevenir feminicidios y restituir derechos, demandan.<\/p>\n\n\n\n<p class=\"wp-block-paragraph\">Fortalecer y garantizar la operaci\u00f3n de los mecanismos de protecci\u00f3n para mujeres v\u00edctimas de violencias y, en su caso sus hijas e hijos como son los Refugios, Casas de Emergencia y de Transici\u00f3n, ya que el 40% de los feminicidios sucedieron en los hogares (INEGI),&nbsp;<\/p>\n\n\n\n<p class=\"wp-block-paragraph\">La instrumentaci\u00f3n de pol\u00edticas alineadas con los convenios internacionales signados por M\u00e9xico para abolir la prostituci\u00f3n, la trata de mujeres y ni\u00f1as, la venta de ni\u00f1as y adolescentes, los matrimonios infantiles y el alquiler de vientres, los cuales deben ser tratados como delitos, juzgados con perspectiva de g\u00e9nero.<\/p>\n\n\n\n<p class=\"wp-block-paragraph\">As\u00ed como la abolici\u00f3n de la explotaci\u00f3n sexual, con una visi\u00f3n de progresividad y transparencia.&nbsp;<\/p>\n\n\n\n<p class=\"wp-block-paragraph\">Aunado a un sistema de justicia integral capaz de atender y acompa\u00f1ar a las mujeres en sus diversidades, que permita la prevenci\u00f3n, atenci\u00f3n, sanci\u00f3n, erradicaci\u00f3n de las violencias de g\u00e9nero y reparaci\u00f3n del da\u00f1o, as\u00ed como la garant\u00eda de no repetici\u00f3n.&nbsp;<\/p>\n\n\n\n<p class=\"wp-block-paragraph\">\u201cRequerimos que la 3 de 3 contra la violencia sea ley en todo el pa\u00eds; limitando incorporar a deudores de pensi\u00f3n alimenticia, hostigadores sexuales y agresores que hayan ejercido violencia de g\u00e9nero\u201d.<\/p>\n\n\n\n<p class=\"wp-block-paragraph\">Como parte de la agenda pol\u00edtica de quienes queden electos\/as garantizar los derechos sexuales y reproductivos de todas las mujeres, incluida la interrupci\u00f3n legal del embarazo de forma segura y gratuita en todo el pa\u00eds.&nbsp;<\/p>\n\n\n\n<p class=\"wp-block-paragraph\">Solicitamos, promover la instalaci\u00f3n de un Sistema Estatal y\/o Municipal de Cuidados en el marco de la iniciativa legislativa que modifica el art\u00edculo 4to. Constitucional, en donde se establece el Derecho al Cuidado Digno y al Tiempo Propio, a trav\u00e9s de la creaci\u00f3n del Sistema Nacional de Cuidados; que contemple a infancias, adolescencias, personas dependientes con alguna discapacidad, enfermedad y personas mayores que lo requieran, as\u00ed como a las personas cuidadoras, con recursos espec\u00edficos para ello.&nbsp;<\/p>\n\n\n\n<p class=\"wp-block-paragraph\">As\u00ed como la implementaci\u00f3n de acciones desde el enfoque de g\u00e9nero para la adaptaci\u00f3n y mitigaci\u00f3n del cambio clim\u00e1tico.&nbsp;<\/p>\n\n\n\n<p class=\"wp-block-paragraph\">Exigen que las campa\u00f1as electorales eviten el borrado de las mujeres y no atenten contra su libertad y derechos, eliminen el uso de estereotipos de g\u00e9nero que denigren o discriminen a las mujeres, ni\u00f1as y ancianas. Priorizando las leyes electorales, incluyendo la 3 de 3 en todas las candidaturas, ya que s\u00f3lo han cumplido el 0.83% de los candidatos.&nbsp;<\/p>\n","protected":false},"excerpt":{"rendered":"<p>Buscan romper el pacto patriarcal y forjar una sociedad m\u00e1s justa Elda Montiel SemM\u00e9xico, Cd. de M\u00e9xico, 3 de junio 2021.- Ante la impunidad y el menosprecio del Estado mexicano, las feministas organizadas crearon el \u201cPacto Feminista por los Derechos Humanos de las Mujeres en el marco del proceso electoral 2020-2021\u201d para romper el pacto [&hellip;]<\/p>\n","protected":false},"author":3,"featured_media":36407,"comment_status":"open","ping_status":"open","sticky":false,"template":"","format":"standard","meta":{"_monsterinsights_skip_tracking":false,"footnotes":""},"categories":[692,54],"tags":[],"class_list":["post-36406","post","type-post","status-publish","format-standard","has-post-thumbnail","category-692","category-mujeres"],"_links":{"self":[{"href":"https:\/\/redsemlac.com\/semmexico\/wp-json\/wp\/v2\/posts\/36406","targetHints":{"allow":["GET"]}}],"collection":[{"href":"https:\/\/redsemlac.com\/semmexico\/wp-json\/wp\/v2\/posts"}],"about":[{"href":"https:\/\/redsemlac.com\/semmexico\/wp-json\/wp\/v2\/types\/post"}],"author":[{"embeddable":true,"href":"https:\/\/redsemlac.com\/semmexico\/wp-json\/wp\/v2\/users\/3"}],"replies":[{"embeddable":true,"href":"https:\/\/redsemlac.com\/semmexico\/wp-json\/wp\/v2\/comments?post=36406"}],"version-history":[{"count":0,"href":"https:\/\/redsemlac.com\/semmexico\/wp-json\/wp\/v2\/posts\/36406\/revisions"}],"wp:featuredmedia":[{"embeddable":true,"href":"https:\/\/redsemlac.com\/semmexico\/wp-json\/wp\/v2\/media\/36407"}],"wp:attachment":[{"href":"https:\/\/redsemlac.com\/semmexico\/wp-json\/wp\/v2\/media?parent=36406"}],"wp:term":[{"taxonomy":"category","embeddable":true,"href":"https:\/\/redsemlac.com\/semmexico\/wp-json\/wp\/v2\/categories?post=36406"},{"taxonomy":"post_tag","embeddable":true,"href":"https:\/\/redsemlac.com\/semmexico\/wp-json\/wp\/v2\/tags?post=36406"}],"curies":[{"name":"wp","href":"https:\/\/api.w.org\/{rel}","templated":true}]}}