{"id":36403,"date":"2021-06-03T14:53:47","date_gmt":"2021-06-03T20:53:47","guid":{"rendered":"https:\/\/redsemlac.com\/semmexico\/?p=36403"},"modified":"2023-07-21T17:01:45","modified_gmt":"2023-07-21T22:01:45","slug":"la-dirigente-femenil-del-pri-en-guerrero-aline-mata-equializ-es-agredida-por-morenistas-en-acapulco","status":"publish","type":"post","link":"https:\/\/redsemlac.com\/semmexico\/la-dirigente-femenil-del-pri-en-guerrero-aline-mata-equializ-es-agredida-por-morenistas-en-acapulco\/","title":{"rendered":"La dirigente femenil del PRI en Guerrero, Aline Mata Equializ es agredida por morenistas en Acapulco"},"content":{"rendered":"\n<p class=\"wp-block-paragraph\">Elda Montiel&nbsp;<\/p>\n\n\n\n<p class=\"wp-block-paragraph\">SemM\u00e9xico, Cd. de M\u00e9xico, 3 de junio 2021.-&nbsp;El Comit\u00e9 Directivo del PRI en Guerrero presento las denuncias por lesiones y violencia pol\u00edtica de g\u00e9nero en contra de los simpatizantes de Morena en Acapulco que agredieron a la dirigente femenil priista Aline Mata Eguializ.&nbsp;<\/p>\n\n\n\n<p class=\"wp-block-paragraph\">Asimismo, se\u00f1ala el CDE que&nbsp;la percepci\u00f3n de derrota de la candidata morenista en Acapulco&nbsp;Abelina L\u00f3pez&nbsp;no debe ser pretexto para promover la violencia ni para cometer actos que transgredan la Ley.&nbsp;&nbsp;<\/p>\n\n\n\n<p class=\"wp-block-paragraph\">Los hechos ocurrieron este mi\u00e9rcoles 2 de junio cuando vecinos denunciaron que en un domicilio de la calle Universidad en la colonia Ampliaci\u00f3n San Isidro en Acapulco se encontraba la candidata de Morena Abelina L\u00f3pe presuntamente comprando votos a su favor, lo que es un delito electoral.&nbsp;<\/p>\n\n\n\n<p class=\"wp-block-paragraph\">La dirigente del ONMPRI estatal, Aline Mata se present\u00f3 en el lugar en donde Abelina L\u00f3pez pidi\u00f3 a sus seguidores que no la dejaran entrar y los alent\u00f3 a que la agredieran.&nbsp;<\/p>\n\n\n\n<p class=\"wp-block-paragraph\">El PRI estatal demanda a las autoridades competentes el pronto esclarecimiento de los hechos y sanci\u00f3n a las o los responsables materiales e intelectuales de dicha agresi\u00f3n.&nbsp;<\/p>\n","protected":false},"excerpt":{"rendered":"<p>Elda Montiel&nbsp; SemM\u00e9xico, Cd. de M\u00e9xico, 3 de junio 2021.-&nbsp;El Comit\u00e9 Directivo del PRI en Guerrero presento las denuncias por lesiones y violencia pol\u00edtica de g\u00e9nero en contra de los simpatizantes de Morena en Acapulco que agredieron a la dirigente femenil priista Aline Mata Eguializ.&nbsp; Asimismo, se\u00f1ala el CDE que&nbsp;la percepci\u00f3n de derrota de la [&hellip;]<\/p>\n","protected":false},"author":3,"featured_media":36404,"comment_status":"open","ping_status":"open","sticky":false,"template":"","format":"standard","meta":{"_monsterinsights_skip_tracking":false,"footnotes":""},"categories":[692,47],"tags":[],"class_list":["post-36403","post","type-post","status-publish","format-standard","has-post-thumbnail","category-692","category-no-mas-impunidad"],"_links":{"self":[{"href":"https:\/\/redsemlac.com\/semmexico\/wp-json\/wp\/v2\/posts\/36403","targetHints":{"allow":["GET"]}}],"collection":[{"href":"https:\/\/redsemlac.com\/semmexico\/wp-json\/wp\/v2\/posts"}],"about":[{"href":"https:\/\/redsemlac.com\/semmexico\/wp-json\/wp\/v2\/types\/post"}],"author":[{"embeddable":true,"href":"https:\/\/redsemlac.com\/semmexico\/wp-json\/wp\/v2\/users\/3"}],"replies":[{"embeddable":true,"href":"https:\/\/redsemlac.com\/semmexico\/wp-json\/wp\/v2\/comments?post=36403"}],"version-history":[{"count":0,"href":"https:\/\/redsemlac.com\/semmexico\/wp-json\/wp\/v2\/posts\/36403\/revisions"}],"wp:featuredmedia":[{"embeddable":true,"href":"https:\/\/redsemlac.com\/semmexico\/wp-json\/wp\/v2\/media\/36404"}],"wp:attachment":[{"href":"https:\/\/redsemlac.com\/semmexico\/wp-json\/wp\/v2\/media?parent=36403"}],"wp:term":[{"taxonomy":"category","embeddable":true,"href":"https:\/\/redsemlac.com\/semmexico\/wp-json\/wp\/v2\/categories?post=36403"},{"taxonomy":"post_tag","embeddable":true,"href":"https:\/\/redsemlac.com\/semmexico\/wp-json\/wp\/v2\/tags?post=36403"}],"curies":[{"name":"wp","href":"https:\/\/api.w.org\/{rel}","templated":true}]}}