{"id":36400,"date":"2021-06-03T14:51:01","date_gmt":"2021-06-03T20:51:01","guid":{"rendered":"https:\/\/redsemlac.com\/semmexico\/?p=36400"},"modified":"2023-07-21T17:01:45","modified_gmt":"2023-07-21T22:01:45","slug":"la-escritora-feminista-ana-luisa-amaral-gana-el-premio-reina-sofia-de-poesia","status":"publish","type":"post","link":"https:\/\/redsemlac.com\/semmexico\/la-escritora-feminista-ana-luisa-amaral-gana-el-premio-reina-sofia-de-poesia\/","title":{"rendered":"La escritora feminista Ana Luisa Amaral gana el Premio Reina Sof\u00eda de Poes\u00eda"},"content":{"rendered":"\n<p class=\"wp-block-paragraph\">Por\u00a0<a href=\"https:\/\/amecopress.net\/Carlota-Garcia-Sanchez\">Carlota Garc\u00eda S\u00e1nchez<\/a><\/p>\n\n\n\n<p class=\"wp-block-paragraph\">Despu\u00e9s de Sophia de Mello Breyner y Nuno J\u00fadice es la tercera autora portuguesa en recibir este reconocimiento<\/p>\n\n\n\n<p class=\"wp-block-paragraph\">SemM\u00e9xico. Madrid, 03 jun. 21. AmecoPress.-\u00a0<em>\u201cCompromiso con los derechos humanos, las libertades y, sobre todo, con la voz de la mujer\u201d, con estas palabras la presidenta de Patrimonio Nacional, Llanos Castellanos, ha definido el trabajo de la poeta Ana Luisa Amaral tras ser galardonada con el Premio Reina Sof\u00eda de Poes\u00eda Iberoamericana 2021, otorgado por Patrimonio Nacional y la Universidad de Salamanca.<\/em><\/p>\n\n\n\n<p class=\"wp-block-paragraph\">En su mensaje la directora no ha querido dejar de admirar la capacidad de Amaral para&nbsp;<strong>unir la l\u00edrica anglosajona con referencias a William Shakespeare o Emily Dickinson al ritmo del modernismo portugu\u00e9s de Fernando Pessoa o Mario de S\u00e1 &#8211; Carneiro<\/strong>. Esta combinaci\u00f3n, entre otras cosas, la ha llevado a sostener el galard\u00f3n en esta trig\u00e9sima edici\u00f3n.<\/p>\n\n\n\n<p class=\"wp-block-paragraph\">El&nbsp;<strong>Premio Reina Sof\u00eda<\/strong>&nbsp;es considerado uno de los mayores reconocimientos de poes\u00eda en todo el mundo y distingue la obra de alg\u00fan autor o autora viva cuyo trabajo al patrimonio cultural de Iberoam\u00e9rica sea significativo. Despu\u00e9s de Sophia de Mello Breyner y Nuno J\u00fadice, Amaral es la tercera autora portuguesa en recibir este homenaje. El premio est\u00e1 dotado con 42.100 euros.<\/p>\n\n\n\n<p class=\"wp-block-paragraph\">\u201c<em>Ha sido una felicidad inmensa, una alegr\u00eda y una honra<\/em>\u201d ha manifestado la escritora a la Agencia EFE tras recibir el galard\u00f3n.<\/p>\n\n\n\n<h3 class=\"wp-block-heading\">Una vida inmersa en la pluma<\/h3>\n\n\n\n<p class=\"wp-block-paragraph\">Nacida en Lisboa, en abril de 1956, la escritora e investigadora universitaria vive desde los nueve a\u00f1os en Le\u00e7a da Palmeira, municipio muy pr\u00f3ximo a la ciudad de Oporto. Ana Luisa Amaral ha recibido m\u00faltiples distinciones a lo largo de su carrera desde el&nbsp;<strong>Premio Verg\u00edlio Ferreira<\/strong>&nbsp;(que homenajea a autores y autoras de lengua portuguesa), el galard\u00f3n&nbsp;<strong>Leteo<\/strong>(recibido en 2020 por la concejal\u00eda de Acci\u00f3n y Promoci\u00f3n Cultural del Ayuntamiento de Le\u00f3n) o el reconocimiento de las&nbsp;<strong>Librer\u00edas de Madrid por su poema What\u00b4s in a name<\/strong>, que hace referencia al Romeo y Julieta de Shakespearre y a la obsesi\u00f3n de las personas por catalogar todo y as\u00ed \u201c<em>reducir su potencial de ser humano<\/em>\u201d.<\/p>\n\n\n\n<p class=\"wp-block-paragraph\">Doctora en Literatura Norteamericana por la Facultad de Letras de la Universidad de Oporto, donde ha sido profesora, es tambi\u00e9n autora de obras de teatro y libros infantiles. Su producci\u00f3n literaria ha sido traducida a diversas lenguas en pa\u00edses como: Inglaterra, Brasil, Francia, Suecia, Italia, Holanda, Colombia, Venezuela y Espa\u00f1a, donde en este \u00faltimo Paula Abramo es la encargada de hacerlo para la editorial Sexto Piso.<\/p>\n\n\n\n<p class=\"wp-block-paragraph\">Tambi\u00e9n ha consolidado su contribuci\u00f3n al mundo acad\u00e9mico en el \u201c<em>Diccionario de Cr\u00edtica Feminista<\/em>\u201d en colaboraci\u00f3n con Ana Gabriela Macedo, profesora y catedr\u00e1tica del departamento de Estudios Ingleses en la Universidad de Mi\u00f1o.<\/p>\n\n\n\n<p class=\"wp-block-paragraph\"><\/p>\n","protected":false},"excerpt":{"rendered":"<p>Por\u00a0Carlota Garc\u00eda S\u00e1nchez Despu\u00e9s de Sophia de Mello Breyner y Nuno J\u00fadice es la tercera autora portuguesa en recibir este reconocimiento SemM\u00e9xico. Madrid, 03 jun. 21. AmecoPress.-\u00a0\u201cCompromiso con los derechos humanos, las libertades y, sobre todo, con la voz de la mujer\u201d, con estas palabras la presidenta de Patrimonio Nacional, Llanos Castellanos, ha definido el [&hellip;]<\/p>\n","protected":false},"author":3,"featured_media":36401,"comment_status":"open","ping_status":"open","sticky":false,"template":"","format":"standard","meta":{"_monsterinsights_skip_tracking":false,"footnotes":""},"categories":[692,53],"tags":[],"class_list":["post-36400","post","type-post","status-publish","format-standard","has-post-thumbnail","category-692","category-internacional"],"_links":{"self":[{"href":"https:\/\/redsemlac.com\/semmexico\/wp-json\/wp\/v2\/posts\/36400","targetHints":{"allow":["GET"]}}],"collection":[{"href":"https:\/\/redsemlac.com\/semmexico\/wp-json\/wp\/v2\/posts"}],"about":[{"href":"https:\/\/redsemlac.com\/semmexico\/wp-json\/wp\/v2\/types\/post"}],"author":[{"embeddable":true,"href":"https:\/\/redsemlac.com\/semmexico\/wp-json\/wp\/v2\/users\/3"}],"replies":[{"embeddable":true,"href":"https:\/\/redsemlac.com\/semmexico\/wp-json\/wp\/v2\/comments?post=36400"}],"version-history":[{"count":0,"href":"https:\/\/redsemlac.com\/semmexico\/wp-json\/wp\/v2\/posts\/36400\/revisions"}],"wp:featuredmedia":[{"embeddable":true,"href":"https:\/\/redsemlac.com\/semmexico\/wp-json\/wp\/v2\/media\/36401"}],"wp:attachment":[{"href":"https:\/\/redsemlac.com\/semmexico\/wp-json\/wp\/v2\/media?parent=36400"}],"wp:term":[{"taxonomy":"category","embeddable":true,"href":"https:\/\/redsemlac.com\/semmexico\/wp-json\/wp\/v2\/categories?post=36400"},{"taxonomy":"post_tag","embeddable":true,"href":"https:\/\/redsemlac.com\/semmexico\/wp-json\/wp\/v2\/tags?post=36400"}],"curies":[{"name":"wp","href":"https:\/\/api.w.org\/{rel}","templated":true}]}}