{"id":36391,"date":"2021-06-03T11:21:21","date_gmt":"2021-06-03T17:21:21","guid":{"rendered":"https:\/\/redsemlac.com\/semmexico\/?p=36391"},"modified":"2023-07-21T17:01:45","modified_gmt":"2023-07-21T22:01:45","slug":"en-jalisco-el-observatorio-ve-prejuicios-de-genero-en-dos-de-cada-10-notas-periodisticas","status":"publish","type":"post","link":"https:\/\/redsemlac.com\/semmexico\/en-jalisco-el-observatorio-ve-prejuicios-de-genero-en-dos-de-cada-10-notas-periodisticas\/","title":{"rendered":"En Jalisco, el observatorio ve prejuicios de g\u00e9nero en dos de cada 10 notas period\u00edsticas"},"content":{"rendered":"\n<p class=\"wp-block-paragraph\">Algunas notas ten\u00edan un titular relacionado a las mujeres, pero el cuerpo era diferente, sobre todo promoviendo las candidaturas de otros hombres<\/p>\n\n\n\n<p class=\"wp-block-paragraph\">El IEPC ha analizado 242 notas de 13 medios en cinco regiones del Estado, a la fecha. <\/p>\n\n\n\n<p class=\"wp-block-paragraph\">Redacci\u00f3n<\/p>\n\n\n\n<p class=\"wp-block-paragraph\">SemM\u00e9xico, Guadalajara, Jalisco, 3 de junio 2021.- Respecto a la participaci\u00f3n pol\u00edtica de las mujeres y la violencia contra ellas en el presente proceso electoral, el Observatorio Pol\u00edtico Electoral, que analiza las notas period\u00edsticas del proceso, se\u00f1al\u00f3 que dos de cada 10 contienen prejuicios por raz\u00f3n de g\u00e9nero.<\/p>\n\n\n\n<p class=\"wp-block-paragraph\">Sandra Mart\u00ednez D\u00edaz, investigadora de esta l\u00ednea, detall\u00f3 que, a la fecha, se han analizado 242 notas de 13 medios en cinco regiones del Estado.<\/p>\n\n\n\n<p class=\"wp-block-paragraph\">Y, aunque se\u00f1al\u00f3 que en general se evita recurrir a prejuicios o estereotipos de g\u00e9nero, identificaron 46 notas, sobre todo en Puerto Vallarta, donde a\u00fan se mantienen: \u201cno es violencia, pero s\u00ed recurren a seguir perpetuando estas ideas\u201d.<\/p>\n\n\n\n<p class=\"wp-block-paragraph\">Adem\u00e1s de ello, la investigadora resalt\u00f3 que 20 notas ten\u00edan un titular relacionado a las mujeres, pero el cuerpo era diferente, sobre todo promoviendo las candidaturas de otros hombres o argumentos de alg\u00fan hombre que fue acusado por violencia.<\/p>\n\n\n\n<p class=\"wp-block-paragraph\">\u201cEs una simulaci\u00f3n porque el titular no corresponde y es utilizaci\u00f3n de las mujeres, pues dan la impresi\u00f3n de que s\u00ed las cubren\u201d, dijo.<\/p>\n\n\n\n<p class=\"wp-block-paragraph\">Resalt\u00f3 que por la violencia, hasta el mes de abril, el Instituto Electoral y de Participaci\u00f3n Ciudadana de Jalisco (IEPC) report\u00f3 32 quejas y denuncias, y a\u00fan no cuentan mayo. Esto significa que no hubo avance desde las elecciones de 2018, donde en todo el proceso se documentaron 33 casos.<\/p>\n\n\n\n<p class=\"wp-block-paragraph\">Algunas de las manifestaciones de violencia denunciadas son omisi\u00f3n y ocultamiento de informaci\u00f3n, presiones y amenazas para dejar las aspiraciones pol\u00edticas y\/o candidaturas, divulgaci\u00f3n de im\u00e1genes o informaci\u00f3n para desacreditar, difamar, denigrar y poner en entredicho la capacidad de las mujeres para la pol\u00edtica, con base en estereotipos de g\u00e9nero y vincular a las mujeres sentimentalmente a un hombre y por tanto, desacreditar su participaci\u00f3n pol\u00edtica.<\/p>\n\n\n\n<p class=\"wp-block-paragraph\">\u201cLa violencia es m\u00e1s visible en los procesos electorales y las quejas y denuncias son m\u00e1s notorias que en el ejercicio del cargo, pero en realidad es una constante, no se termina con el proceso electoral. Hay al menos el doble de casos en cifra negra que incluso nosotras sabemos pero no llegaron a denuncia. En el proceso aumentan incluso triple\u201d, comparti\u00f3.<\/p>\n\n\n\n<p class=\"wp-block-paragraph\">A\u00f1adi\u00f3 que tambi\u00e9n el hecho de denunciar ha crecido, lo que ayuda a visibilizar la violencia y saben que hay consecuencias gracias a la reforma del a\u00f1o pasado.<\/p>\n\n\n\n<p class=\"wp-block-paragraph\">\u201cVemos necesidad de que los medios se sigan preparando en el tema. Falta seguir estudiando, aunque hay una conciencia del tema de g\u00e9nero, las propias mujeres incentivan que el tratamiento e informaci\u00f3n sea lo m\u00e1s neutral posible\u201d, sostuvo.<\/p>\n\n\n\n<p class=\"wp-block-paragraph\">Sem\/sl<\/p>\n","protected":false},"excerpt":{"rendered":"<p>Algunas notas ten\u00edan un titular relacionado a las mujeres, pero el cuerpo era diferente, sobre todo promoviendo las candidaturas de otros hombres El IEPC ha analizado 242 notas de 13 medios en cinco regiones del Estado, a la fecha. Redacci\u00f3n SemM\u00e9xico, Guadalajara, Jalisco, 3 de junio 2021.- Respecto a la participaci\u00f3n pol\u00edtica de las mujeres [&hellip;]<\/p>\n","protected":false},"author":3,"featured_media":36392,"comment_status":"open","ping_status":"open","sticky":false,"template":"","format":"standard","meta":{"_monsterinsights_skip_tracking":false,"footnotes":""},"categories":[692,141],"tags":[],"class_list":["post-36391","post","type-post","status-publish","format-standard","has-post-thumbnail","category-692","category-elecciones-2020-2021"],"_links":{"self":[{"href":"https:\/\/redsemlac.com\/semmexico\/wp-json\/wp\/v2\/posts\/36391","targetHints":{"allow":["GET"]}}],"collection":[{"href":"https:\/\/redsemlac.com\/semmexico\/wp-json\/wp\/v2\/posts"}],"about":[{"href":"https:\/\/redsemlac.com\/semmexico\/wp-json\/wp\/v2\/types\/post"}],"author":[{"embeddable":true,"href":"https:\/\/redsemlac.com\/semmexico\/wp-json\/wp\/v2\/users\/3"}],"replies":[{"embeddable":true,"href":"https:\/\/redsemlac.com\/semmexico\/wp-json\/wp\/v2\/comments?post=36391"}],"version-history":[{"count":0,"href":"https:\/\/redsemlac.com\/semmexico\/wp-json\/wp\/v2\/posts\/36391\/revisions"}],"wp:featuredmedia":[{"embeddable":true,"href":"https:\/\/redsemlac.com\/semmexico\/wp-json\/wp\/v2\/media\/36392"}],"wp:attachment":[{"href":"https:\/\/redsemlac.com\/semmexico\/wp-json\/wp\/v2\/media?parent=36391"}],"wp:term":[{"taxonomy":"category","embeddable":true,"href":"https:\/\/redsemlac.com\/semmexico\/wp-json\/wp\/v2\/categories?post=36391"},{"taxonomy":"post_tag","embeddable":true,"href":"https:\/\/redsemlac.com\/semmexico\/wp-json\/wp\/v2\/tags?post=36391"}],"curies":[{"name":"wp","href":"https:\/\/api.w.org\/{rel}","templated":true}]}}