{"id":36388,"date":"2021-06-03T11:17:01","date_gmt":"2021-06-03T17:17:01","guid":{"rendered":"https:\/\/redsemlac.com\/semmexico\/?p=36388"},"modified":"2023-07-21T17:01:45","modified_gmt":"2023-07-21T22:01:45","slug":"comite-de-expertas-de-la-oea-llamo-al-gobierno-de-colombia-a-investigar-de-inmediata-y-efectivamente-violaciones-de-genero-y-abusos-sexuales","status":"publish","type":"post","link":"https:\/\/redsemlac.com\/semmexico\/comite-de-expertas-de-la-oea-llamo-al-gobierno-de-colombia-a-investigar-de-inmediata-y-efectivamente-violaciones-de-genero-y-abusos-sexuales\/","title":{"rendered":"Comit\u00e9 de Expertas  de la OEA  llam\u00f3 al gobierno de Colombia  a investigar de  inmediata y efectivamente violaciones de g\u00e9nero y abusos sexuales"},"content":{"rendered":"\n<p class=\"wp-block-paragraph\">En las refriegas por el Paro Nacional 103 mujeres fueron v\u00edctimas de violencia de g\u00e9nero y sexual que violan la Bel\u00e9m do Par\u00e1<\/p>\n\n\n\n<p class=\"wp-block-paragraph\">Asegura tener informes&nbsp;&nbsp;e im\u00e1genes de variadas fuentes&nbsp;&nbsp;que confirman los hechos&nbsp;<\/p>\n\n\n\n<p class=\"wp-block-paragraph\">&nbsp;Redacci\u00f3n<\/p>\n\n\n\n<p class=\"wp-block-paragraph\">SemM\u00e9xico.- Washington DC, 3 de junio&nbsp;&nbsp;2021.-. El Comit\u00e9 de Expertas (CEVI) del Mecanismo de Seguimiento de la \u201cConvenci\u00f3n de Bel\u00e9m do Par\u00e1\u201d (MESECVI) manifest\u00f3 en un comunicado su&nbsp;&nbsp;preocupaci\u00f3n por&nbsp;&nbsp;presuntos actos de violencia en&nbsp;&nbsp;raz\u00f3n de g\u00e9nero, entre las cuales se encuentran el hostigamiento, acoso y diferentes formas de violencia sexual contra ni\u00f1as, adolescentes y mujeres, en Colombia.<\/p>\n\n\n\n<p class=\"wp-block-paragraph\">Desde el 28 de abril de 2021, al iniciarse&nbsp;&nbsp;el Paro Nacional arreci\u00f3 la violencia. Ese comit\u00e9 se\u00f1ala en un comunicado oficial que recibi\u00f3 informaci\u00f3n que estos ataques se habr\u00edan dado mayormente contra civiles, e inclusive en algunos casos contra mujeres que forman parte de las fuerzas del orden p\u00fablico.<\/p>\n\n\n\n<p class=\"wp-block-paragraph\">Ese&nbsp;&nbsp;Comit\u00e9 conoci\u00f3 de las denuncias de al menos 103 mujeres v\u00edctimas de violencia, de las cuales al menos 87 han sido v\u00edctimas de violencia basada en g\u00e9nero, consistente en tocamientos y manoseos, as\u00ed como violencia verbal sexualizada, con el fin de humillar y amedrentar a las mujeres que participan&nbsp;&nbsp;en las protestas.<\/p>\n\n\n\n<p class=\"wp-block-paragraph\">&nbsp;De la misma forma, el Comit\u00e9 tambi\u00e9n recibi\u00f3&nbsp;&nbsp;informaci\u00f3n sobre el reporte de una patrullera quien habr\u00eda denunciado ante la Fiscal\u00eda haber sido abusada sexualmente el 29 de abril por un grupo de civiles, en el marco de las mismas protestas por el Paro Nacional.[1]&nbsp;&nbsp;<\/p>\n\n\n\n<p class=\"wp-block-paragraph\">De acuerdo con la informaci\u00f3n recibida por el CEVI, la Defensor\u00eda del Pueblo habr\u00eda reportado otras 16 mujeres y ni\u00f1as que han sido v\u00edctimas de violencia sexual [2].&nbsp;<\/p>\n\n\n\n<p class=\"wp-block-paragraph\">Estos hechos incluyen la muerte de una adolescente de 17 a\u00f1os que se habr\u00eda quitado la vida luego de denunciar en las redes sociales que los agentes del Escuadr\u00f3n M\u00f3vil de Antidisturbios, ESMAD, de Popay\u00e1n la violentaron sexualmente tras ser detenida.<\/p>\n\n\n\n<p class=\"wp-block-paragraph\">El Comit\u00e9 informa que tuvo&nbsp;&nbsp;acceso a im\u00e1genes [3] e informaci\u00f3n que podr\u00edan corroborar estas denuncias y ha tomado conocimiento de otros informes preparados por organizaciones de la sociedad civil que denuncian estos hechos.<\/p>\n\n\n\n<p class=\"wp-block-paragraph\">&nbsp;A prop\u00f3sito de estas denuncias, el Comit\u00e9 tambi\u00e9n recibi\u00f3 informaci\u00f3n sobre otros hechos de violencia sexual que habr\u00edan ocurrido en el 2020[4] por parte de las fuerzas armadas y fuerzas policiales colombianas, que a la fecha no han sido sancionados o investigados, lo que podr\u00eda estar generando un mensaje de tolerancia de la violencia contra las mujeres, lo cual ya ha sido ampliamente cuestionado por el sistema interamericano y este Comit\u00e9 [5].<\/p>\n\n\n\n<p class=\"wp-block-paragraph\">Al respecto, el Comit\u00e9 de Expertas recuerda que en estos contextos las mujeres suelen enfrentar afectaciones diferenciadas y desproporcionadas con actos o amenazas de violencia f\u00edsica, psicol\u00f3gica, sexual e institucional por parte de fuerzas de seguridad y la administraci\u00f3n de justicia. Estas situaciones implicar\u00edan graves violaciones a los derechos humanos provocando da\u00f1os irreparables con el objetivo de reprimir, intimidar, humillar [6], castigar o enviar un mensaje a la sociedad que debilita al Estado Democr\u00e1tico de Derecho.&nbsp;<\/p>\n\n\n\n<p class=\"wp-block-paragraph\">Estos hechos deben investigarse afirma y toma en cuenta que considerando el patr\u00f3n de violencia contra las mujeres y no como sucesos aislados como lo se\u00f1ala la Convenci\u00f3n de Bel\u00e9m do Par\u00e1.<\/p>\n\n\n\n<p class=\"wp-block-paragraph\">Por esta raz\u00f3n, se insta al Estado a realizar todas las acciones necesarias para evitar violaciones a los derechos de las mujeres y las ni\u00f1as\/os, as\u00ed como investigarlas con perspectiva de g\u00e9nero. Lo anterior, implica, adelantar investigaciones imparciales fuera de la jurisdicci\u00f3n penal militar; revisar y adecuar los protocolos de actuaci\u00f3n de las fuerzas de seguridad para evitar este tipo de violaciones; mandar un mensaje de cero tolerancia e impunidad den estos casos; y generar protecci\u00f3n espec\u00edfica para mujeres, adolescentes y ni\u00f1as que participan de manifestaciones sociales.&nbsp;<\/p>\n\n\n\n<p class=\"wp-block-paragraph\">Afirma y llama al gobierno de Colombia a que estas investigaciones deben generarse a partir de los principios establecidos en decisiones del Sistema Interamericano sobre casos de violencia sexual, pero que son aplicables a otros casos de violencia de g\u00e9nero, entre los que destacan: i) investigar con perspectiva de g\u00e9nero a trav\u00e9s de funcionarios capacitados; ii) emprender l\u00edneas de investigaci\u00f3n espec\u00edficas; iii) recuperar y preservar el material probatorio; iv) identificar posibles testigos y obtener sus declaraciones; v) informar y considerar a las v\u00edctimas en todo el procedimiento; vi) realizar las declaraciones de las v\u00edctimas en un ambiente c\u00f3modo y seguro, de forma de evitar su repetici\u00f3n; vii) brindar atenci\u00f3n m\u00e9dica y psicol\u00f3gica a las v\u00edctimas; viii) realizar, si son necesarios, ex\u00e1menes m\u00e9dicos y psicol\u00f3gicos id\u00f3neos, respetando la dignidad de las v\u00edctimas; ix) brindarles asistencia jur\u00eddica gratuita; x) evitar su culpabilizar\u00edan, as\u00ed como la existencia de estereotipos y prejuicios de g\u00e9nero; entre otras medidas.<\/p>\n\n\n\n<p class=\"wp-block-paragraph\">Este Comit\u00e9 de Expertas se pone a plena disposici\u00f3n de las autoridades colombianas para cualquier apoyo t\u00e9cnico que pudiesen requerir, ya sea en este caso o cualquier otro relacionado con lo establecido por la Convenci\u00f3n de Bel\u00e9m do Par\u00e1.<\/p>\n\n\n\n<p class=\"wp-block-paragraph\">&nbsp;Notas:<\/p>\n\n\n\n<p class=\"wp-block-paragraph\">[1] Ver https:\/\/www.elpais.com.co\/judicial\/patrullera-denuncio-que-fue-victima-de-abuso-sexual-durante-ataque-a-cai-en-cali.html<\/p>\n\n\n\n<p class=\"wp-block-paragraph\">[2]Informe de Temblores ONG e Indepaz a la CIDH sobre la violaci\u00f3n sistem\u00e1tica de la Convenci\u00f3n Americana y los alcances jurisprudenciales de la Corte IDH con respecto al uso de la fuerza p\u00fablica contra la sociedad civil en Colombia en el marco de las protestas realizadas entre el 28 de Abril y el 12 de Mayo de 2021.<\/p>\n\n\n\n<p class=\"wp-block-paragraph\">[3] Video en Twitter sobre la detenci\u00f3n de la ni\u00f1a que se suicid\u00f3 donde se oye que la misma se queja y grita cuando los efectivos policiales le estaban quitando el pantal\u00f3n mientras la arrastraban y al parecer este es el momento donde la violencia sexual contra la menor se habr\u00eda producido https:\/\/www.wradio.com.co\/noticias\/regionales\/una-menor-se-suicido-luego-de-ser-retenida-por-el-esmad-en-popayan\/20210513\/nota\/4134753.aspx<\/p>\n\n\n\n<p class=\"wp-block-paragraph\">[4] Casos como la violaci\u00f3n de una menor ind\u00edgena de 13 a\u00f1os del pueblo Embera Kat\u00edo por parte de varios soldados de la Brigada 8 del Ej\u00e9rcito colombiano en Risaralda. La agresi\u00f3n y el abuso sexual de una mujer por parte de un patrullero de la Polic\u00eda Nacional al interior de un bus perteneciente a la misma entidad. El homicidio de menores de edad sucedido por la violaci\u00f3n sexual y el feminicidio de una menor de 14 a\u00f1os por parte de un subteniente comandante de la Patrulla Buitres.<\/p>\n\n\n\n<p class=\"wp-block-paragraph\">[5] Corte IDH, Caso Gonz\u00e1lez y otras vs. M\u00e9xico (\u201cCampo Algodonero\u201d), Sentencia de 16 de Noviembre de 2009.<\/p>\n\n\n\n<p class=\"wp-block-paragraph\">[6] Corte IDH, Caso Rosendo Cant\u00fa y otra vs. M\u00e9xico, N 127, Sentencia de 31 de agosto de 2010.<\/p>\n","protected":false},"excerpt":{"rendered":"<p>En las refriegas por el Paro Nacional 103 mujeres fueron v\u00edctimas de violencia de g\u00e9nero y sexual que violan la Bel\u00e9m do Par\u00e1 Asegura tener informes&nbsp;&nbsp;e im\u00e1genes de variadas fuentes&nbsp;&nbsp;que confirman los hechos&nbsp; &nbsp;Redacci\u00f3n SemM\u00e9xico.- Washington DC, 3 de junio&nbsp;&nbsp;2021.-. El Comit\u00e9 de Expertas (CEVI) del Mecanismo de Seguimiento de la \u201cConvenci\u00f3n de Bel\u00e9m do [&hellip;]<\/p>\n","protected":false},"author":3,"featured_media":36389,"comment_status":"open","ping_status":"open","sticky":false,"template":"","format":"standard","meta":{"_monsterinsights_skip_tracking":false,"footnotes":""},"categories":[692,53],"tags":[],"class_list":["post-36388","post","type-post","status-publish","format-standard","has-post-thumbnail","category-692","category-internacional"],"_links":{"self":[{"href":"https:\/\/redsemlac.com\/semmexico\/wp-json\/wp\/v2\/posts\/36388","targetHints":{"allow":["GET"]}}],"collection":[{"href":"https:\/\/redsemlac.com\/semmexico\/wp-json\/wp\/v2\/posts"}],"about":[{"href":"https:\/\/redsemlac.com\/semmexico\/wp-json\/wp\/v2\/types\/post"}],"author":[{"embeddable":true,"href":"https:\/\/redsemlac.com\/semmexico\/wp-json\/wp\/v2\/users\/3"}],"replies":[{"embeddable":true,"href":"https:\/\/redsemlac.com\/semmexico\/wp-json\/wp\/v2\/comments?post=36388"}],"version-history":[{"count":0,"href":"https:\/\/redsemlac.com\/semmexico\/wp-json\/wp\/v2\/posts\/36388\/revisions"}],"wp:featuredmedia":[{"embeddable":true,"href":"https:\/\/redsemlac.com\/semmexico\/wp-json\/wp\/v2\/media\/36389"}],"wp:attachment":[{"href":"https:\/\/redsemlac.com\/semmexico\/wp-json\/wp\/v2\/media?parent=36388"}],"wp:term":[{"taxonomy":"category","embeddable":true,"href":"https:\/\/redsemlac.com\/semmexico\/wp-json\/wp\/v2\/categories?post=36388"},{"taxonomy":"post_tag","embeddable":true,"href":"https:\/\/redsemlac.com\/semmexico\/wp-json\/wp\/v2\/tags?post=36388"}],"curies":[{"name":"wp","href":"https:\/\/api.w.org\/{rel}","templated":true}]}}