{"id":3636,"date":"2019-02-14T20:51:39","date_gmt":"2019-02-14T20:51:39","guid":{"rendered":"https:\/\/redsemlac.com\/semmexico\/?p=3636"},"modified":"2023-07-21T14:47:09","modified_gmt":"2023-07-21T19:47:09","slug":"exigen-a-las-autoridades-que-agilicen-las-investigaciones-y-hagan-uso-de-todos-los-instrumentos-necesarios","status":"publish","type":"post","link":"https:\/\/redsemlac.com\/semmexico\/exigen-a-las-autoridades-que-agilicen-las-investigaciones-y-hagan-uso-de-todos-los-instrumentos-necesarios\/","title":{"rendered":"Exigen a las autoridades que agilicen las investigaciones y hagan uso de todos los instrumentos necesarios."},"content":{"rendered":"\n<p class=\"wp-block-paragraph\"><a href=\"https:\/\/www.semmexico.com\/gallery-post.php?id=7233#\">Josefina Aguilar Pastor,<\/a><\/p>\n\n\n\n<p class=\"wp-block-paragraph\">SemM\u00e9xico. Chilpancingo, Guerrero. 14 de febrero de 2019.- Diputados locales, exigen a las autoridades que agilicen las investigaciones y hagan uso de todos los instrumentos necesarios, para dar con el paradero y presentar con vida a la activista e integrante del Concejo Municipal Comunitario de Ayutla de los Libres, Obtilia Eugenio Manuel, as\u00ed como a Hilario Cornelio Castro, ambos reportados como desaparecidos desde la tarde del pasado martes.<\/p>\n\n\n\n<p class=\"wp-block-paragraph\">Ossiel Pacheco Salas, legislador por el Partido Movimiento de Regeneraci\u00f3n Nacional (Morena), solicit\u00f3 al gobierno de Guerrero implemente las acciones necesarias para brindar protecci\u00f3n a los dem\u00e1s integrantes del Concejo Municipal Comunitario, as\u00ed como de la Casa de los Pueblos, \u201cante la situaci\u00f3n de riesgo en la que se encuentran\u201d<\/p>\n\n\n\n<p class=\"wp-block-paragraph\">Pacheco Salas exhort\u00f3 a la Fiscal\u00eda General del Estado (FGE) a no minimizar las amenazas que la dirigente de la Organizaci\u00f3n de los Pueblos Ind\u00edgenas Me\u2019Phaa (OPIM) recibi\u00f3 en fechas recientes, y en las que se le presionaba para entregar informaci\u00f3n personal de otros dos integrantes del Concejo Municipal Comunitario de Ayutla de los Libres.<\/p>\n\n\n\n<p class=\"wp-block-paragraph\">Solicit\u00f3 a la Secretar\u00eda General de Gobierno acate las recomendaciones de la Comisi\u00f3n Nacional de Derechos Humanos (CNDH) a fin de brindar medidas cautelares encaminadas a localizar a Obtulia Eugenio, e Hilario Cornelio, as\u00ed como brindar seguridad a sus familiares, y compa\u00f1eros de organizaci\u00f3n.<\/p>\n\n\n\n<p class=\"wp-block-paragraph\">En tanto la legisladora perredista&nbsp;&nbsp;Perla X\u00f3chitl Garc\u00eda Silva, hizo un llamado al gobernador del estado para que instruya a las autoridades competentes a desplegar el m\u00e1ximo de recursos a su alcance, hasta lograr la localizaci\u00f3n de la activista; tambi\u00e9n se pronunci\u00f3 por detener la ola de hostigamiento, acoso y persecuci\u00f3n contra dirigentes y l\u00edderes de organizaciones ind\u00edgenas y pueblos originarios.<\/p>\n\n\n\n<p class=\"wp-block-paragraph\">Al mismo tiempo, exigi\u00f3 el pleno respeto a los derechos humanos de todas las personas, m\u00e1xime de aquellas que han asumido la defensa y salvaguarda de los derechos individuales y colectivos.<br><\/p>\n","protected":false},"excerpt":{"rendered":"<p>Josefina Aguilar Pastor, SemM\u00e9xico. Chilpancingo, Guerrero. 14 de febrero de 2019.- Diputados locales, exigen a las autoridades que agilicen las investigaciones y hagan uso de todos los instrumentos necesarios, para dar con el paradero y presentar con vida a la activista e integrante del Concejo Municipal Comunitario de Ayutla de los Libres, Obtilia Eugenio Manuel, [&hellip;]<\/p>\n","protected":false},"author":3,"featured_media":3637,"comment_status":"open","ping_status":"open","sticky":false,"template":"","format":"standard","meta":{"_monsterinsights_skip_tracking":false,"footnotes":""},"categories":[690,50],"tags":[],"class_list":["post-3636","post","type-post","status-publish","format-standard","has-post-thumbnail","category-690","category-congreso"],"_links":{"self":[{"href":"https:\/\/redsemlac.com\/semmexico\/wp-json\/wp\/v2\/posts\/3636","targetHints":{"allow":["GET"]}}],"collection":[{"href":"https:\/\/redsemlac.com\/semmexico\/wp-json\/wp\/v2\/posts"}],"about":[{"href":"https:\/\/redsemlac.com\/semmexico\/wp-json\/wp\/v2\/types\/post"}],"author":[{"embeddable":true,"href":"https:\/\/redsemlac.com\/semmexico\/wp-json\/wp\/v2\/users\/3"}],"replies":[{"embeddable":true,"href":"https:\/\/redsemlac.com\/semmexico\/wp-json\/wp\/v2\/comments?post=3636"}],"version-history":[{"count":0,"href":"https:\/\/redsemlac.com\/semmexico\/wp-json\/wp\/v2\/posts\/3636\/revisions"}],"wp:featuredmedia":[{"embeddable":true,"href":"https:\/\/redsemlac.com\/semmexico\/wp-json\/wp\/v2\/media\/3637"}],"wp:attachment":[{"href":"https:\/\/redsemlac.com\/semmexico\/wp-json\/wp\/v2\/media?parent=3636"}],"wp:term":[{"taxonomy":"category","embeddable":true,"href":"https:\/\/redsemlac.com\/semmexico\/wp-json\/wp\/v2\/categories?post=3636"},{"taxonomy":"post_tag","embeddable":true,"href":"https:\/\/redsemlac.com\/semmexico\/wp-json\/wp\/v2\/tags?post=3636"}],"curies":[{"name":"wp","href":"https:\/\/api.w.org\/{rel}","templated":true}]}}