{"id":3627,"date":"2019-03-18T20:45:57","date_gmt":"2019-03-18T20:45:57","guid":{"rendered":"https:\/\/redsemlac.com\/semmexico\/?p=3627"},"modified":"2023-07-21T14:47:46","modified_gmt":"2023-07-21T19:47:46","slug":"les-decimos-que-son-buena-gente-pero-les-hablamos-poco-de-sus-derechos","status":"publish","type":"post","link":"https:\/\/redsemlac.com\/semmexico\/les-decimos-que-son-buena-gente-pero-les-hablamos-poco-de-sus-derechos\/","title":{"rendered":"Les decimos que son \u201cbuena gente\u201d pero les hablamos poco de sus derechos"},"content":{"rendered":"\n<p class=\"wp-block-paragraph\"><a href=\"https:\/\/www.semmexico.com\/gallery-post.php?id=7270#\">Josefina Aguilar Pastor,<\/a><\/p>\n\n\n\n<p class=\"wp-block-paragraph\">SemM\u00e9xico, Chilpancingo, Gro., 18 febrero 2019.- El diputado local Zeferino G\u00f3mez Valdovinos de Morena dio la nota, al expresar que \u201cla mujer\u201d\u2026\u201dva a dejar de ser el g\u00e9nero d\u00e9bil\u201d.<\/p>\n\n\n\n<p class=\"wp-block-paragraph\">As\u00ed lo dijo durante la apertura del foro \u201cMujer Guerrerense: Alianzas y Retos\u201d, organizado por la Comisi\u00f3n para la Igualdad de G\u00e9nero del Congreso de Estado, en la que tambi\u00e9n pidi\u00f3 un voto de confianza para la Cuarta Transformaci\u00f3n, que ser\u00e1 \u201ctoda una realidad\u201d.<\/p>\n\n\n\n<p class=\"wp-block-paragraph\">Para ello pidi\u00f3 la participaci\u00f3n de la sociedad civil \u201cy del g\u00e9nero de la mujer, ya va a dejar de ser el g\u00e9nero d\u00e9bil, la equidad de g\u00e9nero ser\u00e1 un hecho real no nada m\u00e1s discurso\u201d.<\/p>\n\n\n\n<p class=\"wp-block-paragraph\">A su vez, el diputado Antonio Helguera Jim\u00e9nez, presidente de la Junta de Coordinaci\u00f3n Pol\u00edtica (Jucopo), dijo que un encuentro como este no solo es importante por la coyuntura de violencia y desigualdad que enfrentan en este momento los mujeres, sino que se hace necesario para el avance de un marco jur\u00eddico que ofrezca seguridad y certeza a todas y todos.<\/p>\n\n\n\n<p class=\"wp-block-paragraph\">Adem\u00e1s de garantizar a las mujeres una vida libre de violencia, generar condiciones de igualdad, y acceder a una estricta procuraci\u00f3n e impartici\u00f3n de justicia.<\/p>\n\n\n\n<p class=\"wp-block-paragraph\">Integrar la \u201cagenda legislativa de g\u00e9nero\u201d es una necesidad urgente para la 62 legislatura local, para avanzar en la construcci\u00f3n de un nuevo r\u00e9gimen en el pa\u00eds y hacer un cambio radical en el modelo de desarrollo de la entidad, donde los derechos humanos de las mujeres sean una realidad, y se puedan construir una sociedad equitativa, incluyente, democr\u00e1tica y justa.<\/p>\n\n\n\n<p class=\"wp-block-paragraph\">Helguera Jim\u00e9nez reconoci\u00f3 que la agenda no puede surgir desde un escritorio, debe integrarse con la participaci\u00f3n activa de todos y todas, y de ah\u00ed los distintos grupos parlamentarios, puedan decidir en base a las demanda y planteamientos hechos desde la sociedad, y es necesaria para superar la crisis humanitaria que en Guerrero enfrentan las mujeres.<\/p>\n\n\n\n<p class=\"wp-block-paragraph\"><strong>Todas las mujeres son iguales<\/strong><\/p>\n\n\n\n<p class=\"wp-block-paragraph\">Ver\u00f3nica Mu\u00f1oz Parra, del Partido Revolucionario Institucional (PRI), presidenta de la mesa directiva del Poder Legislativo local, coincidi\u00f3 en la&nbsp; importancia de este tipo de encuentros para formar una agenda legislativa que sea de alianzas y retos.<\/p>\n\n\n\n<p class=\"wp-block-paragraph\">Coment\u00f3 que \u201ctodas las mujeres son iguales y lo que debe distinguirlas, es luchar por las causas de justicia e igualdad\u201d.<\/p>\n\n\n\n<p class=\"wp-block-paragraph\">Existe la costumbre de escuchar hacer comentarios de que las mujeres son \u201cbuena gente, trabajadoras, responsables, solidarias, leales, pero pocas veces les dicen que tiene derechos que se ha ganado \u201ca pulso\u201d\u201d.<\/p>\n\n\n\n<p class=\"wp-block-paragraph\">Yoloczin Dom\u00ednguez Serna, de Morena, dijo que la agenda de g\u00e9nero debe reflejar los derechos de las mujeres.<\/p>\n\n\n\n<p class=\"wp-block-paragraph\">Perla X\u00f3chitl Garc\u00eda Silva, tambi\u00e9n representante de Morena, se dijo orgullosa de las activistas, que han permanecido en la lucha social a costa incluso de su propia vida, ofreci\u00f3 su alianza durante el presente sexenio, \u201cy para adelante si ustedes as\u00ed lo requieren\u201d, termin\u00f3.<\/p>\n\n\n\n<p class=\"wp-block-paragraph\">Norma Otilia Hern\u00e1ndez Mart\u00ednez (Morena), vocal de la Comisi\u00f3n para la Igualdad de G\u00e9nero, hizo un reconocimiento al trabajo que por a\u00f1os han realizado las mujeres desde la sociedad, sin las cuales destac\u00f3 \u201cno estar\u00edamos hablando en este Congreso de paridad de g\u00e9nero\u201d, esto les deja como representantes populares una tarea doble debido a que son producto de esa lucha por la igualdad de g\u00e9nero.<\/p>\n\n\n\n<p class=\"wp-block-paragraph\">Es urgente establecer un marco jur\u00eddico que garantice el pleno respeto de los derechos de las mujeres, \u201choy la lucha de las mujeres ya no puede estar en tribunales, siempre luchando a trav\u00e9s de las instancias, hoy debe estar en la legislaci\u00f3n que permita garantizar los derechos pol\u00edticos de las mujeres\u201d, expuso Hern\u00e1ndez Mart\u00ednez.<\/p>\n\n\n\n<p class=\"wp-block-paragraph\">SEM\/jap\/sj<\/p>\n","protected":false},"excerpt":{"rendered":"<p>Josefina Aguilar Pastor, SemM\u00e9xico, Chilpancingo, Gro., 18 febrero 2019.- El diputado local Zeferino G\u00f3mez Valdovinos de Morena dio la nota, al expresar que \u201cla mujer\u201d\u2026\u201dva a dejar de ser el g\u00e9nero d\u00e9bil\u201d. As\u00ed lo dijo durante la apertura del foro \u201cMujer Guerrerense: Alianzas y Retos\u201d, organizado por la Comisi\u00f3n para la Igualdad de G\u00e9nero del [&hellip;]<\/p>\n","protected":false},"author":3,"featured_media":3628,"comment_status":"open","ping_status":"open","sticky":false,"template":"","format":"standard","meta":{"_monsterinsights_skip_tracking":false,"footnotes":""},"categories":[690,50],"tags":[],"class_list":["post-3627","post","type-post","status-publish","format-standard","has-post-thumbnail","category-690","category-congreso"],"_links":{"self":[{"href":"https:\/\/redsemlac.com\/semmexico\/wp-json\/wp\/v2\/posts\/3627","targetHints":{"allow":["GET"]}}],"collection":[{"href":"https:\/\/redsemlac.com\/semmexico\/wp-json\/wp\/v2\/posts"}],"about":[{"href":"https:\/\/redsemlac.com\/semmexico\/wp-json\/wp\/v2\/types\/post"}],"author":[{"embeddable":true,"href":"https:\/\/redsemlac.com\/semmexico\/wp-json\/wp\/v2\/users\/3"}],"replies":[{"embeddable":true,"href":"https:\/\/redsemlac.com\/semmexico\/wp-json\/wp\/v2\/comments?post=3627"}],"version-history":[{"count":0,"href":"https:\/\/redsemlac.com\/semmexico\/wp-json\/wp\/v2\/posts\/3627\/revisions"}],"wp:featuredmedia":[{"embeddable":true,"href":"https:\/\/redsemlac.com\/semmexico\/wp-json\/wp\/v2\/media\/3628"}],"wp:attachment":[{"href":"https:\/\/redsemlac.com\/semmexico\/wp-json\/wp\/v2\/media?parent=3627"}],"wp:term":[{"taxonomy":"category","embeddable":true,"href":"https:\/\/redsemlac.com\/semmexico\/wp-json\/wp\/v2\/categories?post=3627"},{"taxonomy":"post_tag","embeddable":true,"href":"https:\/\/redsemlac.com\/semmexico\/wp-json\/wp\/v2\/tags?post=3627"}],"curies":[{"name":"wp","href":"https:\/\/api.w.org\/{rel}","templated":true}]}}