{"id":3624,"date":"2019-02-19T20:44:27","date_gmt":"2019-02-19T20:44:27","guid":{"rendered":"https:\/\/redsemlac.com\/semmexico\/?p=3624"},"modified":"2023-07-21T14:47:08","modified_gmt":"2023-07-21T19:47:08","slug":"deficiente-atencion-a-las-mujeres-desde-los-ministerios-publicos-impartidores-de-justicia","status":"publish","type":"post","link":"https:\/\/redsemlac.com\/semmexico\/deficiente-atencion-a-las-mujeres-desde-los-ministerios-publicos-impartidores-de-justicia\/","title":{"rendered":"Deficiente atenci\u00f3n a las mujeres, desde los ministerios p\u00fablicos, impartidores de justicia."},"content":{"rendered":"\n<p class=\"wp-block-paragraph\"><a href=\"https:\/\/www.semmexico.com\/gallery-post.php?id=7275#\">Josefina Aguilar Pastor,<\/a><\/p>\n\n\n\n<p class=\"wp-block-paragraph\">SemM\u00e9xico. Chilpancingo, Guerrero.&nbsp;&nbsp;19 de febrero de 2019.- Urgente capacitaci\u00f3n de los servidores p\u00fablicos en todos los \u00e1mbitos, de las distintas instancias de gobierno, en materia de perspectiva de g\u00e9nero; deficiente atenci\u00f3n a las mujeres, desde los ministerios p\u00fablicos, impartidores de justicia; impulsar leyes que reconozcan y sancionen la violencia digital,&nbsp;&nbsp;entre otras situaciones, concluyen representantes de organizaciones civiles y sociales, regidoras y servidoras p\u00fablicas, durante el foro \u201cMujer Guerrerense: Alianzas y Retos\u201d, organizado por la Comisi\u00f3n para la Igualdad de G\u00e9nero del Congreso de Estado.<\/p>\n\n\n\n<p class=\"wp-block-paragraph\">El foro, estuvo conformado por cinco mesas de trabajo, mismas que al t\u00e9rmino del mismo, presentaron las conclusiones a las que luego de un debate, llegaron las participantes.<\/p>\n\n\n\n<p class=\"wp-block-paragraph\">La mesa 1: \u201cLa paridad de g\u00e9nero en la administraci\u00f3n p\u00fablica en los tres poderes p\u00fablicos\u201d, coordinada por Josabeth Barrag\u00e1n Torres, en la que participaron mujeres de distintas dependencias de gobierno y sociedad civil; concluyeron en la importancia de la profesionalizaci\u00f3n del servidor p\u00fablico; que las unidades de g\u00e9nero tengan una participaci\u00f3n efectivas, que cuenten con presupuesto, estructura org\u00e1nica y jur\u00eddica para que puedan desarrollar sus funciones; implementaci\u00f3n de acciones afirmativas, uso de lenguaje incluyente, para visibilizar el derecho de las mujeres; profesionalizaci\u00f3n de quienes ocupen una cargo en la administraci\u00f3n p\u00fablica, debiendo de capacitarse por lo menos tres meses en cursos de perspectiva de g\u00e9nero; institucionalizaci\u00f3n del servicio p\u00fablico de cerrar en la administraci\u00f3n p\u00fablica, con un sistema debidamente&nbsp;&nbsp;identificado por etapa de ingreso permanencia y retiro del personal \u201cya no m\u00e1s dedazo, amiguismos\u201d.<\/p>\n\n\n\n<p class=\"wp-block-paragraph\">Cumplimiento efectivo de la paridad en los \u00f3rganos de representaci\u00f3n popular; preservar el principio constitucional de paridad de g\u00e9nero en los cargos de elecci\u00f3n popular, y que el principio de paridad, no se vuelva a violentar por los varones que creen que pueden tomar los espacios que le corresponden a las mujeres y; paridad en los organismos, electorales de la Universidad Aut\u00f3noma de Guerrero.<\/p>\n\n\n\n<p class=\"wp-block-paragraph\">En la mesa 2, \u201cResponsabilidad de los ayuntamientos frente a los derechos humanos en las mujeres\u201d, coordinada por Olimpia Jaimes; coincidieron en la necesidad de capacitaci\u00f3n a directivos y funcionarios de los municipios, para que den una buena atenci\u00f3n a las mujeres que requieren apoyo; campa\u00f1as de difusi\u00f3n de los derechos de las mujeres y de las leyes que los garantizan; casas de atenci\u00f3n para las mujeres en situaci\u00f3n de violencia y vulnerabilidad; atenci\u00f3n y seguimiento de las situaci\u00f3n de las mujeres y que el Congreso de seguimiento y asignaci\u00f3n de recursos para que los programas puedan trabajar, en los municipios con perspectiva de g\u00e9nero.<\/p>\n\n\n\n<p class=\"wp-block-paragraph\">En la mesa 3, \u201cPerspectiva de g\u00e9nero en las resoluciones jurisdiccionales\u201d; coordinada por&nbsp;&nbsp;Mar\u00eda del Rosario Mu\u00f1iz Quezada, concluyeron que no se transversaliza la perspectiva de g\u00e9nero como regla de trato, sino como una real procesal y de valoraci\u00f3n en las decisiones jurisdiccionales; no hay&nbsp;&nbsp;un trabajo previo con perspectiva de g\u00e9nero, sin la cual,&nbsp;&nbsp;el juez o quien resuelva no podr\u00e1 abordar el tema; no hay una debida protecci\u00f3n de los derechos humanos; homologar el c\u00f3digo penal&nbsp;&nbsp;con la norma 046; que las agencias del ministerio p\u00fablico sean evaluadas con perspectiva de g\u00e9nero, tomando en cuenta que en aquellos lugares donde no hay una agencia especializada, es la del fuero com\u00fan la que se hace cargo de los casos que tienen que ver con la perspectiva de g\u00e9nero; falta de&nbsp;&nbsp;acceso la justicia efectivo y un espacio de participaci\u00f3n real para las mujeres; que las \u00f3rdenes de protecci\u00f3n de naturaleza civil y emergentes, tengan que ser suplidas por los jueces cuando no hayan sido solicitadas por el defensor;&nbsp;&nbsp;aplicaci\u00f3n de la perspectiva de g\u00e9nero por las autoridades administrativas no solo jurisdiccionales; evaluaci\u00f3n con perspectiva de g\u00e9nero de todos los espacios p\u00fablicos; que todo servidor o servidora p\u00fablica que no atienda&nbsp;&nbsp;con perspectiva de g\u00e9nero sea sancionada.<\/p>\n\n\n\n<p class=\"wp-block-paragraph\">La mesa 4: \u201cViolencia Digital\u201d, coordinada por Yolitzin Jaimes Rend\u00f3n; concluy\u00f3 en la necesidad de reconocer la violencia digital como una realidad grave que padecen las mujeres y ni\u00f1as; debido a la generaci\u00f3n de mercados de explotaci\u00f3n virtual, en el que mujeres, adolescentes y ni\u00f1as, est\u00e1n siendo obligadas a pr\u00e1cticas sexuales, a vender sus cuerpos bajo amenazas, extorsi\u00f3n, de publicar&nbsp;&nbsp;&nbsp;fotograf\u00edas intimas, videos \u00edntimos; tomar en consideraci\u00f3n todos los tipos de violencia digital; capacitaci\u00f3n a todo el personal de todas las instanciasen este tema;&nbsp;&nbsp;dieron a conocer la propuesta de iniciativa de reforma y adici\u00f3n al t\u00edtulo 5, capitulo 1; relacionado a delitos contra&nbsp;&nbsp;la libertad y el normal desarrollo psicosexual establecido en el c\u00f3digo penal del Estado de Guerrero, para tipificar el delito de violencia digital.<\/p>\n\n\n\n<p class=\"wp-block-paragraph\">En la mesa 5, \u201cDerechos humanos de mujeres periodistas y defensoras de derechos humanos\u201d, propusieron&nbsp;&nbsp;revisar el art\u00edculo 298, del c\u00f3digo penal del Estado&nbsp;&nbsp;de Guerrero&nbsp;&nbsp;que habla del uso indebido de informaci\u00f3n sobre actividades de las instituciones de seguridad p\u00fablica, procuraci\u00f3n e impartici\u00f3n de justicia y del sistema penitenciario que podr\u00eda usarse para el ejercicio period\u00edstico; armonizaci\u00f3n y revisi\u00f3n&nbsp;&nbsp;la leyes existentes en el Estado que se encuentran archivadas o en proceso de revisi\u00f3n en el congreso y que tienen que ver con la protecci\u00f3n de defensores de derechos humanos y periodistas; impulsar una ley incluyente para la prevenci\u00f3n, protecci\u00f3n investigaci\u00f3n, y reparaci\u00f3n integral para las personas defensoras de derechos humanos y periodista&nbsp;&nbsp;del estado de Guerrero y revisi\u00f3n de la ley 463&nbsp;&nbsp;para el bienestar integral de los periodistas del Estado de Guerrero para implementar la inclusi\u00f3n de la perspectiva de g\u00e9nero e incorporar la libertad de expresi\u00f3n cuando se hable del apoyo jur\u00eddico y la protecci\u00f3n a los periodistas.<\/p>\n\n\n\n<p class=\"wp-block-paragraph\">Norma Otilia Hern\u00e1ndez Mart\u00ednez, integrante de la Comisi\u00f3n para la Igualdad de G\u00e9nero del Congreso del Estado, organizadora de este evento, coment\u00f3 que dichas propuestas ser\u00e1n incorporadas a la agenda de g\u00e9nero del Poder Legislativo, y dadas a conocer el pr\u00f3ximo 8 de marzo, en el marco del D\u00eda Internacional de la Mujer.<\/p>\n","protected":false},"excerpt":{"rendered":"<p>Josefina Aguilar Pastor, SemM\u00e9xico. Chilpancingo, Guerrero.&nbsp;&nbsp;19 de febrero de 2019.- Urgente capacitaci\u00f3n de los servidores p\u00fablicos en todos los \u00e1mbitos, de las distintas instancias de gobierno, en materia de perspectiva de g\u00e9nero; deficiente atenci\u00f3n a las mujeres, desde los ministerios p\u00fablicos, impartidores de justicia; impulsar leyes que reconozcan y sancionen la violencia digital,&nbsp;&nbsp;entre otras situaciones, [&hellip;]<\/p>\n","protected":false},"author":3,"featured_media":3625,"comment_status":"open","ping_status":"open","sticky":false,"template":"","format":"standard","meta":{"_monsterinsights_skip_tracking":false,"footnotes":""},"categories":[690,50],"tags":[],"class_list":["post-3624","post","type-post","status-publish","format-standard","has-post-thumbnail","category-690","category-congreso"],"_links":{"self":[{"href":"https:\/\/redsemlac.com\/semmexico\/wp-json\/wp\/v2\/posts\/3624","targetHints":{"allow":["GET"]}}],"collection":[{"href":"https:\/\/redsemlac.com\/semmexico\/wp-json\/wp\/v2\/posts"}],"about":[{"href":"https:\/\/redsemlac.com\/semmexico\/wp-json\/wp\/v2\/types\/post"}],"author":[{"embeddable":true,"href":"https:\/\/redsemlac.com\/semmexico\/wp-json\/wp\/v2\/users\/3"}],"replies":[{"embeddable":true,"href":"https:\/\/redsemlac.com\/semmexico\/wp-json\/wp\/v2\/comments?post=3624"}],"version-history":[{"count":0,"href":"https:\/\/redsemlac.com\/semmexico\/wp-json\/wp\/v2\/posts\/3624\/revisions"}],"wp:featuredmedia":[{"embeddable":true,"href":"https:\/\/redsemlac.com\/semmexico\/wp-json\/wp\/v2\/media\/3625"}],"wp:attachment":[{"href":"https:\/\/redsemlac.com\/semmexico\/wp-json\/wp\/v2\/media?parent=3624"}],"wp:term":[{"taxonomy":"category","embeddable":true,"href":"https:\/\/redsemlac.com\/semmexico\/wp-json\/wp\/v2\/categories?post=3624"},{"taxonomy":"post_tag","embeddable":true,"href":"https:\/\/redsemlac.com\/semmexico\/wp-json\/wp\/v2\/tags?post=3624"}],"curies":[{"name":"wp","href":"https:\/\/api.w.org\/{rel}","templated":true}]}}