{"id":3621,"date":"2019-02-19T20:42:48","date_gmt":"2019-02-19T20:42:48","guid":{"rendered":"https:\/\/redsemlac.com\/semmexico\/?p=3621"},"modified":"2023-07-21T14:47:08","modified_gmt":"2023-07-21T19:47:08","slug":"como-funcionario-el-delegado-no-tenia-derecho-a-anular-su-voz-recalca-la-diputada-y-eso-es-violencia","status":"publish","type":"post","link":"https:\/\/redsemlac.com\/semmexico\/como-funcionario-el-delegado-no-tenia-derecho-a-anular-su-voz-recalca-la-diputada-y-eso-es-violencia\/","title":{"rendered":"Como funcionario, el delegado no ten\u00eda derecho a anular su voz, recalca la diputada \u201cy eso es violencia\u201d."},"content":{"rendered":"\n<p class=\"wp-block-paragraph\"><a href=\"https:\/\/www.semmexico.com\/gallery-post.php?id=7277#\">Josefina Aguilar Pastor,<\/a><\/p>\n\n\n\n<p class=\"wp-block-paragraph\">SemM\u00e9xico. Chilpancingo, Guerrero, 19 de febrero de 2019.- Saida Reyes Iruegas, diputada local, integrante de la Comisi\u00f3n de Educaci\u00f3n en el Congreso del Estado, denunci\u00f3 de violencia de g\u00e9nero, al delegado de la Secretar\u00eda de Educaci\u00f3n P\u00fablica (SEP), Jaime Villapando, por lo que anunci\u00f3 un llamado de atenci\u00f3n desde el Poder Legislativo para el funcionario, y la solicitud de una disculpa p\u00fablica.<\/p>\n\n\n\n<p class=\"wp-block-paragraph\">Dicha agresi\u00f3n explic\u00f3 la representante de Morena, se dio el viernes pasado, durante una conferencia de prensa, que ofreci\u00f3 con el tema de las prepas populares, luego de una reuni\u00f3n, tanto con los representantes de estas instituciones, de la Secretaria de Educaci\u00f3n Guerrero (SEG), y de la SEP,&nbsp;&nbsp;a trav\u00e9s del delegado.<\/p>\n\n\n\n<p class=\"wp-block-paragraph\">La discusi\u00f3n se dio, luego de que ella, se opuso a la forma en que tanto la Universidad Aut\u00f3noma de Guerrero (UAGro) y la SEP, pretende distribuir el financiamiento a las prepas populares, en las que han detectado irregularidades en el manejo del recurso que reciben \u201chubo enfrentamiento entre Jaime Villalpando delegado de la Secretar\u00eda de Educaci\u00f3n P\u00fablica en Guerrero conmigo\u201d, expuso la diputada.<\/p>\n\n\n\n<p class=\"wp-block-paragraph\">El funcionario la contravino, bajo el argumento de que se exced\u00eda en sus funciones como diputada, y que no le correspond\u00eda hacer propuestas en la forma de distribuci\u00f3n del financiamiento ni vigilar la aplicaci\u00f3n del mismo, que lo \u00fanico que le compet\u00eda, era autorizar el presupuesto; \u201cpr\u00e1cticamente perdi\u00f3 el control y me levant\u00f3 la voz, despu\u00e9s, cuando fuimos a la rueda de prensa fui interrumpida por \u00e9l, estaba haciendo mi participaci\u00f3n y en ese momento me quita la palabra y&nbsp;&nbsp;dice \u2018lo que la diputada quiso decir\u2019 \u2026 no quer\u00eda que dijera que no estaba de acuerdo, de eso hay videos de la interrupci\u00f3n que hizo y de c\u00f3mo me quiere silenciar, anular mi participaci\u00f3n\u201d.<\/p>\n\n\n\n<p class=\"wp-block-paragraph\">Como funcionario, el delegado no ten\u00eda derecho a anular su voz, recalca la diputada \u201cy eso es violencia\u201d. Por estos hechos Reyes Iruegas dio a conocer que presentar\u00e1 la queja primero al interior del Congreso y desde ah\u00ed, se haga un llamado de atenci\u00f3n al funcionario por haber hecho lo que hizo \u201cporque esto no puede dejarse pasar, hacerlo ser\u00eda dar pie a que se sigan presentando este tipo de eventos y tratando de acallar las voces de los representantes especialmente cuando somos mujeres\u201d, reiter\u00f3.<\/p>\n\n\n\n<p class=\"wp-block-paragraph\">Este mismo llamado, solicitar\u00e1 dijo, una disculpa p\u00fablica, ya que el agravio, se dio de esa manera, en un acto p\u00fablico.<\/p>\n\n\n\n<p class=\"wp-block-paragraph\">Norma Otlia Hern\u00e1ndez Mart\u00ednez, tambi\u00e9n integrante de la fracci\u00f3n parlamentaria de Morena, se\u00f1al\u00f3 que esto es una prueba m\u00e1s de que sigue imperando la intolerancia por falta de perspectiva de g\u00e9nero, de formaci\u00f3n, en la que los funcionarios siguen violentando los derechos de las mujeres y manifest\u00f3 su respaldo a su compa\u00f1era de bancada&nbsp;&nbsp;\u201cporque esto ya no puede pasar que se sigan violentado los derechos pol\u00edticos y humanos de las mujeres\u201d.<\/p>\n\n\n\n<p class=\"wp-block-paragraph\">Admiti\u00f3 que este tema es uno de los grandes pendientes de la agenda de g\u00e9nero, que tiene que legislarse, sin embargo apunt\u00f3 que no se trata solo de proponer protocolos o una legislaci\u00f3n, se debe vigilar que se cumpla la ley e imponer sanciones para quienes no est\u00e9n preparados para un puesto \u201cno me imagino como ha de tratar a su personal y eso que estamos hablando de un funcionario de nivel y ella es una representante popular el otro es un servidor p\u00fablico\u201d, agreg\u00f3 que&nbsp;&nbsp;dar\u00e1n seguimiento e impulsar\u00e1n un punto de acuerdo con este tema.<\/p>\n","protected":false},"excerpt":{"rendered":"<p>Josefina Aguilar Pastor, SemM\u00e9xico. Chilpancingo, Guerrero, 19 de febrero de 2019.- Saida Reyes Iruegas, diputada local, integrante de la Comisi\u00f3n de Educaci\u00f3n en el Congreso del Estado, denunci\u00f3 de violencia de g\u00e9nero, al delegado de la Secretar\u00eda de Educaci\u00f3n P\u00fablica (SEP), Jaime Villapando, por lo que anunci\u00f3 un llamado de atenci\u00f3n desde el Poder Legislativo [&hellip;]<\/p>\n","protected":false},"author":3,"featured_media":3622,"comment_status":"open","ping_status":"open","sticky":false,"template":"","format":"standard","meta":{"_monsterinsights_skip_tracking":false,"footnotes":""},"categories":[690,50],"tags":[],"class_list":["post-3621","post","type-post","status-publish","format-standard","has-post-thumbnail","category-690","category-congreso"],"_links":{"self":[{"href":"https:\/\/redsemlac.com\/semmexico\/wp-json\/wp\/v2\/posts\/3621","targetHints":{"allow":["GET"]}}],"collection":[{"href":"https:\/\/redsemlac.com\/semmexico\/wp-json\/wp\/v2\/posts"}],"about":[{"href":"https:\/\/redsemlac.com\/semmexico\/wp-json\/wp\/v2\/types\/post"}],"author":[{"embeddable":true,"href":"https:\/\/redsemlac.com\/semmexico\/wp-json\/wp\/v2\/users\/3"}],"replies":[{"embeddable":true,"href":"https:\/\/redsemlac.com\/semmexico\/wp-json\/wp\/v2\/comments?post=3621"}],"version-history":[{"count":0,"href":"https:\/\/redsemlac.com\/semmexico\/wp-json\/wp\/v2\/posts\/3621\/revisions"}],"wp:featuredmedia":[{"embeddable":true,"href":"https:\/\/redsemlac.com\/semmexico\/wp-json\/wp\/v2\/media\/3622"}],"wp:attachment":[{"href":"https:\/\/redsemlac.com\/semmexico\/wp-json\/wp\/v2\/media?parent=3621"}],"wp:term":[{"taxonomy":"category","embeddable":true,"href":"https:\/\/redsemlac.com\/semmexico\/wp-json\/wp\/v2\/categories?post=3621"},{"taxonomy":"post_tag","embeddable":true,"href":"https:\/\/redsemlac.com\/semmexico\/wp-json\/wp\/v2\/tags?post=3621"}],"curies":[{"name":"wp","href":"https:\/\/api.w.org\/{rel}","templated":true}]}}