{"id":3618,"date":"2019-02-19T20:40:53","date_gmt":"2019-02-19T20:40:53","guid":{"rendered":"https:\/\/redsemlac.com\/semmexico\/?p=3618"},"modified":"2023-07-21T14:47:08","modified_gmt":"2023-07-21T19:47:08","slug":"cese-a-la-impunidad-pide-periodista-en-foro-de-violencia-politica-contra-las-mujeres","status":"publish","type":"post","link":"https:\/\/redsemlac.com\/semmexico\/cese-a-la-impunidad-pide-periodista-en-foro-de-violencia-politica-contra-las-mujeres\/","title":{"rendered":"Cese a la impunidad pide periodista en foro de Violencia Pol\u00edtica contra las Mujeres"},"content":{"rendered":"\n<p class=\"wp-block-paragraph\"><a href=\"https:\/\/www.semmexico.com\/gallery-post.php?id=7287#\">Redacci\u00f3n<\/a><\/p>\n\n\n\n<p class=\"wp-block-paragraph\"><strong>Argelia Guevara<\/strong><\/p>\n\n\n\n<p class=\"wp-block-paragraph\">SemM\u00e9xico. Cd. de M\u00e9xico. 19 de febrero de 2019.- La Comisi\u00f3n de Igualdad debe incluir en sus reflexiones y acciones la tremenda impunidad que rodea a la violencia pol\u00edtica contra las mujeres, como es el caso en impunidad de Ma. del Sol Cruz Jarqu\u00edn acribillada el 2 de junio, al lado de Pamela Ter\u00e1n Pineda y su chofer en Juchit\u00e1n de Zaragoza, Oaxaca, pidi\u00f3 la periodista Sara Lovera al foro del parlamento abierto que discuti\u00f3 la violencia pol\u00edtica de g\u00e9nero, reuni\u00f3n en la C\u00e1mara de Diputados.<\/p>\n\n\n\n<p class=\"wp-block-paragraph\">Ah\u00ed la diputada perredista Guadalupe Almaguer afirm\u00f3 que, en un punto de acuerdo, de hace semanas en que pidi\u00f3 justicia para la fot\u00f3grafa Ma. del Sol Cruz Jarqu\u00edn, est\u00e1 atorado el dictamen aprobatorio y que no se ha llevado a la discusi\u00f3n de la asamblea.<\/p>\n\n\n\n<p class=\"wp-block-paragraph\">En ese sentido diputadas presentes y p\u00fablico en general&nbsp;&nbsp;tambi\u00e9n manifestaron que es fundamental que un nuevo cuerpo legal sobre la violencia pol\u00edtica contra las mujeres ha de considerar a familiares o acompa\u00f1antes que por desgracia estaban en el momento del crimen.<\/p>\n\n\n\n<p class=\"wp-block-paragraph\">La periodista entreg\u00f3 un documento de 18 cuartillas a la presidenta de la Comisi\u00f3n de Igualdad, Mar\u00eda Wendy Brice\u00f1o para que apure el acuerdo, y que los cr\u00edmenes como este sean incorporados a la ley, se d\u00e9 seguimiento y se procure lo que en el caso ha faltado, justicia y no&nbsp;&nbsp;impunidad.<\/p>\n\n\n\n<p class=\"wp-block-paragraph\">En el foro,&nbsp;&nbsp;donde participaron 5 expertas o estudiosas del tema, se dej\u00f3 en claro que no es posible abordar la violencia pol\u00edtica contra las mujeres, si no se considera el contexto y no se hace desde la C\u00e1mara de Diputados una reconvenci\u00f3n a las autoridades judiciales, electorales y estatales para que act\u00faen.<\/p>\n\n\n\n<p class=\"wp-block-paragraph\">Se ha podido documentar que la violencia que arranc\u00f3 de la vida, al menos a 19 candidatas o pol\u00edticas en 2018, produce secuelas, dolores colaterales que ahondan la desconfianza y la incredulidad en una justicia que en M\u00e9xico no existe, como explic\u00f3 la periodista, en un espacio de tres minutos para plantear la impunidad y la injusticia en el caso de Juchit\u00e1n de Zaragoza en junio \u00faltimo, donde adem\u00e1s demand\u00f3 que se analice el contexto pol\u00edtico de ese crimen y los intereses econ\u00f3micos que est\u00e1n detr\u00e1s.<\/p>\n\n\n\n<p class=\"wp-block-paragraph\">Mar\u00eda del Sol Cruz Jarqu\u00edn, quien era jefa del Departamento de Comunicaci\u00f3n Ind\u00edgena Intercultural de la Secretar\u00eda de Asuntos Ind\u00edgenas del Gobierno de Oaxaca, SAI, fue enviada a finales de abril pasado por su jefe Francisco Javier Montero L\u00f3pez, para preparar, primero, y despu\u00e9s apoyar con su trabajo como fot\u00f3grafa y videasta, la campa\u00f1a de su hermano Hageo Montero L\u00f3pez candidato a la presidencia municipal de Juchit\u00e1n, quien le advirti\u00f3 que de no hacerlo perder\u00eda su empleo.<\/p>\n\n\n\n<p class=\"wp-block-paragraph\">Eso, puntualiz\u00f3 la periodista es un delito electoral que no han resuelto las autoridades, y aunque el tribunal electoral ya conden\u00f3 el hecho, el se\u00f1or Hageo Montero L\u00f3pez est\u00e1 ejerciendo como regidor. No existe justicia electoral, deben ser reconvenidas esas autoridades por las diputadas, agreg\u00f3. Haberla obligado a apoyar al hermano del Secretario, es un delito electoral clar\u00edsimo, que hoy permanece en la impunidad.<\/p>\n\n\n\n<p class=\"wp-block-paragraph\">Tampoco ha habido justicia desde la Fiscal\u00eda del Estado de Oaxaca, pudieron identificar a uno de los autores materiales y lo dejaron libre. Durante meses esa fiscal\u00eda ha solicitado a la familia de Ma. del Sol, todo, dijo la periodista, hasta su acta de nacimiento \u201cpara saber si existi\u00f3\u201d y es hora que sus pertenencias, c\u00e1mara, computadora y otras cosas, no se les ha entregado a la familia; sistem\u00e1ticamente hay reuniones, pero no hay soluciones, \u201cqu\u00e9 es esto\u201d pregunt\u00f3 a las expertas Sara Lovera, la repetici\u00f3n y la injusticia, la falta de probidad y la estulticia. \u00bfQu\u00e9 har\u00e1n? pregunt\u00f3 y cit\u00f3 otros ejemplos. Habl\u00f3 del punto de acuerdo archivado en el Congreso, que hizo la diputada Almaguer. La mesa estaba como sorprendida, recibi\u00f3 todo el expediente. No se dijo qu\u00e9 compromiso o acciones se har\u00e1n en el futuro inmediato.<\/p>\n\n\n\n<p class=\"wp-block-paragraph\"><strong>Hechos y contexto<\/strong><\/p>\n\n\n\n<p class=\"wp-block-paragraph\">En 2016, Pamela Ter\u00e1n Pineda contendi\u00f3 por la v\u00eda independiente a la presidencia municipal de Juchit\u00e1n de Zaragoza, fue derrotada por la perredista Gloria S\u00e1nchez L\u00f3pez. Ter\u00e1n Pineda era hija de Juan Ter\u00e1n, quien ha sido acusado de narcotr\u00e1fico y de cometer diversos cr\u00edmenes en la regi\u00f3n. Entre los antecedentes familiares de Gloria S\u00e1nchez L\u00f3pez destaca el hecho de que su hermano H\u00e9ctor S\u00e1nchez L\u00f3pez fue uno de los impulsores de la COCEI y posterior presidente municipal (1989-1993). M\u00e1s tarde dirigente estatal del PRD.<\/p>\n\n\n\n<p class=\"wp-block-paragraph\">Como qued\u00f3 en segundo lugar, Pamela fue designada regidora de Energ\u00eda, una regidur\u00eda que no exist\u00eda y que fue creada ex profeso para ella dentro del gobierno municipal que encabezaba Gloria S\u00e1nchez L\u00f3pez y cuya gesti\u00f3n concluy\u00f3 el 31 de diciembre.<\/p>\n\n\n\n<p class=\"wp-block-paragraph\">Pamela Ter\u00e1n decidi\u00f3 en 2018 ser parte de la planilla del PRI-PVEM-PNA, ocupando la segunda posici\u00f3n. Aunque hab\u00eda revelado su intenci\u00f3n de buscar la presidencia municipal nuevamente como candidata independiente y tras rechazar el ofrecimiento de varios partidos pol\u00edticos, entre ellos, de la coalici\u00f3n Juntos Haremos Historia. Dentro de la planilla del PRI-PVEM-PNA, el candidato a la alcald\u00eda de Juchit\u00e1n fue designado Hageo Montero L\u00f3pez, integrante de una familia encabezada por el pastor evang\u00e9lico Porfirio Montero, quien tambi\u00e9n ha estado inmerso en la pol\u00edtica y ha sido negociador de Jos\u00e9 Murat Casab, ex gobernador de Oaxaca, en las negociaciones entre pobladores de Juchit\u00e1n y las empresas e\u00f3licas. Es un hombre de amplio poder econ\u00f3mico y pol\u00edtico en la zona y hermano del entonces titular de la Secretar\u00eda de Asuntos Ind\u00edgenas (SAI), Francisco Javier Montero L\u00f3pez, del gobierno que encabeza Alejandro Murat Hinojosa.<\/p>\n\n\n\n<p class=\"wp-block-paragraph\">Como se informa Mar\u00eda del Sol Cruz Jarqu\u00edn, quien era jefa del Departamento de Comunicaci\u00f3n Ind\u00edgena Intercultural de la SAI, fue enviada a finales de abril pasado por su jefe Francisco Javier Montero L\u00f3pez, para preparar, primero, y despu\u00e9s apoyar con su trabajo como fot\u00f3grafa y videasta, la campa\u00f1a de su hermano Hageo Montero L\u00f3pez candidato a la presidencia municipal de Juchit\u00e1n, quien le advirti\u00f3 que de no hacerlo perder\u00eda su empleo.<\/p>\n\n\n\n<p class=\"wp-block-paragraph\">El 2 de junio se cometi\u00f3 un triple asesinato en Juchit\u00e1n de Zaragoza contra Pamela Ter\u00e1n Pineda, Mar\u00eda del Sol Cruz Jarqu\u00edn y Adelfo Guerra Jim\u00e9nez, \u00e9ste \u00faltimo chofer de la concejala con licencia.<\/p>\n\n\n\n<p class=\"wp-block-paragraph\">De acuerdo con familiares de Juan Ter\u00e1n \u2013 Juan Carlos Ter\u00e1n Pineda y Samara Ter\u00e1n, hermano y prima de Pamela- el crimen no ten\u00eda nada que ver con un ajuste de cuentas entre narcotraficantes sino ten\u00eda fines pol\u00edticos, dada la enorme influencia de Pamela en el municipio, lo que habr\u00eda generado una disputa por quien encabezar\u00eda la planilla del PRI-PVEM-PNA una vez que ella acept\u00f3, y por el otro la disputa por los cotos de poder que se hab\u00edan generado con grupos opositores a la instalaci\u00f3n de la e\u00f3licas, lo que acrecent\u00f3 la distancia con la presidenta municipal Gloria S\u00e1nchez L\u00f3pez.<\/p>\n\n\n\n<p class=\"wp-block-paragraph\">Sin embargo, la noche del crimen, tanto Pamela como Mar\u00eda del Sol eran acompa\u00f1adas por personas que trabajaban directamente con Hageo Montero L\u00f3pez, uno de los cuales (J.G.L.) fue se\u00f1alado como uno de los presuntos autores materiales del triple homicidio, y que el juez de la causa de Juchit\u00e1n, Omar Morales Sim\u00f3n, determin\u00f3 no vincular a proceso en septiembre pasado. El otro acompa\u00f1ante (<a href=\"http:\/\/j.e.ch\/\" target=\"_blank\" rel=\"noreferrer noopener\">J.E.CH<\/a>), quien iba junto con las dos mujeres y el chofer, cuando fueron acribilladas, result\u00f3 con una lesi\u00f3n leve, a pesar de que caminaba detr\u00e1s de ellas. Este no ha sido localizado por la Fiscal\u00eda.<\/p>\n\n\n\n<p class=\"wp-block-paragraph\">Despu\u00e9s de la detenci\u00f3n de JGL y del manejo de un presunto \u201ctestigo protegido\u201d por parte del Fiscal\u00eda General de Justicia del Estado de Oaxaca, el expediente criminal no ha tenido ning\u00fan avance. (Carpeta de investigaci\u00f3n 2552\/JU\/2018, radicada en la Fiscal\u00eda General de Justicia del Estado).<\/p>\n\n\n\n<p class=\"wp-block-paragraph\"><strong>Procedimiento Especial Sancionador<\/strong><\/p>\n\n\n\n<p class=\"wp-block-paragraph\">La familia de Mar\u00eda del Sol Cruz Jarqu\u00edn interpuso un Procedimiento Especial Sancionador ante el Instituto Estatal Electoral y de Participaci\u00f3n Ciudadana de Oaxaca (Expediente CQDPCE\/PES\/074\/2018 Comisi\u00f3n de Quejas y Denuncias o Procedimiento Contencioso Electoral) y aport\u00f3 pruebas documentales, fotograf\u00edas y videos sobre el trabajo realizado de Mar\u00eda del Sol Cruz Jarqu\u00edn en la campa\u00f1a pol\u00edtica del candidato del PRI-PVEM-PNA, desde abril y hasta el 1 de junio, fecha en que realiz\u00f3 trabajo de fotograf\u00eda y video en los m\u00edtines de campa\u00f1a en las agencias municipales de La Venta y La Ventosa.<\/p>\n\n\n\n<p class=\"wp-block-paragraph\">Cabe se\u00f1alar que despu\u00e9s del atentado en que perdi\u00f3 la vida,&nbsp;<a href=\"http:\/\/h.a.ch\/\" target=\"_blank\" rel=\"noreferrer noopener\">H.A.CH<\/a>, quien ocupa una direcci\u00f3n en la Secretar\u00eda de Asuntos Ind\u00edgenas acudi\u00f3 al hotel donde se hospedaba Mar\u00eda del Sol, para recoger sus pertenencias. Personal del hotel le permiti\u00f3 entrar a la habitaci\u00f3n de donde recogi\u00f3 sus pertenencias personales y el equipo de trabajo (c\u00e1maras fotogr\u00e1ficas, de video, computadora y tripies). Esto ocurri\u00f3 alrededor de las 08:00 de la ma\u00f1ana. Unas dos horas despu\u00e9s devolvi\u00f3 la maleta y la mochila tipo back pack. Cuando las hermanas de Mar\u00eda del Sol acudieron por sus pertenencias al filo de las 17:00 al hotel a recoger sus pertenencias se percataron que la mochila estaba vac\u00eda y que el equipo de trabajo, propiedad de Mar\u00eda del Sol, hab\u00eda desaparecido.<\/p>\n\n\n\n<p class=\"wp-block-paragraph\">Tambi\u00e9n se pudo constatar en el tel\u00e9fono celular de Mar\u00eda del Sol que hab\u00eda sido eliminada de los grupos de WhatsApp tanto de la SAI como del equipo de campa\u00f1a de Hageo Montero L\u00f3pez, en su pretensi\u00f3n de borrar toda evidencia de su presencia en Juchit\u00e1n de Zaragoza para trabajar, por \u00f3rdenes de su jefe, en la campa\u00f1a pol\u00edtica.<\/p>\n\n\n\n<p class=\"wp-block-paragraph\">A ra\u00edz de la queja el Tribunal Electoral de Oaxaca, el 8 de octubre, reconoci\u00f3 la comisi\u00f3n de infracciones en materia electoral, consistente en la utilizaci\u00f3n de recursos p\u00fablicos transgrediendo el principio de imparcialidad que rige los procesos electorales. Dicho Tribunal impuso una multa apenas superior a los 20 mil pesos para el candidato a primer concejal de Juchit\u00e1n de Zaragoza, Hageo Montero L\u00f3pez, y dio vista al gobernador Alejandro Murat para que sancionara a quien fuera el titular de la SAI. Hasta la fecha el titular del Ejecutivo estatal no ha dado a conocer la sanci\u00f3n respectiva para su ex colaborador, quien renunci\u00f3 al cargo el 3 de junio, un d\u00eda despu\u00e9s del asesinato.<\/p>\n\n\n\n<p class=\"wp-block-paragraph\">La familia impugn\u00f3 la resoluci\u00f3n ante el Tribunal Electoral del Poder Judicial de la Federaci\u00f3n, Sala Xalapa, mantiene el criterio por la comisi\u00f3n de infracciones en materia electoral por parte del ex titular de la SAI, Francisco Javier Montero L\u00f3pez, y de su hermano, el ex candidato a presidente municipal de Juchit\u00e1n de Zaragoza, Hageo Montero L\u00f3pez, a quienes adem\u00e1s, los magistrados electorales de la Sala Xalapa les imponen sanciones econ\u00f3micas a ambos, las cuales no deber\u00e1n ser menores a los 20 mil 150 pesos que hab\u00eda impuesto el TEEO.<\/p>\n\n\n\n<p class=\"wp-block-paragraph\"><strong>La Fepade<\/strong><\/p>\n\n\n\n<p class=\"wp-block-paragraph\">El 5 de junio, la familia de Mar\u00eda del Sol Cruz Jarqu\u00edn ratific\u00f3 la denuncia por Delito Electoral en contra de Francisco Montero L\u00f3pez y su hermano Hageo Montero L\u00f3pez, se presentaron diversas pruebas documentales, videogr\u00e1ficas y fotogr\u00e1ficas. La Ministerio P\u00fablico, Norma Mart\u00ednez, realiz\u00f3 diversas entrevistas de actores involucrados tanto de la SAI como de colaboradores de Hageo Montero L\u00f3pez, quienes en su mayor\u00eda se negaron a reconocer los hechos. Lo anterior porque la mayor\u00eda del personal de mandos medios y superiores que laboran en la SAI obedecen a los intereses de su ex jefe Francisco Javier, considerando que el gobernador Alejandro Murat, cinco meses despu\u00e9s no ha nombrado un o una nueva titular en la dependencia, lo que les dio amplio margen de manipulaci\u00f3n con los y las trabajadoras.<\/p>\n\n\n\n<p class=\"wp-block-paragraph\">Hasta la fecha la Fiscal\u00eda Especializada en Delitos Electorales, a cargo de Araceli Pinelo L\u00f3pez, no ha vinculado a proceso la denuncia presentada.<\/p>\n\n\n\n<p class=\"wp-block-paragraph\">La sanci\u00f3n por delito electoral sentar\u00eda un precedente en M\u00e9xico y en Oaxaca, pues ha sido un uso y costumbre utilizar a servidores p\u00fablicos para apoyar las campa\u00f1as de candidatos del partido en el poder local, estatal o federal, con secuencias graves muchas veces, pero que nadie denuncia por miedo a perder su trabajo.<\/p>\n\n\n\n<p class=\"wp-block-paragraph\"><strong>Contexto general: intereses econ\u00f3micos detr\u00e1s<\/strong><\/p>\n\n\n\n<p class=\"wp-block-paragraph\">Juchit\u00e1n de Zaragoza se ubica en el Istmo de Tehuantepec. Este municipio ha sido el eje principal de disputas pol\u00edticas cuando en los setentas surgi\u00f3 la Coalici\u00f3n Obrera, Campesina, Estudiantil del Istmo (COCEI) lo que llev\u00f3 cientos de asesinatos pol\u00edticos y la lucha permanente para derrocar al PRI, lo que se logr\u00f3 hasta 1981 cuando fue electo y se reconoci\u00f3 el triunfo de quien fuera el primer alcalde de la izquierda en M\u00e9xico en \u00e9poca moderna: Leopoldo De Gyves de la Cruz. M\u00e1s tarde se convirti\u00f3 en el sitio del trasiego de drogas, uno de ellos encabezados por Juan Ter\u00e1n, detenido y encarcelado en abril de 2017, y el otro por el cartel Jalisco Nueva Generaci\u00f3n. Y desde hace 23 a\u00f1os las disputas entre grupo pol\u00edticos en el poder municipal, estatal y federal, y caciques de la regi\u00f3n, as\u00ed como organizaciones civiles, unos a favor y otros en contra, por la instalaci\u00f3n de empresa e\u00f3licas, casi todas extranjeras.<\/p>\n\n\n\n<p class=\"wp-block-paragraph\">Aunado a todo el contexto pol\u00edtico-financiero, el proceso electoral 2017-2018 se realiz\u00f3 en un clima de descontento social, derivado de los terremotos que azotaron la zona en septiembre de 2017, y que da\u00f1\u00f3, espec\u00edficamente en Juchit\u00e1n a m\u00e1s de 15 mil viviendas, la mitad de ellas con p\u00e9rdida total, edificios p\u00fablicos y religiosos, sin tener respuestas \u201coportunas\u201d por parte de las autoridades municipales, estatales y federales, que llevaron en m\u00e1s de una ocasi\u00f3n a enfrentamientos entre la ex presidenta municipal Gloria S\u00e1nchez L\u00f3pez y el gobierno estatal por la ministraci\u00f3n de recursos.<\/p>\n\n\n\n<p class=\"wp-block-paragraph\">Sumadas&nbsp;&nbsp;a las disputas constantes entre grupos de organizaciones de la sociedad civil opositoras a la instalaci\u00f3n de parques e\u00f3licos que en m\u00e1s de dos d\u00e9cadas de operaciones no se han traducido en beneficios de desarrollo para la poblaci\u00f3n: de acuerdo con el Consejo Nacional de la Pol\u00edtica de Desarrollo Social, el 60.2 por ciento de la poblaci\u00f3n de Juchit\u00e1n vive en pobreza moderada y pobreza extrema.<\/p>\n\n\n\n<p class=\"wp-block-paragraph\">La violencia en Juchit\u00e1n oscila desde la d\u00e9cada de los setenta entre la violencia pol\u00edtica y la violencia organizada, en 2018 este municipio fue catalogado como el noveno m\u00e1s violento del pa\u00eds con una tasa de 95 asesinatos.<\/p>\n","protected":false},"excerpt":{"rendered":"<p>Redacci\u00f3n Argelia Guevara SemM\u00e9xico. Cd. de M\u00e9xico. 19 de febrero de 2019.- La Comisi\u00f3n de Igualdad debe incluir en sus reflexiones y acciones la tremenda impunidad que rodea a la violencia pol\u00edtica contra las mujeres, como es el caso en impunidad de Ma. del Sol Cruz Jarqu\u00edn acribillada el 2 de junio, al lado de [&hellip;]<\/p>\n","protected":false},"author":3,"featured_media":3619,"comment_status":"open","ping_status":"open","sticky":false,"template":"","format":"standard","meta":{"_monsterinsights_skip_tracking":false,"footnotes":""},"categories":[690,50,69],"tags":[],"class_list":["post-3618","post","type-post","status-publish","format-standard","has-post-thumbnail","category-690","category-congreso","category-sara-lovera"],"_links":{"self":[{"href":"https:\/\/redsemlac.com\/semmexico\/wp-json\/wp\/v2\/posts\/3618","targetHints":{"allow":["GET"]}}],"collection":[{"href":"https:\/\/redsemlac.com\/semmexico\/wp-json\/wp\/v2\/posts"}],"about":[{"href":"https:\/\/redsemlac.com\/semmexico\/wp-json\/wp\/v2\/types\/post"}],"author":[{"embeddable":true,"href":"https:\/\/redsemlac.com\/semmexico\/wp-json\/wp\/v2\/users\/3"}],"replies":[{"embeddable":true,"href":"https:\/\/redsemlac.com\/semmexico\/wp-json\/wp\/v2\/comments?post=3618"}],"version-history":[{"count":0,"href":"https:\/\/redsemlac.com\/semmexico\/wp-json\/wp\/v2\/posts\/3618\/revisions"}],"wp:featuredmedia":[{"embeddable":true,"href":"https:\/\/redsemlac.com\/semmexico\/wp-json\/wp\/v2\/media\/3619"}],"wp:attachment":[{"href":"https:\/\/redsemlac.com\/semmexico\/wp-json\/wp\/v2\/media?parent=3618"}],"wp:term":[{"taxonomy":"category","embeddable":true,"href":"https:\/\/redsemlac.com\/semmexico\/wp-json\/wp\/v2\/categories?post=3618"},{"taxonomy":"post_tag","embeddable":true,"href":"https:\/\/redsemlac.com\/semmexico\/wp-json\/wp\/v2\/tags?post=3618"}],"curies":[{"name":"wp","href":"https:\/\/api.w.org\/{rel}","templated":true}]}}