{"id":36163,"date":"2021-05-30T10:17:50","date_gmt":"2021-05-30T16:17:50","guid":{"rendered":"https:\/\/redsemlac.com\/semmexico\/?p=36163"},"modified":"2023-07-21T17:01:06","modified_gmt":"2023-07-21T22:01:06","slug":"los-feminicidas-no-son-monstruos-por-claudia-almaguer-opinion-desdelamanoizquierda-almagzur","status":"publish","type":"post","link":"https:\/\/redsemlac.com\/semmexico\/los-feminicidas-no-son-monstruos-por-claudia-almaguer-opinion-desdelamanoizquierda-almagzur\/","title":{"rendered":"Los feminicidas no son monstruos"},"content":{"rendered":"<p>*A<span style=\"font-weight: 400;\">sesina el marido, la ex pareja, el jefe, el padre; no son mentes especialmente complejas, pero tampoco ajenas a la realidad, estrangulan violan y mutilan dentro de una sociedad que invisibiliza a las v\u00edctimas&#8230;<\/span><\/p>\n<p><!--more--><\/p>\n<p><b>Desde la mano izquierda<\/b><\/p>\n<p><span style=\"font-weight: 400;\">Claudia Almaguer<\/span><\/p>\n<p><span style=\"font-weight: 400;\">SemM\u00e9xico, San Luis Potos\u00ed, SLP, 30 de mayo, 2021.- En este mes de mayo la detenci\u00f3n de un presunto feminicida de 72 a\u00f1os de edad en el municipio de Atizap\u00e1n, Estado de M\u00e9xico ha conseguido atraer toda la atenci\u00f3n medi\u00e1tica que no han tenido las 311 mujeres v\u00edctimas que van en este a\u00f1o por feminicidio cuyos casos est\u00e1n dentro de las carpetas de investigaci\u00f3n iniciadas en el pa\u00eds desde el mes de enero hasta abril, de las cuales 48 corresponden a esa entidad federativa.<\/span><\/p>\n<p><span style=\"font-weight: 400;\">Al saberse del operativo para asegurarlo, se han realizado varias entrevistas a las autoridades, por ejemplo, alguna por ah\u00ed versa acerca de una agente de polic\u00eda que hizo labor encubierta, aunque hasta ahora no sepamos si la Fiscal\u00eda en cuesti\u00f3n aplic\u00f3 protocolos para salvaguardar la integridad de la investigadora.<\/span><\/p>\n<p><span style=\"font-weight: 400;\">Pero no es lo \u00fanico, tambi\u00e9n algunas personas dedicadas a realizar t\u00e9cnicas de perfilaci\u00f3n criminal son parte de los reportajes, explicando elementos de la conducta en la infancia que van desde haber padecido estr\u00e9s, baja autoestima, ser resultado de un embarazo no deseado, sentir desesperanza o tener cambios de humor, hasta extremos de lesiones org\u00e1nicas como da\u00f1o cerebral, esquizofrenia o psicosis. De acuerdo a estos planteamientos un adulto \u201cfeminicida serial\u201d puede presentar compulsividad, un pobre autoconcepto, se\u00f1ales de haber pedido ayuda profesional, abuso de sustancias, indiferencia y lo que se denomina: \u201cintroyecci\u00f3n de una falsa construcci\u00f3n social de la mujer\u201d es decir, ser un machista.<\/span><\/p>\n<blockquote class=\"wp-embedded-content\" data-secret=\"fhJIZhq2lp\"><p><a href=\"https:\/\/redsemlac.com\/semmexico\/desde-la-mano-izquierda-la-muerte-materna-en-el-dia-de-la-madre\/\">Desde la mano izquierda: La Muerte Materna en el D\u00eda de la Madre<\/a><\/p><\/blockquote>\n<p><iframe loading=\"lazy\" class=\"wp-embedded-content\" sandbox=\"allow-scripts\" security=\"restricted\" style=\"position: absolute; visibility: hidden;\" title=\"\u00abDesde la mano izquierda: La Muerte Materna en el D\u00eda de la Madre\u00bb \u2014 SemM\u00e9xico\" src=\"https:\/\/redsemlac.com\/semmexico\/desde-la-mano-izquierda-la-muerte-materna-en-el-dia-de-la-madre\/embed\/#?secret=MkAn0Uy0rl#?secret=fhJIZhq2lp\" data-secret=\"fhJIZhq2lp\" width=\"600\" height=\"338\" frameborder=\"0\" marginwidth=\"0\" marginheight=\"0\" scrolling=\"no\"><\/iframe><\/p>\n<p><span style=\"font-weight: 400;\">Sin embargo, dejemos para otra ocasi\u00f3n el apuro de que la Criminolog\u00eda no sepa deshacerse de Lombroso, es que tampoco las autoridades ni los medios consiguen librarse de sus taras histri\u00f3nicas y amarillistas para gestionar los asuntos y en lugar de investigar seriamente, de buscar construir la argumentaci\u00f3n jur\u00eddica adecuada, de hacerse de los datos de prueba necesarios, han acabado dando fama a un hombre, aportando a la fantas\u00eda colectiva del \u201cmonstruo\u201d.<\/span><\/p>\n<p><span style=\"font-weight: 400;\">Y \u00bfCu\u00e1l es el problema de nombrarlo as\u00ed? \u00bfAcaso pretendemos negar que sus actos son execrables? \u00bfNo es cierto que asesinar y mutilar, que tirar cuerpos de mujeres como si no fueran nada es horroroso?<\/span><\/p>\n<p><span style=\"font-weight: 400;\">Por supuesto que s\u00ed.<\/span><\/p>\n<p><span style=\"font-weight: 400;\">Lo que preocupa de enajenarlo de su naturaleza humana es que entonces no nos pertenece, no es resultado directo de una socializaci\u00f3n en la que se ense\u00f1a a los hombres que las mujeres deben permanecer subordinadas o pagar el precio. Porque efectivamente es grav\u00edsimo que asesinen impunemente y precisamente a las mujeres de modos que casi siempre implican una imposici\u00f3n de sufrimientos previos a la privaci\u00f3n de la vida, pero la misoginia, no es elemento accesorio sino esencial, colectivo y compartido. En los contextos del feminicidio como fen\u00f3meno criminal, la sombra del asesino serial es la excepci\u00f3n.<\/span><\/p>\n<blockquote class=\"wp-embedded-content\" data-secret=\"ZeRMxn0QMU\"><p><a href=\"https:\/\/redsemlac.com\/semmexico\/desde-la-mano-izquierda-perspectiva-de-que\/\">Desde la mano izquierda: \u00bfPerspectiva de qu\u00e9?<\/a><\/p><\/blockquote>\n<p><iframe loading=\"lazy\" class=\"wp-embedded-content\" sandbox=\"allow-scripts\" security=\"restricted\" style=\"position: absolute; visibility: hidden;\" title=\"\u00abDesde la mano izquierda: \u00bfPerspectiva de qu\u00e9?\u00bb \u2014 SemM\u00e9xico\" src=\"https:\/\/redsemlac.com\/semmexico\/desde-la-mano-izquierda-perspectiva-de-que\/embed\/#?secret=Bw5jWOQP4e#?secret=ZeRMxn0QMU\" data-secret=\"ZeRMxn0QMU\" width=\"600\" height=\"338\" frameborder=\"0\" marginwidth=\"0\" marginheight=\"0\" scrolling=\"no\"><\/iframe><\/p>\n<p><span style=\"font-weight: 400;\">Cuando en 2018 el Instituto Nacional de Estad\u00edstica y Geograf\u00eda dio a conocer sus datos sobre la violencia machista se\u00f1al\u00f3 que de las mujeres que han enfrentado violencia por parte de su esposo o novio, a lo largo de su relaci\u00f3n de pareja (19.1 millones), en el 64.0% de los casos se trat\u00f3 de violencia severa y muy severa. Para ese momento se calculaba tan solo en el \u00e1mbito de estos agresores conocidos que 4 millones de mujeres estaban en una situaci\u00f3n de riesgo inminente.<\/span><\/p>\n<p><span style=\"font-weight: 400;\">Adem\u00e1s, ese a\u00f1o registr\u00f3 la mayor cantidad de mujeres asesinadas en el pa\u00eds en los \u00faltimos 29 a\u00f1os (3,752), de las cuales 30 de cada 100 fue estrangulada, ahorcada o sofocada, quemada, golpeada con alg\u00fan objeto o herida con un arma punzocortante.<\/span><\/p>\n<p><span style=\"font-weight: 400;\">Cuando la Dra. Julia Mon\u00e1rrez elabor\u00f3 su dictamen sobre el feminicidio sexual sist\u00e9mico para el caso del Campo Algodonero, estableci\u00f3 en la comisi\u00f3n de un solo hecho, la representaci\u00f3n de todos los elementos de una relaci\u00f3n desigual: \u201cla superioridad gen\u00e9rica del hombre frente a la subordinaci\u00f3n gen\u00e9rica de la mujer, la misoginia, el control y el sexismo\u201d.<\/span><\/p>\n<p><span style=\"font-weight: 400;\">Por consiguiente, igual asesina el marido, la ex pareja, el jefe, el padre y no son mentes especialmente complejas, pero tampoco ajenas a la realidad, estrangulan violan y mutilan dentro de una sociedad que invisibiliza a las v\u00edctimas, o las mira para culparlas, en tanto a ellos los compadece, o los ensalza volvi\u00e9ndolos personajes fuera del mundo real. Pero si en M\u00e9xico lo com\u00fan es ser violento o feminicida.<\/span><\/p>\n<p><span style=\"font-weight: 400;\">A m\u00e1s ver.&nbsp;<\/span><\/p>\n","protected":false},"excerpt":{"rendered":"<p>*Asesina el marido, la ex pareja, el jefe, el padre; no son mentes especialmente complejas, pero tampoco ajenas a la realidad, estrangulan violan y mutilan dentro de una sociedad que invisibiliza a las v\u00edctimas&#8230;<\/p>\n","protected":false},"author":3,"featured_media":36165,"comment_status":"open","ping_status":"open","sticky":false,"template":"","format":"standard","meta":{"_monsterinsights_skip_tracking":false,"footnotes":""},"categories":[692,131,36,35],"tags":[447,448],"class_list":["post-36163","post","type-post","status-publish","format-standard","has-post-thumbnail","category-692","category-claudia-almaguer","category-columnistas","category-opinion","tag-claudia-almaguer","tag-desde-la-mano-izquierda"],"_links":{"self":[{"href":"https:\/\/redsemlac.com\/semmexico\/wp-json\/wp\/v2\/posts\/36163","targetHints":{"allow":["GET"]}}],"collection":[{"href":"https:\/\/redsemlac.com\/semmexico\/wp-json\/wp\/v2\/posts"}],"about":[{"href":"https:\/\/redsemlac.com\/semmexico\/wp-json\/wp\/v2\/types\/post"}],"author":[{"embeddable":true,"href":"https:\/\/redsemlac.com\/semmexico\/wp-json\/wp\/v2\/users\/3"}],"replies":[{"embeddable":true,"href":"https:\/\/redsemlac.com\/semmexico\/wp-json\/wp\/v2\/comments?post=36163"}],"version-history":[{"count":0,"href":"https:\/\/redsemlac.com\/semmexico\/wp-json\/wp\/v2\/posts\/36163\/revisions"}],"wp:featuredmedia":[{"embeddable":true,"href":"https:\/\/redsemlac.com\/semmexico\/wp-json\/wp\/v2\/media\/36165"}],"wp:attachment":[{"href":"https:\/\/redsemlac.com\/semmexico\/wp-json\/wp\/v2\/media?parent=36163"}],"wp:term":[{"taxonomy":"category","embeddable":true,"href":"https:\/\/redsemlac.com\/semmexico\/wp-json\/wp\/v2\/categories?post=36163"},{"taxonomy":"post_tag","embeddable":true,"href":"https:\/\/redsemlac.com\/semmexico\/wp-json\/wp\/v2\/tags?post=36163"}],"curies":[{"name":"wp","href":"https:\/\/api.w.org\/{rel}","templated":true}]}}