{"id":36160,"date":"2021-05-30T08:52:55","date_gmt":"2021-05-30T14:52:55","guid":{"rendered":"https:\/\/redsemlac.com\/semmexico\/?p=36160"},"modified":"2023-07-21T17:01:06","modified_gmt":"2023-07-21T22:01:06","slug":"replantear-los-servicios-medicos-con-perspectiva-de-genero-y-ddhh-doctora-sofia-garcia-venegas","status":"publish","type":"post","link":"https:\/\/redsemlac.com\/semmexico\/replantear-los-servicios-medicos-con-perspectiva-de-genero-y-ddhh-doctora-sofia-garcia-venegas\/","title":{"rendered":"Replantear los servicios m\u00e9dicos con perspectiva de g\u00e9nero y DDHH: doctora Sof\u00eda Garc\u00eda Venegas"},"content":{"rendered":"<p><b>*Malas pr\u00e1cticas heredadas de un sistema patriarcal.<\/b><\/p>\n<p>&nbsp;<\/p>\n<p><!--more--><\/p>\n<p><span style=\"font-weight: 400;\">Elda Montiel&nbsp;<\/span><\/p>\n<p><span style=\"font-weight: 400;\">SemM\u00e9xico, Cd. de M\u00e9xico 30 de mayo 2021.-&nbsp; La violencia institucional que se da en el trato a las y los pacientes en los servicios m\u00e9dicos fue abordado por las doctoras Sof\u00eda Garc\u00eda Venegas y Nora Villa Baca en el conversatorio \u201cD\u00eda Internacional de la Salud de las Mujeres\u201d que organiz\u00f3 la Red Chihuahua con Ellas.<\/span><\/p>\n<p><span style=\"font-weight: 400;\">La doctora Nora Villa Baca expres\u00f3 que vivimos en una sociedad altamente violenta y los servicios de salud no est\u00e1n exentos, donde se da la violencia institucional hacia pacientes y familiares. Adem\u00e1s, se\u00f1al\u00f3 que el sector salud est\u00e1 quebrado no solo por la pandemia sino desde el a\u00f1o 2 mil aproximadamente.&nbsp;<\/span><\/p>\n<blockquote class=\"wp-embedded-content\" data-secret=\"MicEZGHRsk\"><p><a href=\"https:\/\/redsemlac.com\/semmexico\/once-organizaciones-denuncian-que-el-gobierno-redujo-un-millon-cada-dia-al-presupuesto-de-la-salud-para-las-mujeres\/\">Once organizaciones denuncian que el gobierno redujo un mill\u00f3n cada d\u00eda al presupuesto de salud para las mujeres<\/a><\/p><\/blockquote>\n<p><iframe loading=\"lazy\" class=\"wp-embedded-content\" sandbox=\"allow-scripts\" security=\"restricted\" style=\"position: absolute; visibility: hidden;\" title=\"\u00abOnce organizaciones denuncian que el gobierno redujo un mill\u00f3n cada d\u00eda al presupuesto de salud para las mujeres\u00bb \u2014 SemM\u00e9xico\" src=\"https:\/\/redsemlac.com\/semmexico\/once-organizaciones-denuncian-que-el-gobierno-redujo-un-millon-cada-dia-al-presupuesto-de-la-salud-para-las-mujeres\/embed\/#?secret=m4MG8w7gjx#?secret=MicEZGHRsk\" data-secret=\"MicEZGHRsk\" width=\"600\" height=\"338\" frameborder=\"0\" marginwidth=\"0\" marginheight=\"0\" scrolling=\"no\"><\/iframe><\/p>\n<p><span style=\"font-weight: 400;\">Mientras que la doctora Sof\u00eda Garc\u00eda Venegas consider\u00f3 que hoy hay&nbsp; oportunidad de replantearse el sistema m\u00e9dico heredado con pr\u00e1cticas antiguas y obsoletas que derivan en formas violentas como una atenci\u00f3n diferenciada cuando llega a urgencias un hombre o una mujer.<\/span><\/p>\n<p><span style=\"font-weight: 400;\">Pone como ejemplo que si llegan con un ataque de p\u00e1nico al hombre le sacan hasta un electrocardiograma porque tiene un dolor en el pecho y laboratorios, mientras que a la mujer la catalogan como un ataque de ansiedad y hasta un PVH (pinche viejo hist\u00e9rica) y le pasan una soluci\u00f3n salina que es muy dolorosa.&nbsp;&nbsp;<\/span><\/p>\n<p><span style=\"font-weight: 400;\">Al abordar el tema de la \u201cSalud de la Juventud\u201d abund\u00f3 que hay que tener muy claro que hay m\u00e1s de un tipo de juventud en territorio y diversidad, sobre todo en Chihuahua que &nbsp; hay juventudes migrantes, juventudes ind\u00edgenas, juventudes LGBTIII.<\/span><\/p>\n<p><span style=\"font-weight: 400;\">Asegur\u00f3 que como m\u00e9dicos tienen la oportunidad de dejar de replicar esas formas de atenci\u00f3n violentas, heredadas de un sistema patriarcal.<\/span><\/p>\n<p><span style=\"font-weight: 400;\">Precis\u00f3 que es un sistema m\u00e9dico que se ha ido transformando y que como m\u00e9dico de la comunidad LGBTIII+ tiene una visi\u00f3n m\u00e1s amplia, y reconoce que, desde su formaci\u00f3n como feminista, este sistema m\u00e9dico est\u00e1 en un proceso de deconstrucci\u00f3n de estas formas discriminatorias.&nbsp;<\/span><\/p>\n<blockquote class=\"wp-embedded-content\" data-secret=\"OAPwtX3CST\"><p><a href=\"https:\/\/redsemlac.com\/semmexico\/en-michoacan-se-ha-orientado-a-313-usuarios-y-usuarias-sobre-salud-mental\/\">En Michoac\u00e1n se ha orientado a 313 usuarios y usuarias sobre salud mental<\/a><\/p><\/blockquote>\n<p><iframe loading=\"lazy\" class=\"wp-embedded-content\" sandbox=\"allow-scripts\" security=\"restricted\" style=\"position: absolute; visibility: hidden;\" title=\"\u00abEn Michoac\u00e1n se ha orientado a 313 usuarios y usuarias sobre salud mental\u00bb \u2014 SemM\u00e9xico\" src=\"https:\/\/redsemlac.com\/semmexico\/en-michoacan-se-ha-orientado-a-313-usuarios-y-usuarias-sobre-salud-mental\/embed\/#?secret=NY4Cnc8CaG#?secret=OAPwtX3CST\" data-secret=\"OAPwtX3CST\" width=\"600\" height=\"338\" frameborder=\"0\" marginwidth=\"0\" marginheight=\"0\" scrolling=\"no\"><\/iframe><\/p>\n<p><span style=\"font-weight: 400;\">Tambi\u00e9n dio el ejemplo que cuando llegan pacientes con VIH se escucha a hombres decir \u2013de seguro es joto-, por lo que expres\u00f3 que no es raro que exista desconfianza en los m\u00e9dicos por estas actitudes.&nbsp;<\/span><\/p>\n<p><span style=\"font-weight: 400;\">Recomend\u00f3 dejar esas pr\u00e1cticas tambi\u00e9n dejar las actitudes paternalistas o groseras de rega\u00f1ar a las o los pacientes y por eso luego la gente prefiere usar el \u201cdi\u00f3xido de cloro o no vacunarse \u201cpor la desconfianza hacia los m\u00e9dicos cuando los pacientes lo que requieren es una buena informaci\u00f3n.<\/span><\/p>\n<p><span style=\"font-weight: 400;\">Aseguro que se est\u00e1 en un \u00e1rea de oportunidad para darse cuenta de otras necesidades de la salud de los y las pacientes.&nbsp;<\/span><\/p>\n<p><span style=\"font-weight: 400;\">Refiri\u00f3 que hay que tener una conciencia sexual, pues antes se ve\u00eda normal ver que la abuela se cas\u00f3 a los 14 a\u00f1os con el abuelo de m\u00e1s de 40, y que la violaci\u00f3n no s\u00f3lo se da en lugares oscuros.&nbsp;<\/span><\/p>\n<p><span style=\"font-weight: 400;\">Estamos reconociendo que la violaci\u00f3n se da en los hogares con mujeres que no saben decir que \u201cNo\u201d, que carecen de anticonceptivos y que es muy brutal y todav\u00eda llegan al servicio m\u00e9dico donde hay una cantidad de voces que las culpan o critican por llegar embarazadas o con enfermedades sexuales.&nbsp; \u201cEstamos en un proceso de transici\u00f3n\u201d, acot\u00f3.&nbsp;&nbsp;&nbsp;&nbsp;<\/span><\/p>\n<p><span style=\"font-weight: 400;\">Para Sof\u00eda Garc\u00eda Venegas defensora del acceso a la salud a todas las personas, con perspectiva de g\u00e9nero, LGBTIIIQ, Juventudes y Pueblos originarios,&nbsp; miembro del Colectivo Malinche, en el replanteamiento de las malas pr\u00e1cticas m\u00e9dicas heredadas est\u00e1 en colocar los derechos humanos al centro.&nbsp;&nbsp;<\/span><\/p>\n<blockquote class=\"wp-embedded-content\" data-secret=\"39sd6TY82I\"><p><a href=\"https:\/\/redsemlac.com\/semmexico\/la-cndh-hace-reprimenda-a-issste-queretaro-por-violencia-obstetrica-violacion-al-derecho-la-salud-y-derechos-de-la-infancia\/\">La CNDH hace reprimenda a ISSSTE Quer\u00e9taro por  violencia obst\u00e9trica. Violaci\u00f3n  al derecho la salud y derechos de la infancia<\/a><\/p><\/blockquote>\n<p><iframe loading=\"lazy\" class=\"wp-embedded-content\" sandbox=\"allow-scripts\" security=\"restricted\" style=\"position: absolute; visibility: hidden;\" title=\"\u00abLa CNDH hace reprimenda a ISSSTE Quer\u00e9taro por  violencia obst\u00e9trica. Violaci\u00f3n  al derecho la salud y derechos de la infancia\u00bb \u2014 SemM\u00e9xico\" src=\"https:\/\/redsemlac.com\/semmexico\/la-cndh-hace-reprimenda-a-issste-queretaro-por-violencia-obstetrica-violacion-al-derecho-la-salud-y-derechos-de-la-infancia\/embed\/#?secret=qsiUH6fLcV#?secret=39sd6TY82I\" data-secret=\"39sd6TY82I\" width=\"600\" height=\"338\" frameborder=\"0\" marginwidth=\"0\" marginheight=\"0\" scrolling=\"no\"><\/iframe><\/p>\n<p><span style=\"font-weight: 400;\">Expreso que hay que tener congruencia para que los m\u00e9dicos tambi\u00e9n se cuiden para poder cuidar, poner al centro la salud mental, y promover espacios con mejores condiciones para proteger la vida, ya que si se ve al m\u00e9dico desde el punto de vista del cuidador desde la formaci\u00f3n est\u00e1n rebasados con un sector salud colapsado.&nbsp;<\/span><\/p>\n<p><b>Justicia y Dignidad los principios del servicio m\u00e9dico, doctora Nora Villa Baca<\/b><\/p>\n<p><span style=\"font-weight: 400;\">Mientras que la doctora Nora Villa Baca de la red de medicas violetas y escuela de formaci\u00f3n feminista de Chihuahua, detallo que la violencia se da al interior del servicio m\u00e9dico, de las personas que trabajan hacia los pacientes, hacia los familiares, aunque reconoci\u00f3 que las nuevas generaciones de m\u00e9dicos ya traen una perspectiva de derechos humanos, y que en este sentido es muy importante los principios de autonom\u00eda y justicia.&nbsp;<\/span><\/p>\n<p><span style=\"font-weight: 400;\">El personal m\u00e9dico debe estar consciente que tiene que ver c\u00f3mo los pacientes van a tener acceso a su derecho a la salud, al servicio m\u00e9dico con respeto con dignidad a la persona.&nbsp;<\/span><\/p>\n<p><span style=\"font-weight: 400;\">Inform\u00f3 que muchos a\u00f1os trabajo en la Fiscal\u00eda de la Mujer, y resalto que al paciente hay que proporcionarle toda la informaci\u00f3n de forma adecuada porque muchas veces no quieren someterse a una operaci\u00f3n, pero porque no se les explico bien, tienen la incertidumbre de no saber qu\u00e9 sigue, si van a sanar o no, adem\u00e1s de que las enfermedades son caras por los tratamientos cuando los necesitan.&nbsp;&nbsp;<\/span><\/p>\n<blockquote class=\"wp-embedded-content\" data-secret=\"8h8S3yYLGe\"><p><a href=\"https:\/\/redsemlac.com\/semmexico\/acosan-e-intimidan-a-mujeres-oaxaquenas-que-acuden-a-la-clinica-de-salud-sexual-y-reproductiva-marie-stopes-en-oaxaca\/\">Acosan e intimidan a mujeres oaxaque\u00f1as que acuden a la cl\u00ednica de salud sexual y reproductiva Marie Stopes en Oaxaca<\/a><\/p><\/blockquote>\n<p><iframe loading=\"lazy\" class=\"wp-embedded-content\" sandbox=\"allow-scripts\" security=\"restricted\" style=\"position: absolute; visibility: hidden;\" title=\"\u00abAcosan e intimidan a mujeres oaxaque\u00f1as que acuden a la cl\u00ednica de salud sexual y reproductiva Marie Stopes en Oaxaca\u00bb \u2014 SemM\u00e9xico\" src=\"https:\/\/redsemlac.com\/semmexico\/acosan-e-intimidan-a-mujeres-oaxaquenas-que-acuden-a-la-clinica-de-salud-sexual-y-reproductiva-marie-stopes-en-oaxaca\/embed\/#?secret=oqpzv5JqDk#?secret=8h8S3yYLGe\" data-secret=\"8h8S3yYLGe\" width=\"600\" height=\"338\" frameborder=\"0\" marginwidth=\"0\" marginheight=\"0\" scrolling=\"no\"><\/iframe><\/p>\n<p><span style=\"font-weight: 400;\">Exhort\u00f3 a abandonar las actitudes paternalistas porque ah\u00ed se toca la autonom\u00eda del paciente, al que hay que proporcionarle la informaci\u00f3n adecuada para que tome una decisi\u00f3n.&nbsp;<\/span><\/p>\n<p><span style=\"font-weight: 400;\">Celebr\u00f3 que las nuevas generaciones incluyan en su formaci\u00f3n el enfoque de la psicolog\u00eda que es importante para dar el acompa\u00f1amiento al paciente. Cuando ella era estudiante la psicolog\u00eda se manejaba como una parte oscura.&nbsp;<\/span><\/p>\n<p><span style=\"font-weight: 400;\">Respecto a la salud de las cuidadoras menciono que por cultura la sociedad nos ha impuesto ese rol, 24\/7 aun cuando hay mujeres que tienen la opci\u00f3n de quedarse en su casa, pero hay otras que tuvieron que dejar el empleo para cuidar a su familiar, lo que las afecta emocional y f\u00edsicamente de por vida, por no desarrollar otro proyecto de vida.<\/span><\/p>\n<p><span style=\"font-weight: 400;\">Menciono los datos del INEGI del valor econ\u00f3mico del trabajo no remunerado que representa el 23.5 por ciento del Producto Interno Bruto, y que las mujeres dedican 8 horas al cuidado.<\/span><\/p>\n<p><span style=\"font-weight: 400;\">La situaci\u00f3n de las cuidadoras es muy compleja, porque al paso del tiempo tambi\u00e9n van a requerir cuidados, en ese sentido se\u00f1alo que se dio cuenta que efectivamente \u201cla pobreza tiene rostro de mujer\u201d, lo que va validado con el acceso a los servicios de salud. Pues, aunque existen servicios profesionalizados de cuidado estos tienen costos.&nbsp;&nbsp;&nbsp;&nbsp;<\/span><\/p>\n<p><span style=\"font-weight: 400;\">Expreso que en un mundo ideal los hombres ayudaran en las labores del hogar y el cuidado de los hijos. Que las mujeres dedicadas al hogar tuvieran un reconocimiento econ\u00f3mico, acceso a una pensi\u00f3n por los cuidados, a tener espacios libres, a disfrutar ver una pel\u00edcula, a ir a cortarse el pelo, a dormir.&nbsp;<\/span><\/p>\n<p><span style=\"font-weight: 400;\">Tambi\u00e9n se\u00f1alo la importancia de que las cuidadoras y tambi\u00e9n el personal de salud se cuiden con descanso, con horas de sue\u00f1o. Tambi\u00e9n llam\u00f3 a los m\u00e9dicos cuando mandan a las o los pacientes a dejar de fumar, adelgazar y ellos fuman y est\u00e1n pasados de peso, como les van a hacer caso.&nbsp; Hay que ense\u00f1ar con el ejemplo.<\/span><\/p>\n<p><span style=\"font-weight: 400;\">Por la Red Chihuahua con Ellas, Vero Terrazas presidenta de la organizaci\u00f3n civil Alma Calma, destac\u00f3 que buscan establecer acciones afirmativas con perspectiva de g\u00e9nero coadyuven a disminuir las desigualdades.&nbsp;<\/span><\/p>\n<p><span style=\"font-weight: 400;\">Hizo un reconocimiento a las mujeres tradicionales abuelas cuidadoras, que si bien lo hicieron \u201cporque les tocaba\u201d contribuyeron a que otras mujeres siguieran con sus proyectos de vida, prepar\u00e1ndose y que hoy tienen \u00e9xito. Bani Carrasco de la colectiva Emprendimiento por Chihuahua fue la moderadora.&nbsp;<\/span><\/p>\n<p>&nbsp;<\/p>\n","protected":false},"excerpt":{"rendered":"<p>*Malas pr\u00e1cticas heredadas de un sistema patriarcal. &nbsp;<\/p>\n","protected":false},"author":3,"featured_media":36161,"comment_status":"open","ping_status":"open","sticky":false,"template":"","format":"standard","meta":{"_monsterinsights_skip_tracking":false,"footnotes":""},"categories":[692,49,54],"tags":[445,444,418,443,446],"class_list":["post-36160","post","type-post","status-publish","format-standard","has-post-thumbnail","category-692","category-desde","category-mujeres","tag-dia-internacional-de-la-salud-de-las-mujeres","tag-nora-villa-baca","tag-salud","tag-sofia-garcia-venegas","tag-violencia-obstetrica"],"_links":{"self":[{"href":"https:\/\/redsemlac.com\/semmexico\/wp-json\/wp\/v2\/posts\/36160","targetHints":{"allow":["GET"]}}],"collection":[{"href":"https:\/\/redsemlac.com\/semmexico\/wp-json\/wp\/v2\/posts"}],"about":[{"href":"https:\/\/redsemlac.com\/semmexico\/wp-json\/wp\/v2\/types\/post"}],"author":[{"embeddable":true,"href":"https:\/\/redsemlac.com\/semmexico\/wp-json\/wp\/v2\/users\/3"}],"replies":[{"embeddable":true,"href":"https:\/\/redsemlac.com\/semmexico\/wp-json\/wp\/v2\/comments?post=36160"}],"version-history":[{"count":0,"href":"https:\/\/redsemlac.com\/semmexico\/wp-json\/wp\/v2\/posts\/36160\/revisions"}],"wp:featuredmedia":[{"embeddable":true,"href":"https:\/\/redsemlac.com\/semmexico\/wp-json\/wp\/v2\/media\/36161"}],"wp:attachment":[{"href":"https:\/\/redsemlac.com\/semmexico\/wp-json\/wp\/v2\/media?parent=36160"}],"wp:term":[{"taxonomy":"category","embeddable":true,"href":"https:\/\/redsemlac.com\/semmexico\/wp-json\/wp\/v2\/categories?post=36160"},{"taxonomy":"post_tag","embeddable":true,"href":"https:\/\/redsemlac.com\/semmexico\/wp-json\/wp\/v2\/tags?post=36160"}],"curies":[{"name":"wp","href":"https:\/\/api.w.org\/{rel}","templated":true}]}}