{"id":36157,"date":"2021-05-30T07:40:43","date_gmt":"2021-05-30T13:40:43","guid":{"rendered":"https:\/\/redsemlac.com\/semmexico\/?p=36157"},"modified":"2023-07-21T17:01:06","modified_gmt":"2023-07-21T22:01:06","slug":"vinculan-a-proceso-a-presunto-feminicida-de-sarai-z-g-en-jacala-9-meses-despues-del-crimen","status":"publish","type":"post","link":"https:\/\/redsemlac.com\/semmexico\/vinculan-a-proceso-a-presunto-feminicida-de-sarai-z-g-en-jacala-9-meses-despues-del-crimen\/","title":{"rendered":"Vinculan a proceso a presunto feminicida de Sara\u00ed Z.G. en Jacala, 9 meses despu\u00e9s del crimen\u00a0"},"content":{"rendered":"<p><span style=\"font-weight: 400;\">*Ella realizaba una actividad&nbsp; virtual en el Centro de Salud de Jacala, donde el victimario se acerc\u00f3 y la agredi\u00f3 f\u00edsicamente<\/span><!--more--><\/p>\n<p><span style=\"font-weight: 400;\">Ignacio Garc\u00eda&nbsp;<\/span><\/p>\n<p><span style=\"font-weight: 400;\">SemM\u00e9xico, Pachuca, Hidalgo, 30 de mayo, 2021.- La Procuradur\u00eda General de Justicia del Estado de Hidalgo (PGJEH) inform\u00f3 que el m\u00e9dico cirujano Rudi Nahim A.C., de 31 a\u00f1os de edad, fue vinculado a proceso por el presunto feminicidio de la enfermera Sara\u00ed Z.G., quien falleci\u00f3 tras ser ahorcada por quien se desempe\u00f1aba como su compa\u00f1ero de trabajo durante una sesi\u00f3n virtual en Zoom en el Centro de Salud de Jacala el pasado 17 de octubre.<\/span><\/p>\n<p><span style=\"font-weight: 400;\">De acuerdo con la PGJEH, el juez de Control del municipio de Jacala vincul\u00f3 a proceso al presunto feminicida y determin\u00f3 un plazo de tres meses para desarrollar la investigaci\u00f3n complementaria, por lo que permanecer\u00e1 bajo prisi\u00f3n preventiva oficiosa.<\/span><\/p>\n<blockquote class=\"wp-embedded-content\" data-secret=\"bRSj3gAnlt\"><p><a href=\"https:\/\/redsemlac.com\/semmexico\/la-violencia-politica-contra-las-mujeres-en-hidalgo-en-18-de-84-municipios\/\">La violencia pol\u00edtica contra las mujeres en Hidalgo en 18 de 84 municipios<\/a><\/p><\/blockquote>\n<p><iframe loading=\"lazy\" class=\"wp-embedded-content\" sandbox=\"allow-scripts\" security=\"restricted\" style=\"position: absolute; visibility: hidden;\" title=\"\u00abLa violencia pol\u00edtica contra las mujeres en Hidalgo en 18 de 84 municipios\u00bb \u2014 SemM\u00e9xico\" src=\"https:\/\/redsemlac.com\/semmexico\/la-violencia-politica-contra-las-mujeres-en-hidalgo-en-18-de-84-municipios\/embed\/#?secret=MZUPEufZJ1#?secret=bRSj3gAnlt\" data-secret=\"bRSj3gAnlt\" width=\"600\" height=\"338\" frameborder=\"0\" marginwidth=\"0\" marginheight=\"0\" scrolling=\"no\"><\/iframe><\/p>\n<p>&nbsp;<\/p>\n<p><span style=\"font-weight: 400;\">La Fiscal\u00eda Especializada para la Atenci\u00f3n de Delitos de G\u00e9nero abri\u00f3 la carpeta de investigaci\u00f3n por el delito de feminicidio contra el responsable, luego de que fue captado en video el momento en el que cometi\u00f3 el crimen, sin embargo, fue detenido hasta el pasado 20 de mayo por las autoridades estatales.<\/span><\/p>\n<p><span style=\"font-weight: 400;\">La joven realizaba una actividad virtual en el Centro de Salud de Jacala, donde el victimario se acerc\u00f3 y la agredi\u00f3 f\u00edsicamente, por lo cual las personas que estaban presente en la conexi\u00f3n v\u00eda remota interpusieron la denuncia penal correspondiente y al llegar peritos del Servicio M\u00e9dico Forense (Sedeco) el agresor hab\u00eda escapado.<\/span><\/p>\n<blockquote class=\"wp-embedded-content\" data-secret=\"n0Xaw5iNul\"><p><a href=\"https:\/\/redsemlac.com\/semmexico\/amlo-favorece-la-impunidad-en-el-caso-de-violencia-en-casa\/\">AMLO favorece la impunidad en el caso de violencia en casa<\/a><\/p><\/blockquote>\n<p><iframe loading=\"lazy\" class=\"wp-embedded-content\" sandbox=\"allow-scripts\" security=\"restricted\" style=\"position: absolute; visibility: hidden;\" title=\"\u00abAMLO favorece la impunidad en el caso de violencia en casa\u00bb \u2014 SemM\u00e9xico\" src=\"https:\/\/redsemlac.com\/semmexico\/amlo-favorece-la-impunidad-en-el-caso-de-violencia-en-casa\/embed\/#?secret=xwsZxpzdxb#?secret=n0Xaw5iNul\" data-secret=\"n0Xaw5iNul\" width=\"600\" height=\"338\" frameborder=\"0\" marginwidth=\"0\" marginheight=\"0\" scrolling=\"no\"><\/iframe><\/p>\n<p><span style=\"font-weight: 400;\">Al respecto, familiares y amigos de la v\u00edctima exigieron justicia contra el responsable para que sea procesado y sentenciado con la pena m\u00e1xima posible, sin embargo, el c\u00f3digo penal de la entidad s\u00f3lo establece una condena de hasta 50 a\u00f1os de c\u00e1rcel.<\/span><\/p>\n<p><span style=\"font-weight: 400;\">Por su parte, representantes de diferentes colectivas y organizaciones civiles defensoras de los derechos de las mujeres se manifestaron a las afueras del Centro de Salud de Jacala y demandaron mayores medidas de seguridad en el interior del mismo, adem\u00e1s de que el agresor sea procesado por el delito que cometi\u00f3 de forma dolosa.<\/span><\/p>\n<p><span style=\"font-weight: 400;\">Aunque el sujeto pretend\u00eda escapar del pa\u00eds, debido a la colaboraci\u00f3n de las autoridades estatales lo aprehendieron en el interior del estado y por ello se encuentra en prisi\u00f3n preventiva oficiosa hasta que concluya el plazo de la investigaci\u00f3n complementaria.<\/span><\/p>\n","protected":false},"excerpt":{"rendered":"<p>*Ella realizaba una actividad&nbsp; virtual en el Centro de Salud de Jacala, donde el victimario se acerc\u00f3 y la agredi\u00f3 f\u00edsicamente<\/p>\n","protected":false},"author":3,"featured_media":36158,"comment_status":"open","ping_status":"open","sticky":false,"template":"","format":"standard","meta":{"_monsterinsights_skip_tracking":false,"footnotes":""},"categories":[692,47,48],"tags":[260,335,440,439,442,441],"class_list":["post-36157","post","type-post","status-publish","format-standard","has-post-thumbnail","category-692","category-no-mas-impunidad","category-no-mas-impunidad-no-mas-impunidad","tag-feminicidio","tag-hidalgo","tag-jacala","tag-rudi-nahim","tag-sarai","tag-zarai"],"_links":{"self":[{"href":"https:\/\/redsemlac.com\/semmexico\/wp-json\/wp\/v2\/posts\/36157","targetHints":{"allow":["GET"]}}],"collection":[{"href":"https:\/\/redsemlac.com\/semmexico\/wp-json\/wp\/v2\/posts"}],"about":[{"href":"https:\/\/redsemlac.com\/semmexico\/wp-json\/wp\/v2\/types\/post"}],"author":[{"embeddable":true,"href":"https:\/\/redsemlac.com\/semmexico\/wp-json\/wp\/v2\/users\/3"}],"replies":[{"embeddable":true,"href":"https:\/\/redsemlac.com\/semmexico\/wp-json\/wp\/v2\/comments?post=36157"}],"version-history":[{"count":0,"href":"https:\/\/redsemlac.com\/semmexico\/wp-json\/wp\/v2\/posts\/36157\/revisions"}],"wp:featuredmedia":[{"embeddable":true,"href":"https:\/\/redsemlac.com\/semmexico\/wp-json\/wp\/v2\/media\/36158"}],"wp:attachment":[{"href":"https:\/\/redsemlac.com\/semmexico\/wp-json\/wp\/v2\/media?parent=36157"}],"wp:term":[{"taxonomy":"category","embeddable":true,"href":"https:\/\/redsemlac.com\/semmexico\/wp-json\/wp\/v2\/categories?post=36157"},{"taxonomy":"post_tag","embeddable":true,"href":"https:\/\/redsemlac.com\/semmexico\/wp-json\/wp\/v2\/tags?post=36157"}],"curies":[{"name":"wp","href":"https:\/\/api.w.org\/{rel}","templated":true}]}}