{"id":3615,"date":"2019-04-17T20:38:41","date_gmt":"2019-04-17T20:38:41","guid":{"rendered":"https:\/\/redsemlac.com\/semmexico\/?p=3615"},"modified":"2023-07-21T14:48:09","modified_gmt":"2023-07-21T19:48:09","slug":"entre-2012-y-2017-22-iniciativas-en-ambas-camaras-todas-relegadas","status":"publish","type":"post","link":"https:\/\/redsemlac.com\/semmexico\/entre-2012-y-2017-22-iniciativas-en-ambas-camaras-todas-relegadas\/","title":{"rendered":"Entre 2012 y 2017: 22 iniciativas, en ambas c\u00e1maras, todas relegadas."},"content":{"rendered":"\n<p class=\"wp-block-paragraph\"><a href=\"https:\/\/www.semmexico.com\/gallery-post.php?id=7289#\">Sara Lovera<\/a><\/p>\n\n\n\n<p class=\"wp-block-paragraph\">SemM\u00e9xico. Cd. de M\u00e9xico. 19 de febrero de 2019.- La violencia pol\u00edtica contra las mujeres que ha dejado muertas, con huellas perennes,&nbsp; miedo, enfermedades&nbsp; y desaliento, lo que obliga inmediatamenta a legislar y sacar de los archivos al menos 22 iniciativas discutidas en los \u00faltimos 5 a\u00f1os sin resolverse, se dijo en un foro de analistas, investigadoras y mujeres que la viven, en el ejercicio de Parlamento Abierto, en la C\u00e1mara de Diputados.<\/p>\n\n\n\n<p class=\"wp-block-paragraph\">Las convocadas para discutir la Violencia Pol\u00edtica de G\u00e9nero, para acordar una legislaci\u00f3n posible, no cesaron de contar desde su experiencia c\u00f3mo se las humilla, frena, afecta y se pone en riesgo su vida. Las ausentes son las muertas. S\u00f3lo en 2018 se vivi\u00f3 la violencia sistem\u00e1tica en, antes, durante y despu\u00e9s del proceso electoral.<\/p>\n\n\n\n<p class=\"wp-block-paragraph\">Se trata de una violencia inenarrable que salta en las campa\u00f1as, en el ejercicio del poder y en otros \u00e1mbitos como la administraci\u00f3n, los sindicatos y las organizaciones. En el Congreso, ahora mismo dijo ah\u00ed la diputada perredista Guadalupe Almaguer.<\/p>\n\n\n\n<p class=\"wp-block-paragraph\">Al abrir la discusi\u00f3n, la presidenta de la Comisi\u00f3n de Igualdad, Wendy Brise\u00f1o Zuloaga, afirm\u00f3 que se trata de algo indispensable ante un fen\u00f3meno que se ha recrudecido y requiere urgentemente un estatus legal en el \u00e1mbito federal, al advertir, sin ambajes, que la vida de las pol\u00edticas est\u00e1 en riesgo.<\/p>\n\n\n\n<p class=\"wp-block-paragraph\">La narrativa de 5 ponentes y no menos de 20 mujeres, dej\u00f3 claro que&nbsp; la incursi\u00f3n en pol\u00edtica afecta a las mujeres con una violencia que va del desprecio o la burla al asesinato. Por eso legislar es urgente, llam\u00f3 la ex magistrada Mar\u00eda del Carmen Alanis Figueroa, \u201cporque nos est\u00e1n matando\u201d, mientras que M\u00f3nica Rosado Toledo narr\u00f3 como la violencia pol\u00edtica, de la ofensa, el maltrato y la amenaza hace estragos en la salud y en el cuerpo de las mujeres.<\/p>\n\n\n\n<p class=\"wp-block-paragraph\">Ah\u00ed se dijo que no se ha tipificado por razones pol\u00edticas y se han frenado las iniciativas o se han querido restringir el \u00e1mbito de esa violencia, hasta desde el Ejecutivo, dijo la investigadora Teresa Hevia.<\/p>\n\n\n\n<p class=\"wp-block-paragraph\">Hoy hay que legislar en un sentido amplio, propuso la doctora Georgina C\u00e1rdenas, al se\u00f1alar que hay violencia de g\u00e9nero en la administraci\u00f3n p\u00fablica, en los sindicatos y otras organizaciones sociales. Urge entonces ya legislar.<\/p>\n\n\n\n<p class=\"wp-block-paragraph\">Con ejemplos y casos concretos, desde la burla y maltrato a Marichuy representante del Ej\u00e9rcito Zapatista de Liberaci\u00f3n Nacional (EZLN) en las elecciones presidenciales de 2018, al hablar de las mujeres ind\u00edgenas, donde esa violencia se ensa\u00f1a, la antrop\u00f3loga&nbsp; Lizeth P\u00e9rez C\u00e1rdenas, dio casos y se\u00f1as.<\/p>\n\n\n\n<p class=\"wp-block-paragraph\">Mientras Gloria Alcocer Olmos, dirigente de Fuerza Ciudadana&nbsp; dijo que a la condici\u00f3n de mujer se suma mayor agresi\u00f3n si se es joven. Y dijo que ahora se ha reducido hasta el 70 por ciento de los recursos para el Instituto Mexicano de la Juventud.<\/p>\n\n\n\n<p class=\"wp-block-paragraph\">Fue la investigadora Teresa Hevia quien se\u00f1al\u00f3 que son 22 iniciativas paradas por diferentes razones y algunas de esas iniciativas fueron frenadas desde Los Pinos en la administraci\u00f3n pasada.<\/p>\n\n\n\n<p class=\"wp-block-paragraph\">Y desde el p\u00fablico las voces se fueron multiplicando. De San Juan Chamula, Leticia Mart\u00ednez hablo de c\u00f3mo los sistemas normativos, no s\u00f3lo impiden la participaci\u00f3n pol\u00edtica, sino en algunos pueblos ind\u00edgenas las mujeres viven violencia durante toda su vida.<\/p>\n\n\n\n<p class=\"wp-block-paragraph\">Y una mujer del Partico Movimiento Ciudadano narr\u00f3 todos los obst\u00e1culos inenarrables para evitar su participaci\u00f3n, y sin quebrarse, cont\u00f3 como mataron a su hermano, pero \u201cyo sigo en pie\u201d.<\/p>\n\n\n\n<p class=\"wp-block-paragraph\"><strong>C\u00f3mo legislar<\/strong><\/p>\n\n\n\n<p class=\"wp-block-paragraph\">El&nbsp; foro de Parlamento Abierto busca c\u00f3mo identificar y mapear los esfuerzos realizados por 3 legislaturas, amalgamarlos y ampliar la discusi\u00f3n, para ahora s\u00ed legislar, se\u00f1al\u00f3 Brise\u00f1o Zuluaga lo que implica&nbsp; incorporar los fen\u00f3menos reales, las experiencias, los estudios&nbsp; con las intersecciones, a veces invisibles,&nbsp; de la violencia pol\u00edtica: ind\u00edgenas, j\u00f3venes, mujeres del poder local, funcionarias, as\u00ed como todo lo relacionado con la discriminaci\u00f3n y&nbsp; los&nbsp; asuntos de la salud f\u00edsica y&nbsp; psicoemocional de las v\u00edctimas.<\/p>\n\n\n\n<p class=\"wp-block-paragraph\">Sobre ello la ex magistrada presidenta del Tribunal Electoral del Poder Judicial de la Federaci\u00f3n TEPJF, Mary Carmen Alan\u00eds Figueroa plante\u00f3 puntos nodales:<\/p>\n\n\n\n<p class=\"wp-block-paragraph\">*El problema de la violencia de g\u00e9nero y en especial en la pol\u00edtica, est\u00e1 sobre diagnosticado, \u201cya sabemos\u201d por tanto es momento de actuar.<\/p>\n\n\n\n<p class=\"wp-block-paragraph\">*No se hizo antes por motivos pol\u00edticos y muchas otras razones.<\/p>\n\n\n\n<p class=\"wp-block-paragraph\">*Mientras hay que asumir que a las mexicanas \u201cnos est\u00e1n matando\u201d y&nbsp; \u201cestamos en una situaci\u00f3n muy grave\u201d y \u201cno queremos que esto contin\u00fae\u201d.<\/p>\n\n\n\n<p class=\"wp-block-paragraph\">*Preocupa que en muchas iniciativas archivada no hay sanciones o se restringen al \u00e1mbito s\u00f3lo de votar y ser votadas.<\/p>\n\n\n\n<p class=\"wp-block-paragraph\">*El \u00faltimo proyecto, representaba una regresi\u00f3n. Limitaba derechos y pretend\u00eda establecer que se reconocer\u00eda violencia pol\u00edtica, solo en los casos en que se afectara el derecho a votar y ser votada.<\/p>\n\n\n\n<p class=\"wp-block-paragraph\">*Eso porque \u201cnos quisieron meter unos goles espantosos, restringiendo derechos y haciendo un chicharr\u00f3n de los supuestos de violencia pol\u00edtica\u201d.<\/p>\n\n\n\n<p class=\"wp-block-paragraph\">*El problema con las distintas iniciativas es que no conceptualizan adecuadamente la violencia de g\u00e9nero, no prev\u00e9n sanciones y tampoco reparaci\u00f3n del da\u00f1o.<\/p>\n\n\n\n<p class=\"wp-block-paragraph\">*Hay resistencia a reconocer la violencia pol\u00edtica de g\u00e9nero en la ley, porque de ese modo no habr\u00e1 sanci\u00f3n ni se erradicar\u00e1 el problema.<\/p>\n\n\n\n<p class=\"wp-block-paragraph\">*La norma debe incluir claramente medidas de protecci\u00f3n para detener la conducta en cuesti\u00f3n, sancionar al infractor y garantizar reparaci\u00f3n del da\u00f1o.<\/p>\n\n\n\n<p class=\"wp-block-paragraph\">*Es necesario definir las competencias de cada autoridad, puntualizar la conducta irregular, as\u00ed como establecer un cat\u00e1logo claro de las mismas, a fin de establecer sanciones.<\/p>\n\n\n\n<p class=\"wp-block-paragraph\">* Sanciones &nbsp;que vayan de la amonestaci\u00f3n y hasta la destituci\u00f3n de los infractores, para evitar la evasi\u00f3n de responsabilidades e impunidad.<\/p>\n\n\n\n<p class=\"wp-block-paragraph\">* Como a los partidos pol\u00edticos \u201cles sobra\u201d el dinero para pagar multas, las pagan e &nbsp;insisten en violentar la ley.<\/p>\n\n\n\n<p class=\"wp-block-paragraph\">*Hay que establecer medidas espec\u00edficas para impedir la repetici\u00f3n de las conductas.<\/p>\n\n\n\n<p class=\"wp-block-paragraph\">*Dar efectividad a la norma.<\/p>\n\n\n\n<p class=\"wp-block-paragraph\">*Los cambios deben ir a las leyes electorales,&nbsp; a la Ley General de Acceso a las Mujeres a una Vida Libre de Violencia, a los c\u00f3digos penales y a la ley de partidos pol\u00edticos.<\/p>\n\n\n\n<p class=\"wp-block-paragraph\">Critic\u00f3 nuevamente el trabajo parlamentario realizado hasta el momento, donde insisti\u00f3, diputados e incluso diputadas, ten\u00edan la plena intenci\u00f3n de que la reforma no avanzara o bien, no estableciera t\u00e9rminos claros para frenar el combate a la violencia pol\u00edtica.<\/p>\n\n\n\n<p class=\"wp-block-paragraph\">Para la presidenta de la Comisi\u00f3n, Wendy Brise\u00f1o desde 2012 se propuso incluir el t\u00e9rmino de violencia pol\u00edtica, pero las iniciativas referentes no prosperaron.<\/p>\n\n\n\n<p class=\"wp-block-paragraph\">Dijo que &nbsp;en 2015 y 2017 se presentaron 10 proyectos cuyo fin general era erradicar la violencia pol\u00edtica de g\u00e9nero, a trav\u00e9s de modificaciones a las leyes General de Acceso de las Mujeres a una Vida Libre de Violencia,&nbsp; General de Instituciones y Procedimientos Electorales, la de los &nbsp;Partidos Pol\u00edticos, la General en Materia de Delitos Electorales y la General del Sistema de Medios de Impugnaci\u00f3n en Materia Electoral. Ninguna prosper\u00f3.<\/p>\n\n\n\n<p class=\"wp-block-paragraph\">En 2017, el Senado revis\u00f3 una propuesta m\u00e1s, con el fin de sancionar la violencia pol\u00edtica y promover los derechos pol\u00edtico electorales de las mujeres, la cual qued\u00f3 pendiente. En paralelo, en San L\u00e1zaro se presentaron propuestas para establecer que cualquier acto cuyo fin sea impedir a la mujer ejercer los derechos pol\u00edtico electorales, ser\u00eda considerado violencia pol\u00edtica, detall\u00f3.<\/p>\n\n\n\n<p class=\"wp-block-paragraph\">Esa planteaba sanciones a partidos pol\u00edticos, aspirantes a candidatos, dirigentes y afiliados y tampoco avanz\u00f3.<\/p>\n\n\n\n<p class=\"wp-block-paragraph\">As\u00ed hay ya &nbsp;propuestas en la presente Legislatura, en el Senado, buscan tipificar la violencia pol\u00edtica, asociada al ejercicio de derechos pol\u00edtico electorales; as\u00ed como crear un tipo penal que sancione la violencia pol\u00edtica contra las mujeres y establezca ese elemento como causa de nulidad en una elecci\u00f3n.<\/p>\n\n\n\n<p class=\"wp-block-paragraph\">Las que se discuten en San L\u00e1zaro, abund\u00f3, contemplan tipificar la violencia pol\u00edtica por raz\u00f3n de g\u00e9nero, aclarar competencias de las autoridades, dar prioridad a medidas de prevenci\u00f3n, establecer normas claras a cumplir por los partidos y las sanciones aplicables.<\/p>\n\n\n\n<p class=\"wp-block-paragraph\">Por ello&nbsp; urge una legislaci\u00f3n, porque \u201cnos est\u00e1n matando\u201d, porque las mujeres tienen derecho a participar en pol\u00edtica con paz y seguridad y porque si el problema es de t\u00e9cnica legislativa, esta legislatura deber\u00e1 resolverlo ya.<\/p>\n","protected":false},"excerpt":{"rendered":"<p>Sara Lovera SemM\u00e9xico. Cd. de M\u00e9xico. 19 de febrero de 2019.- La violencia pol\u00edtica contra las mujeres que ha dejado muertas, con huellas perennes,&nbsp; miedo, enfermedades&nbsp; y desaliento, lo que obliga inmediatamenta a legislar y sacar de los archivos al menos 22 iniciativas discutidas en los \u00faltimos 5 a\u00f1os sin resolverse, se dijo en un [&hellip;]<\/p>\n","protected":false},"author":3,"featured_media":3616,"comment_status":"open","ping_status":"open","sticky":false,"template":"","format":"standard","meta":{"_monsterinsights_skip_tracking":false,"footnotes":""},"categories":[690,50,69],"tags":[],"class_list":["post-3615","post","type-post","status-publish","format-standard","has-post-thumbnail","category-690","category-congreso","category-sara-lovera"],"_links":{"self":[{"href":"https:\/\/redsemlac.com\/semmexico\/wp-json\/wp\/v2\/posts\/3615","targetHints":{"allow":["GET"]}}],"collection":[{"href":"https:\/\/redsemlac.com\/semmexico\/wp-json\/wp\/v2\/posts"}],"about":[{"href":"https:\/\/redsemlac.com\/semmexico\/wp-json\/wp\/v2\/types\/post"}],"author":[{"embeddable":true,"href":"https:\/\/redsemlac.com\/semmexico\/wp-json\/wp\/v2\/users\/3"}],"replies":[{"embeddable":true,"href":"https:\/\/redsemlac.com\/semmexico\/wp-json\/wp\/v2\/comments?post=3615"}],"version-history":[{"count":0,"href":"https:\/\/redsemlac.com\/semmexico\/wp-json\/wp\/v2\/posts\/3615\/revisions"}],"wp:featuredmedia":[{"embeddable":true,"href":"https:\/\/redsemlac.com\/semmexico\/wp-json\/wp\/v2\/media\/3616"}],"wp:attachment":[{"href":"https:\/\/redsemlac.com\/semmexico\/wp-json\/wp\/v2\/media?parent=3615"}],"wp:term":[{"taxonomy":"category","embeddable":true,"href":"https:\/\/redsemlac.com\/semmexico\/wp-json\/wp\/v2\/categories?post=3615"},{"taxonomy":"post_tag","embeddable":true,"href":"https:\/\/redsemlac.com\/semmexico\/wp-json\/wp\/v2\/tags?post=3615"}],"curies":[{"name":"wp","href":"https:\/\/api.w.org\/{rel}","templated":true}]}}