{"id":36118,"date":"2021-05-29T09:04:27","date_gmt":"2021-05-29T15:04:27","guid":{"rendered":"https:\/\/redsemlac.com\/semmexico\/?p=36118"},"modified":"2023-07-21T17:01:07","modified_gmt":"2023-07-21T22:01:07","slug":"hablar-de-lo-que-no-se-habla-la-menstruacion","status":"publish","type":"post","link":"https:\/\/redsemlac.com\/semmexico\/hablar-de-lo-que-no-se-habla-la-menstruacion\/","title":{"rendered":"Hablar de lo que no se habla, la menstruaci\u00f3n"},"content":{"rendered":"<p><span style=\"font-weight: 400;\">* 28 de mayo, dedicado a la salud menstrual<\/span><\/p>\n<p><!--more--><\/p>\n<p><span style=\"font-weight: 400;\">* Persisten los tab\u00faes sobre, pero le sucede a todas las mujeres<\/span><\/p>\n<p><span style=\"font-weight: 400;\">Patricia Brise\u00f1o<\/span><\/p>\n<p><span style=\"font-weight: 400;\">SemM\u00e9xico, Oaxaca, 29 de mayo, 2021.- Cada 28 de mayo se celebra el D\u00eda Mundial de la Salud Menstrual, una iniciativa civil para hablar de lo que no se habla, aunque se trata de un proceso natural en todas las mujeres.<\/span><\/p>\n<p><span style=\"font-weight: 400;\">A partir de 2013 instituciones acad\u00e9micas y de salud, colectivas, asociaciones civiles y medios de comunicaci\u00f3n abordan el tema desde diferentes perspectivas, que resaltan la importancia que tiene en la vida de quienes mes a mes atraviesan su ciclo menstrual.<\/span><\/p>\n<p><span style=\"font-weight: 400;\">Se eligi\u00f3 el d\u00eda 28, porque el periodo corresponde al ciclo menstrual, y se design\u00f3 el quinto mes del a\u00f1o (mayo), en referencia al n\u00famero de d\u00edas del periodo.&nbsp;<\/span><\/p>\n<p><span style=\"font-weight: 400;\">La menstruaci\u00f3n, per\u00edodo o regla es una etapa importante de la pubertad en las ni\u00f1as, es uno de los principales indicios f\u00edsicos que se\u00f1alan que una ni\u00f1a se est\u00e1 convirtiendo en mujer, inform\u00f3 Efr\u00e9n Concha Velasco, m\u00e9dico ginec\u00f3logo de los servicios de salud de Oaxaca.<\/span><\/p>\n<p><span style=\"font-weight: 400;\">As\u00ed como algunas ni\u00f1as ingresan a la pubertad antes que otras, lo mismo ocurre con el per\u00edodo. En la regi\u00f3n de la Costa e Istmo, las ni\u00f1as comienzan a transitar la pubertad entre los ocho y 10 a\u00f1os de edad, mientras en la regi\u00f3n Mixteca y Sierra, despu\u00e9s de los 14 a\u00f1os\u201d.<\/span><\/p>\n<p><span style=\"font-weight: 400;\">Refiri\u00f3 que el primer periodo menstrual se conoce como menarca. La menarca no aparece hasta que todas las partes del aparato reproductor de una ni\u00f1a est\u00e9n maduras y funcionen en conjunto.<\/span><\/p>\n<p><span style=\"font-weight: 400;\">&nbsp;<\/span><span style=\"font-weight: 400;\">El profesional de la salud explic\u00f3 que las mujeres nacen con ovarios, trompas de Falopio y \u00fatero. Alrededor de una vez por mes, un diminuto \u00f3vulo abandona uno de los ovarios, lo que se conoce como \u201covulaci\u00f3n\u201d, y se desplaza a trav\u00e9s de una de las trompas, el \u00fatero se prepara para un embarazo, pero si el \u00f3vulo no es fertilizado: la sangre, el tejido y el \u00f3vulo abandonan el \u00fatero. En esto consiste el periodo menstrual.<\/span><\/p>\n<p><span style=\"font-weight: 400;\">Lamentablemente esta informaci\u00f3n b\u00e1sica y normal,&nbsp; siempre tiene un tinte de tab\u00fa, secreto o miedo, cuando es de vital importancia abordarlo por el impacto que tiene el flujo menstrual en la salud f\u00edsica emocional y econom\u00eda de las mujeres.<\/span><\/p>\n<p><span style=\"font-weight: 400;\">&nbsp;<\/span><span style=\"font-weight: 400;\">De acuerdo con las instancias de salud y de la sociedad civil, la menstruaci\u00f3n es motivo de ausentismo escolar; los productos sanitarios son caros, est\u00e1n sujetos a la oferta y demanda. Porque si las mujeres se manchan no pueden estar en p\u00fablico, y en las escuelas dan poca informaci\u00f3n.<\/span><\/p>\n<p><b>Acceso gratuito de toallas sanitarias en la congeladora<\/b><\/p>\n<p><span style=\"font-weight: 400;\">El 19 de octubre de 2020, la diputada Elisa Zepeda Lagunas, integrante de la 64 Legislatura del Estado de Oaxaca present\u00f3 una iniciativa, en la que se propone la reforma a la fracci\u00f3n I del art\u00edculo 31 de la Ley Estatal de Salud, para garantizar la disponibilidad de medicamentos b\u00e1sicos e insumos para la salud reproductiva de mujeres en etapa menstrual, sin embargo, la propuesta est\u00e1 en la congeladora.<\/span><\/p>\n<p><span style=\"font-weight: 400;\">La iniciativa plantea que el Gobierno del Estado coadyuve con las autoridades federales y municipales competentes para este fin.<\/span><\/p>\n<p><span style=\"font-weight: 400;\">As\u00ed tambi\u00e9n que la Secretar\u00eda de Salud a trav\u00e9s de los Servicios de Salud de Oaxaca pongan a disposici\u00f3n de las mujeres en edad reproductiva toallas sanitarias de uso menstrual en las Unidades M\u00e9dicas, Centros y&nbsp;<\/span><\/p>\n<p><span style=\"font-weight: 400;\">Casas de Salud, ubicadas en los municipios y comunidades del territorio oaxaque\u00f1o, priorizando la utilizaci\u00f3n de productos reutilizables, sustentables o ecol\u00f3gicos.<\/span><\/p>\n<p><span style=\"font-weight: 400;\">El m\u00e9dico ginec\u00f3logo recomienda:<\/span><\/p>\n<p><span style=\"font-weight: 400;\">Cambiar de toallas higi\u00e9nicas en un periodo menor de cuatro horas.<\/span><\/p>\n<p><span style=\"font-weight: 400;\">Evitar usar ropa de licra, es recomendable el algod\u00f3n.<\/span><\/p>\n<p><span style=\"font-weight: 400;\">Ba\u00f1o diario.<\/span><\/p>\n<p><span style=\"font-weight: 400;\">El per\u00edodo no debe convertirse en un obst\u00e1culo para hacer ejercicio, divertirse y disfrutar de la vida.<\/span><\/p>\n<p><span style=\"font-weight: 400;\">Ir a consulta en los siguientes casos:&nbsp;<\/span><\/p>\n<p><span style=\"font-weight: 400;\">El per\u00edodo dura m\u00e1s de una semana.<\/span><\/p>\n<p><span style=\"font-weight: 400;\">El cambio de toallas higi\u00e9nicas demasiado seguido&nbsp;<\/span><\/p>\n<p><span style=\"font-weight: 400;\">Pasan m\u00e1s de tres meses entre periodo y periodo.<\/span><\/p>\n<p><span style=\"font-weight: 400;\">Sangrado entre los periodos.<\/span><\/p>\n<p><span style=\"font-weight: 400;\">Dolores agudos antes o durante tu periodo.<\/span><\/p>\n<p><span style=\"font-weight: 400;\">Los periodos eran regulares y luego se volvieron irregulares.<\/span><\/p>\n<p><span style=\"font-weight: 400;\">SEM\/pb\/sj<\/span><\/p>\n","protected":false},"excerpt":{"rendered":"<p>* 28 de mayo, dedicado a la salud menstrual<\/p>\n","protected":false},"author":3,"featured_media":36119,"comment_status":"open","ping_status":"open","sticky":false,"template":"","format":"standard","meta":{"_monsterinsights_skip_tracking":false,"footnotes":""},"categories":[692,54],"tags":[423,422,224,149,146,418],"class_list":["post-36118","post","type-post","status-publish","format-standard","has-post-thumbnail","category-692","category-mujeres","tag-28-mayo","tag-menstruacion","tag-mujer","tag-mujeres","tag-oaxaca","tag-salud"],"_links":{"self":[{"href":"https:\/\/redsemlac.com\/semmexico\/wp-json\/wp\/v2\/posts\/36118","targetHints":{"allow":["GET"]}}],"collection":[{"href":"https:\/\/redsemlac.com\/semmexico\/wp-json\/wp\/v2\/posts"}],"about":[{"href":"https:\/\/redsemlac.com\/semmexico\/wp-json\/wp\/v2\/types\/post"}],"author":[{"embeddable":true,"href":"https:\/\/redsemlac.com\/semmexico\/wp-json\/wp\/v2\/users\/3"}],"replies":[{"embeddable":true,"href":"https:\/\/redsemlac.com\/semmexico\/wp-json\/wp\/v2\/comments?post=36118"}],"version-history":[{"count":0,"href":"https:\/\/redsemlac.com\/semmexico\/wp-json\/wp\/v2\/posts\/36118\/revisions"}],"wp:featuredmedia":[{"embeddable":true,"href":"https:\/\/redsemlac.com\/semmexico\/wp-json\/wp\/v2\/media\/36119"}],"wp:attachment":[{"href":"https:\/\/redsemlac.com\/semmexico\/wp-json\/wp\/v2\/media?parent=36118"}],"wp:term":[{"taxonomy":"category","embeddable":true,"href":"https:\/\/redsemlac.com\/semmexico\/wp-json\/wp\/v2\/categories?post=36118"},{"taxonomy":"post_tag","embeddable":true,"href":"https:\/\/redsemlac.com\/semmexico\/wp-json\/wp\/v2\/tags?post=36118"}],"curies":[{"name":"wp","href":"https:\/\/api.w.org\/{rel}","templated":true}]}}