{"id":35969,"date":"2021-05-25T13:42:47","date_gmt":"2021-05-25T19:42:47","guid":{"rendered":"https:\/\/redsemlac.com\/semmexico\/?p=35969"},"modified":"2023-07-21T17:01:12","modified_gmt":"2023-07-21T22:01:12","slug":"siete-respuestas-para-preguntas-necias-sobre-la-maternidad","status":"publish","type":"post","link":"https:\/\/redsemlac.com\/semmexico\/siete-respuestas-para-preguntas-necias-sobre-la-maternidad\/","title":{"rendered":"Siete respuestas para preguntas necias sobre la maternidad"},"content":{"rendered":"\n<ul class=\"wp-block-list\"><li><strong>Elizabeth Badinter demostr\u00f3 que no existe el instinto maternal<\/strong><\/li><li><strong>Ser mam\u00e1 no es la \u00fanica funci\u00f3n por la cual venimos a este mundo<\/strong><\/li><\/ul>\n\n\n\n<p class=\"wp-block-paragraph\"><strong>Sylvia Ruth Torres<\/strong><\/p>\n\n\n\n<p class=\"wp-block-paragraph\">SemM\u00e9xico\/SEMlac, Managua, Nicaragua, 25 de mayo, 2021.- Llega el 30 de Mayo, D\u00eda de las Madres, y la presi\u00f3n social para que nos ajustemos a la ilusi\u00f3n de la familia heteropatriarcal y la maternidad compulsiva se nos acumula, entre otras cosas, por el bombardeo radial con aquella horrible canci\u00f3n que divide a las mujeres entre madres y caprichosas zorras e idealiza el abandono paterno. Me imagino que ya les suena: Lo tuyo es capricho, pura vanidad, lo de ella es cari\u00f1o, cari\u00f1o verdad o Madrecita del alma querida y hasta Leona de tiempo completo, que es linda, pero sexista, porque as\u00ed han sido obligadas a ser la mayor\u00eda de las mujeres que ejercen la maternidad y a muchas nos representa a nuestras mam\u00e1s.<\/p>\n\n\n\n<p class=\"wp-block-paragraph\">Se supone que las ni\u00f1as ya nacen con instinto o impulso irracional de ser madres, el instinto maternal que ya en 1980 la autora <a href=\"https:\/\/kolectivoporoto.cl\/wp-content\/uploads\/2015\/11\/Badinter-Elizabeth-Existe-el-amor-maternal.-Historia-de-la-maternidad-siglo-XII-al-XX.pdf\">Elizabeth Badinter<\/a>, demostr\u00f3 que no existe. La idea de amor maternal es cultural y fue creada en el siglo XVIII para evitar la muerte de ni\u00f1as y ni\u00f1os necesarios como fuerza de trabajo. O sea, leamos a la Badinter y otras autoras que han abordado estos temas.<\/p>\n\n\n\n<p class=\"wp-block-paragraph\">Ser mam\u00e1 no es la \u00fanica funci\u00f3n por la cual venimos a este mundo. La maternidad es un derecho y como tal tiene obligaciones, siendo la principal que sea deseada.&nbsp; El tema es sencillo, pero hay que leer e informarse, porque el feminismo, lo ha enfatizado Marcela Lagarde \u201cse estudia, repito, se estudia\u201d.<\/p>\n\n\n\n<p class=\"wp-block-paragraph\">As\u00ed que aqu\u00ed le entramos a esas preguntas que tengamos descendencia o no, nos hacen, casi siempre personas bien intencionadas pero inc\u00f3modas y metiches. Seg\u00fan un r\u00e1pido y malcriado sondeo algunas de estas ser\u00edan:<\/p>\n\n\n\n<p class=\"wp-block-paragraph\">1 \u00a1Milagros te embarazaste!, si las mujeres como vos son antini\u00f1os<\/p>\n\n\n\n<p class=\"wp-block-paragraph\">Mala onda, a lo mejor, primero pensaste que la maternidad es una responsabilidad y que es mentira que donde come y duerme uno, comen y duermen tres. Esperar hasta que te sent\u00eds con capacidad para responder por la vida de una persona no significa que odies a las ni\u00f1as o ni\u00f1os; se trata de ser responsable.<\/p>\n\n\n\n<p class=\"wp-block-paragraph\">2 \u00bfNo te da miedo embarazarte tan vieja?<\/p>\n\n\n\n<p class=\"wp-block-paragraph\">La enorme cantidad de embarazos adolescentes hace aparecer como natural que las j\u00f3venes se embaracen antes de los 20 a\u00f1os. Desde una perspectiva biol\u00f3gica la mejor edad seria a los 30 a\u00f1os, desde una perspectiva social un poquito despu\u00e9s. Adem\u00e1s, si quer\u00e9s ser madre, ya pasaste los 35, y ten\u00e9s dinero, all\u00ed est\u00e1 la ciencia para garantizar una maternidad segura. Pero, adem\u00e1s, desde otra perspectiva demogr\u00e1fica y econ\u00f3mica, la mejor edad, es cuando est\u00e1s lista. De todas maneras, es tu decisi\u00f3n, \u00bfqu\u00e9 les importa?<\/p>\n\n\n\n<p class=\"wp-block-paragraph\">3. \u00a1Por fin saliste panzona!, \u00a1ahora si sos una mujer de verdad!<\/p>\n\n\n\n<p class=\"wp-block-paragraph\">Pues este comentario tiene hasta todo un libro para responderle, pero un argumento certero nos lo ofrece la autora <a href=\"https:\/\/www.sigloxxieditores.com\/libro\/el-instinto-maternal-o-la-necesidad-de-un-mito_17244\/\">Norma Ferro<\/a> quien en 1991 aclara que la maternidad es una funci\u00f3n. Y aunque teng\u00e1s los \u00f3rganos para procrear no ten\u00e9s que hacerlo, y tampoco pensar que la maternidad es lo que te define como mujer.&nbsp; La diosa feminista Gloria Steinem ilustra lapidariamente el argumento, \u201cno toda la que tenga un \u00fatero debe tener un hijo, as\u00ed como no todo el que tenga cuerdas vocales tiene que ser cantante de \u00f3pera\u201d.<\/p>\n\n\n\n<p class=\"wp-block-paragraph\">4. \u00bfPor qu\u00e9 no quer\u00e9s hijos? \u00bfEs que no te gustan los hombres?<\/p>\n\n\n\n<p class=\"wp-block-paragraph\">Aqu\u00ed se enredan mangos y cocos. Y esto ocurre porque en nuestra cultura pocas personas imaginan que la relaci\u00f3n entre dos personas no tiene que ver necesariamente con la reproducci\u00f3n de la especie humana. Se cree que solo hay familia cuando hay hijas e hijos, o que la descendencia amarra las relaciones. Nos buscamos parejas del mismo o de distinto sexo porque nos atraemos er\u00f3tica y afectivamente y nos identificamos con la manera de ver el mundo de esa otra persona. Vivir en pareja y procrear y criar. Son procesos diferentes.<\/p>\n\n\n\n<p class=\"wp-block-paragraph\">5 \u00a1Te vas a quedar vieja y sola!<\/p>\n\n\n\n<p class=\"wp-block-paragraph\">Asegurarse compa\u00f1\u00eda en la vejez es una raz\u00f3n ego\u00edsta para ser mam\u00e1. Adem\u00e1s, aunque teng\u00e1s muchas hijas e hijos eso no asegura nada. Y estar solas, no es necesariamente malo. Marcela Lagarde, hace una diferencia entre desolaci\u00f3n y soledad. Ella describe la primera como el sentimiento de \u201cp\u00e9rdida irreparable\u2026 y la esperanza de encontrar alguien que nos quite nos quite el sentimiento de desolaci\u00f3n\u201d.<\/p>\n\n\n\n<p class=\"wp-block-paragraph\">La soledad en cambio, dice Lagarde, es un espacio para ejercer autonom\u00eda en donde \u201cno hay otros que act\u00faan como intermediarios con nosotras mismas\u201d.&nbsp; Aceptar la soledad es rechazar la fusi\u00f3n con otros, sean estos otros, pareja, partido, grupo iglesia, es ser individuas. Es dif\u00edcil desmontar el miedo a la soledad, pero bien se le puede cantar un bolero de la Sonora Matancera popular en la prehistoria: Hola Soledad.<\/p>\n\n\n\n<p class=\"wp-block-paragraph\">6 Si ya trabaj\u00e1s y sos independiente, lo \u00fanico que te falta es un hijo para estar completa<\/p>\n\n\n\n<p class=\"wp-block-paragraph\">La construcci\u00f3n cultural patriarcal nos borra a las mujeres la calidad de personas para asignarnos el de ser un medio para la reproducci\u00f3n de la especie humana. Para darle cuerpo a esa idea err\u00f3nea se promueve la idea de que solo pariendo podemos ser felices y completas. Fuera de ese papel reproductor, en general, la sociedad no le ve sentido a que existamos. Jennifer Anniston quien ha sido acusada de ser ego\u00edsta por negarse a tener hijos dice al respecto;<\/p>\n\n\n\n<p class=\"wp-block-paragraph\">&nbsp;\u201cExiste una presi\u00f3n sobre las mujeres para que sean madres, y si no lo son, entonces se consideran bienes da\u00f1ados. Tal vez mi prop\u00f3sito en este planeta es no procrear. \u00bfTal vez tengo otras cosas que se supone que debo hacer?\u201d.<\/p>\n\n\n\n<p class=\"wp-block-paragraph\">7. No quiere ser mam\u00e1 porque seguro es lesbiana y odia a los hombres<\/p>\n\n\n\n<p class=\"wp-block-paragraph\">Las preguntas y comentarios aqu\u00ed discutidos, muchas veces est\u00e1n dirigidas contra las feministas y lesbianas y o las feministas lesbianas, debido a la falta de informaci\u00f3n sobre la historia del movimiento feminista y de c\u00f3mo trabaja la cultura y la educaci\u00f3n para construir lo que se supone es correcto. Entre los principios del feminismo no est\u00e1 contemplado el odio hacia los hombres, muchas somos heterosexuales, bisexuales o poliamorosas.<\/p>\n\n\n\n<p class=\"wp-block-paragraph\">Nos oponemos a la cultura patriarcal o machista que, a trav\u00e9s de normas culturales implementadas por el Estado, las iglesias, la educaci\u00f3n y las tradiciones, entre otros factores, y no a los hombres. Unas somos madres y otras no. Las que lo somos nos esforzamos porque nuestros hijos sean hombres con masculinades positivas y las hijas sean individuas aut\u00f3nomas que ejerzan sus derechos.<\/p>\n\n\n\n<p class=\"wp-block-paragraph\">Fuente documental: art\u00edculo <a href=\"http:\/\/antares.iztacala.unam.mx\/pieg\/index.php\/articulos-gaceta\/feminidad\/instinto-maternal-existe\/\">Instinto maternal, \u00bfexiste?,<\/a> Mar\u00eda de los \u00c1ngeles Herrera Romero.<\/p>\n","protected":false},"excerpt":{"rendered":"<p>Elizabeth Badinter demostr\u00f3 que no existe el instinto maternal<\/p>\n","protected":false},"author":3,"featured_media":35970,"comment_status":"open","ping_status":"open","sticky":false,"template":"","format":"standard","meta":{"_monsterinsights_skip_tracking":false,"footnotes":""},"categories":[692,110,35],"tags":[],"class_list":["post-35969","post","type-post","status-publish","format-standard","has-post-thumbnail","category-692","category-la-opinion-columnas","category-opinion"],"_links":{"self":[{"href":"https:\/\/redsemlac.com\/semmexico\/wp-json\/wp\/v2\/posts\/35969","targetHints":{"allow":["GET"]}}],"collection":[{"href":"https:\/\/redsemlac.com\/semmexico\/wp-json\/wp\/v2\/posts"}],"about":[{"href":"https:\/\/redsemlac.com\/semmexico\/wp-json\/wp\/v2\/types\/post"}],"author":[{"embeddable":true,"href":"https:\/\/redsemlac.com\/semmexico\/wp-json\/wp\/v2\/users\/3"}],"replies":[{"embeddable":true,"href":"https:\/\/redsemlac.com\/semmexico\/wp-json\/wp\/v2\/comments?post=35969"}],"version-history":[{"count":0,"href":"https:\/\/redsemlac.com\/semmexico\/wp-json\/wp\/v2\/posts\/35969\/revisions"}],"wp:featuredmedia":[{"embeddable":true,"href":"https:\/\/redsemlac.com\/semmexico\/wp-json\/wp\/v2\/media\/35970"}],"wp:attachment":[{"href":"https:\/\/redsemlac.com\/semmexico\/wp-json\/wp\/v2\/media?parent=35969"}],"wp:term":[{"taxonomy":"category","embeddable":true,"href":"https:\/\/redsemlac.com\/semmexico\/wp-json\/wp\/v2\/categories?post=35969"},{"taxonomy":"post_tag","embeddable":true,"href":"https:\/\/redsemlac.com\/semmexico\/wp-json\/wp\/v2\/tags?post=35969"}],"curies":[{"name":"wp","href":"https:\/\/api.w.org\/{rel}","templated":true}]}}