{"id":35963,"date":"2021-05-25T11:51:55","date_gmt":"2021-05-25T17:51:55","guid":{"rendered":"https:\/\/redsemlac.com\/semmexico\/?p=35963"},"modified":"2023-07-21T17:00:34","modified_gmt":"2023-07-21T22:00:34","slug":"doctor-lopez","status":"publish","type":"post","link":"https:\/\/redsemlac.com\/semmexico\/doctor-lopez\/","title":{"rendered":"Doctor L\u00f3pez"},"content":{"rendered":"\n<p class=\"has-text-align-right wp-block-paragraph\"><em>Solidario abrazo a mi amigo Paco Rodr\u00edguez<\/em><\/p>\n\n\n\n<h2 class=\"wp-block-heading\">Entresemana<\/h2>\n\n\n\n<p class=\"wp-block-paragraph\"><strong>Mois\u00e9s S\u00e1nchez Lim\u00f3n<\/strong><\/p>\n\n\n\n<p class=\"wp-block-paragraph\">SemM\u00e9xico, 25 de mayo, 2021.- Lunes 24 de mayo y el licenciado presidente cumpl\u00eda frente al micr\u00f3fono su ilustrativa homil\u00eda. Hab\u00eda hablado de econom\u00eda, de energ\u00eda, de precios en productos b\u00e1sicos, de ferrocarriles\u2026 hasta le dio un rasp\u00f3n al doctor Ernesto Zedillo.<\/p>\n\n\n\n<p class=\"wp-block-paragraph\">\u00a1Ah!, pero pronto retom\u00f3 aquella postura de sabelotodo, \u00e9sa de febrero y marzo del a\u00f1o pasado, cuando junto con su tocayo de apellido, cuaderno de doble raya L\u00f3pez-Gatell, pronostic\u00f3 que el Covid-19 no llegar\u00eda a M\u00e9xico y, si llegaba, su gobierno estaba preparado, adem\u00e1s de que no era peligroso. La influenza, compararon los L\u00f3pez, era peor.<\/p>\n\n\n\n<p class=\"wp-block-paragraph\">\u00bfY?<\/p>\n\n\n\n<p class=\"wp-block-paragraph\">Bueno, bueno, a la distancia de poquito m\u00e1s de un a\u00f1o, la Secretar\u00eda de Salud les dio un ment\u00eds con el informe de que, hasta el lunes 24 de mayo de 2021, en M\u00e9xico suman dos millones 397 mil 307 personas infectadas con COVID-19. Y tambi\u00e9n hasta el pen\u00faltimo lunes de mayo de 2021 han muerto por este virus 221 mil 695 personas. \u00bfNo pasar\u00eda nada? \u00a1Ja!<\/p>\n\n\n\n<p class=\"wp-block-paragraph\">Esa es la cifra oficial, un desagregada alude a 238 mil 825 personas muertas. Lo cierto es que el n\u00famero de personas muertas puede superar al medio mill\u00f3n.<\/p>\n\n\n\n<p class=\"wp-block-paragraph\">S\u00ed, es cifra de esc\u00e1ndalo que no gusta al licenciado Andr\u00e9s Manuel, quien acusa de amarillista y alarmista a la prensa que difunde el ya cotidiano n\u00famero de muertos por el Covid-19, adem\u00e1s del enorme, enorme n\u00famero de contagiados.<\/p>\n\n\n\n<p class=\"wp-block-paragraph\">Sin duda los n\u00fameros son la mejor evidencia del p\u00e9simo manejo, que linda en lo criminal, de la pandemia de coronavirus que super\u00f3 las expectativas optimistas del doctor Hugo L\u00f3pez-Gatell Ram\u00edrez, quien tiene el rimbombante cargo de subsecretario de Prevenci\u00f3n y Promoci\u00f3n de la Salud, de la Secretar\u00eda de Salud.<\/p>\n\n\n\n<p class=\"wp-block-paragraph\">L\u00f3pez Obrador y L\u00f3pez-Gatell han echado bajo la alfombra aquellas declaraciones en las que minimizaron el alto riesgo de la epidemia que se avecinaba. La compararon, como una gripita.<\/p>\n\n\n\n<p class=\"wp-block-paragraph\">\u00bfRecuerda usted aquella invitaci\u00f3n que, desde Oaxaca, hizo el se\u00f1orpresidente para que, si ten\u00edan lana, salieran a comer, que se dieran abrazos, que no pasaba nada?. Que no hab\u00eda que exagerar.<\/p>\n\n\n\n<p class=\"wp-block-paragraph\">En marzo del a\u00f1o pasado, en un acto que lo pint\u00f3 en toda su dimensi\u00f3n servil, L\u00f3pez-Gatell se atrevi\u00f3 a decir que el licenciado L\u00f3pez Obrador no pod\u00eda contagiar, \u201cno es una fuerza de contagio\u00bb de coronavirus, refiri\u00f3.<\/p>\n\n\n\n<p class=\"wp-block-paragraph\">Y es que, en una ma\u00f1anera de marzo de 2020, le preguntaron si L\u00f3pez Obrador podr\u00eda ser una fuente de contagio del Covid-19,&nbsp;por sus actividades y giras de fin de semana por el interior del pa\u00eds, en las que saluda, abraza y besa a asistentes a sus actos.<\/p>\n\n\n\n<p class=\"wp-block-paragraph\">L\u00f3pez-Gatell Ram\u00edrez dijo que \u201cLa fuerza del presidente es moral, no es una fuerza de contagio. En t\u00e9rminos de una persona, de un individuo que pudiera contagiar a otros, el presidente&nbsp;tiene la misma probabilidad de contagiar que tiene usted o que tengo yo. Usted tambi\u00e9n hace recorridos, giras y est\u00e1 en la sociedad. El presidente no es una fuerza de contagio, entonces no tiene porqu\u00e9 ser la persona que contagie a las masas, o al rev\u00e9s\u201d.<\/p>\n\n\n\n<p class=\"wp-block-paragraph\">Y por si hab\u00eda alguna duda, asegur\u00f3: \u201caunque pase de los 60 a\u00f1os, no quiere decir que es una persona de especial riesgo. Casi ser\u00eda mejor que padeciera coronavirus porque \u00e9l, en lo individual, se va a recuperar espont\u00e1neamente y va a quedar inmune\u201d, asever\u00f3.<\/p>\n\n\n\n<p class=\"wp-block-paragraph\">Y m\u00e1s, L\u00f3pez-Gatell asegur\u00f3 que la creencia de que el licenciado presidente deb\u00eda hacerse la prueba por&nbsp;COVID-19&nbsp;parte de una idea fuera de lugar.<\/p>\n\n\n\n<p class=\"wp-block-paragraph\">\u00bfY qu\u00e9 es lo que pas\u00f3? Recuerde usted que Andr\u00e9s Manuel y Hugo se enfermaron, se contagiaron de Covid-19, aunque se la pasaron ch\u00e9vere con atenci\u00f3n m\u00e9dica de primera, nada de consultorio del doctor Simi, nada de hospital del IMSS o del ISSSTE. Se recuperaron como milagro del Tepeyac y andan frescos y rozagantes.<\/p>\n\n\n\n<p class=\"wp-block-paragraph\">Mire usted, la referencia de sabelotodo de Andr\u00e9s Manuel y su tocayazo Hugo, viene a colaci\u00f3n por lo dicho, en la conferencia ma\u00f1anera de inicio de semana y la respectiva vespertina del informe de la pandemia.<\/p>\n\n\n\n<p class=\"wp-block-paragraph\">Eduardo Quevedo, quien se identific\u00f3 \u201cde&nbsp;<em>Canal 14 SPR<\/em>\u201d, muy formal plante\u00f3 y pregunt\u00f3 al se\u00f1orpresidente \u201csobre lo que sucedi\u00f3 en Campeche, que decidi\u00f3 retroceder en el plan de inicio a clases ante el incremento de casos COVID, \u00bfqu\u00e9 lecci\u00f3n nos deja esta situaci\u00f3n?, \u00bfy c\u00f3mo se estar\u00e1 evaluando en el resto del pa\u00eds esta situaci\u00f3n?<\/p>\n\n\n\n<p class=\"wp-block-paragraph\">Y he ah\u00ed que, como buen sabelotodo, el licenciado L\u00f3pez Obrador se enfund\u00f3 en la bata de experto y atendi\u00f3 con el estetoscopio pegado a su pecho que no es bodega:<\/p>\n\n\n\n<p class=\"wp-block-paragraph\"><strong>\u201cBueno, hicieron bien, pero no se debe de exagerar, hay que aislar si se encuentra un contagio o un brote, se a\u00edsla, pero no cerrar por completo, no parar. Tenemos informaci\u00f3n de que la pandemia sigue perdiendo fuerza, o sea, no hay indicios, no hay elementos para preocuparnos de que pueda venir una tercera ola; si no, lo dir\u00edamos.<\/strong><\/p>\n\n\n\n<p class=\"wp-block-paragraph\"><strong>\u201cEntonces, s\u00ed pueden darse casos ah\u00ed, aislados, pero esto no puede ser algo de preocupaci\u00f3n nacional. Lo digo por Campeche y lo digo por Nayarit, pero tambi\u00e9n porque en Veracruz van a comenzar, y aqu\u00ed tambi\u00e9n (en la Ciudad de M\u00e9xico); y en el caso de Veracruz llevan ya tiempo en verde, en sem\u00e1foro verde, no hay muchos contagios.<\/strong><\/p>\n\n\n\n<p class=\"wp-block-paragraph\"><strong>\u201cY s\u00ed es muy importante regresar a las clases presenciales, mucho muy importante, es cuidar la salud, pero tambi\u00e9n garantizar el derecho a la educaci\u00f3n, que no se nos vuelva costumbre el que los ni\u00f1os tienen que estar frente al televisor o al internet, o recibiendo las clases en l\u00ednea, no, eso no es lo mejor.<\/strong><\/p>\n\n\n\n<p class=\"wp-block-paragraph\"><strong>\u201cY no s\u00f3lo son ni\u00f1as y ni\u00f1os, adolescentes. Tenemos que regresar lo m\u00e1s pronto posible a las clases presenciales porque tambi\u00e9n tenemos entre todos que hacer una evaluaci\u00f3n de c\u00f3mo regresan los ni\u00f1os, las ni\u00f1as, los adolescentes y quienes no van a regresar, que hay que irlos a buscar, pero no vamos a poder saber de qu\u00e9 dimensi\u00f3n es la deserci\u00f3n si no nos volvemos a reunir en las aulas\u201d.<\/strong><\/p>\n\n\n\n<p class=\"wp-block-paragraph\"><strong>\u201c(\u2026) Entonces, yo s\u00ed creo que tenemos que tener cuidado, tener buenos protocolos de salud para el regreso a clases, pero no decir: \u2018Hubo un afectado, un contagio y cerramos ya de nuevo toda la escuela\u2019. No, vamos tratando\u201d.<\/strong><\/p>\n\n\n\n<p class=\"wp-block-paragraph\">&#8211;Aprender a vivir con ello, presidente.<\/p>\n\n\n\n<p class=\"wp-block-paragraph\"><strong>&#8212;<\/strong><strong>S\u00ed, buscar la forma de irlo resolviendo.&nbsp; Hay pa\u00edses (\u00bfcu\u00e1les?) en donde no cerraron lo educativo, o sea, hasta en los momentos m\u00e1s dif\u00edciles por la importancia que tiene la educaci\u00f3n, otros que s\u00ed completamente cerraron, nosotros cerramos y llevamos a cabo este proceso de educaci\u00f3n a distancia que funciona, que es una opci\u00f3n, que es una alternativa, pero no es lo mejor, no es lo mejor, hay que regresar a clases\u201d<\/strong>.<\/p>\n\n\n\n<p class=\"wp-block-paragraph\">\u00bfY qu\u00e9 cree? Horas despu\u00e9s el doctor L\u00f3pez-Gatell sali\u00f3 con un mensaje en similar l\u00ednea, y el fundamento del fil\u00f3sofo de G\u00fcemes: si es que s\u00ed, s\u00ed. Si es que es no, no.<\/p>\n\n\n\n<p class=\"wp-block-paragraph\">O sea: \u00a1Canijos padres de familia, no sean exagerados! Manden a los ni\u00f1os a la escuela, no pasa nada. La voz del mismo experto sabelotodo de febrero-marzo del a\u00f1o pasado que hoy recomienda retomar clases presenciales a la voz de ya como entonces salir, darse abrazos.<\/p>\n\n\n\n<p class=\"wp-block-paragraph\">\u00a1Vaya coincidencia! Justo en la ruta de los comicios del pr\u00f3ximo domingo 6 de junio el pa\u00eds se pinta verde y amarillo. \u00a1A votar por m\u00e1s de lo mismo! No cabe duda, este doctor L\u00f3pez Obrador no cura ni un pulque. Pero\u2026 Digo.<\/p>\n\n\n\n<p class=\"wp-block-paragraph\"><a href=\"mailto:sanchezlimon@gmail.com\">sanchezlimon@gmail.com<\/a><\/p>\n\n\n\n<p class=\"wp-block-paragraph\"><a href=\"http:\/\/www.entresemana.mx\">www.entresemana.mx<\/a><\/p>\n\n\n\n<p class=\"wp-block-paragraph\"><strong>@msanchezlimon @msanchezlimon1<\/strong><\/p>\n","protected":false},"excerpt":{"rendered":"<p>Lunes 24 de mayo y el licenciado presidente cumpl\u00eda frente al micr\u00f3fono su ilustrativa homil\u00eda. Hab\u00eda hablado de econom\u00eda, de energ\u00eda, de precios en productos b\u00e1sicos, de ferrocarriles\u2026 hasta le dio un rasp\u00f3n al doctor Ernesto Zedillo.<\/p>\n","protected":false},"author":3,"featured_media":15805,"comment_status":"open","ping_status":"open","sticky":false,"template":"","format":"standard","meta":{"_monsterinsights_skip_tracking":false,"footnotes":""},"categories":[692,105,83,35],"tags":[],"class_list":["post-35963","post","type-post","status-publish","format-standard","has-post-thumbnail","category-692","category-entresemana","category-moises-sanchez-limon","category-opinion"],"_links":{"self":[{"href":"https:\/\/redsemlac.com\/semmexico\/wp-json\/wp\/v2\/posts\/35963","targetHints":{"allow":["GET"]}}],"collection":[{"href":"https:\/\/redsemlac.com\/semmexico\/wp-json\/wp\/v2\/posts"}],"about":[{"href":"https:\/\/redsemlac.com\/semmexico\/wp-json\/wp\/v2\/types\/post"}],"author":[{"embeddable":true,"href":"https:\/\/redsemlac.com\/semmexico\/wp-json\/wp\/v2\/users\/3"}],"replies":[{"embeddable":true,"href":"https:\/\/redsemlac.com\/semmexico\/wp-json\/wp\/v2\/comments?post=35963"}],"version-history":[{"count":0,"href":"https:\/\/redsemlac.com\/semmexico\/wp-json\/wp\/v2\/posts\/35963\/revisions"}],"wp:featuredmedia":[{"embeddable":true,"href":"https:\/\/redsemlac.com\/semmexico\/wp-json\/wp\/v2\/media\/15805"}],"wp:attachment":[{"href":"https:\/\/redsemlac.com\/semmexico\/wp-json\/wp\/v2\/media?parent=35963"}],"wp:term":[{"taxonomy":"category","embeddable":true,"href":"https:\/\/redsemlac.com\/semmexico\/wp-json\/wp\/v2\/categories?post=35963"},{"taxonomy":"post_tag","embeddable":true,"href":"https:\/\/redsemlac.com\/semmexico\/wp-json\/wp\/v2\/tags?post=35963"}],"curies":[{"name":"wp","href":"https:\/\/api.w.org\/{rel}","templated":true}]}}