{"id":35960,"date":"2021-05-25T11:48:48","date_gmt":"2021-05-25T17:48:48","guid":{"rendered":"https:\/\/redsemlac.com\/semmexico\/?p=35960"},"modified":"2023-07-21T17:00:34","modified_gmt":"2023-07-21T22:00:34","slug":"ine-ordena-el-retiro-de-dos-spots-del-pes","status":"publish","type":"post","link":"https:\/\/redsemlac.com\/semmexico\/ine-ordena-el-retiro-de-dos-spots-del-pes\/","title":{"rendered":"INE ordena el retiro de dos spots del PES"},"content":{"rendered":"\n<ul class=\"wp-block-list\"><li><strong>Tambi\u00e9n pide retirar una publicaci\u00f3n en Facebook por identificar violencia de g\u00e9nero<\/strong><strong><\/strong><\/li><li><strong>Se\u00f1ala improcedente retirar un sitio web sobre el \u201cvoto \u00fatil\u201d<\/strong><\/li><\/ul>\n\n\n\n<p class=\"wp-block-paragraph\"><strong>Redacci\u00f3n <\/strong><strong><\/strong><\/p>\n\n\n\n<p class=\"wp-block-paragraph\">SemM\u00e9xico, Cd. de M\u00e9xico, 25 de mayo, 2021.- La Comisi\u00f3n de Quejas y Denuncias del Instituto Nacional Electoral (INE) orden\u00f3 el retiro de dos promocionales del Partido Encuentro Solidario (PES) pautados en radio y televisi\u00f3n. El contenido de los spots, titulados&nbsp;<em>Vota Provida 2<\/em>&nbsp;y&nbsp;<em>Vota Provida Radio,&nbsp;<\/em>versa sobre el Proceso Electoral Federal y su difusi\u00f3n est\u00e1 ocurriendo en la pauta local, transgrediendo as\u00ed el modelo de comunicaci\u00f3n pol\u00edtica.<\/p>\n\n\n\n<p class=\"wp-block-paragraph\">Los integrantes de la Comisi\u00f3n determinaron que el contenido de los promocionales alude expl\u00edcitamente a las y los candidatos a diputados federales postulados por el PES, raz\u00f3n por la cual concedieron las medidas cautelares y ordenaron la suspensi\u00f3n de la difusi\u00f3n de dichos promocionales, mandatando su retiro en un plazo de tres horas.<\/p>\n\n\n\n<h2 class=\"wp-block-heading\"><strong>Violencia pol\u00edtica<\/strong><\/h2>\n\n\n\n<p class=\"wp-block-paragraph\">En otro asunto, se analiz\u00f3 la queja presentada por Simey Olvera Bautista en su calidad de candidata a diputada federal, en la que denunci\u00f3 a Iram Magdiel Tavera del Castillo por la publicaci\u00f3n, desde el 11 de febrero y hasta el 16 de mayo, de contenido en sus redes sociales que considera constituyen violencia pol\u00edtica de g\u00e9nero en su contra.<\/p>\n\n\n\n<p class=\"wp-block-paragraph\">Se analiz\u00f3 de forma preliminar, en sede cautelar, de manera individual y conjunta al c\u00famulo de las 15 publicaciones denunciadas, para determinar la procedencia de las cautelares en dos casos. Se orden\u00f3 a Facebook y a Iram Magdiel Tavera del Castillo el retiro del contenido, por tratarse de mensajes que utilizan la vida privada de la quejosa para realizar expresiones que cosifican a las mujeres en detrimento de sus derechos pol\u00edtico-electorales, frente a las cuales existe tolerancia cero por parte de esta instituci\u00f3n.<\/p>\n\n\n\n<h2 class=\"wp-block-heading\"><strong>Improcedente retirar sitios web<\/strong><\/h2>\n\n\n\n<p class=\"wp-block-paragraph\">Asimismo, la Comisi\u00f3n conoci\u00f3 este lunes de dos quejas m\u00e1s presentadas por el partido Morena que resultaron improcedentes. En el primer asunto, Morena denunci\u00f3 a quien resultara responsable por la creaci\u00f3n de los sitios&nbsp;<a href=\"https:\/\/voto-util.web.app\/\" target=\"_blank\" rel=\"noreferrer noopener\"><em>https:\/\/voto-util.web.app\/<\/em><\/a><em>,<\/em><em>&nbsp;<\/em><a href=\"http:\/\/voto-util.org\/\" target=\"_blank\" rel=\"noreferrer noopener\"><em>http:\/\/voto-util.org\/<\/em><\/a><em>&nbsp;y&nbsp;<\/em><a href=\"https:\/\/www.voto-util.mx\/\" target=\"_blank\" rel=\"noreferrer noopener\"><em>https:\/\/www.voto-util.mx<\/em><\/a>&nbsp;y a quienes contrataron esa aplicaci\u00f3n, porque con esa herramienta se incurrir\u00eda en indebido ejercicio de la libertad de expresi\u00f3n y se violar\u00eda la equidad de la contienda, pues a su dicho, se invita a la ciudadan\u00eda a hacer uso de la misma d\u00edas antes de los comicios y cualquier variable que se integre a la aplicaci\u00f3n arroja como resultado \u00aborientar\u00bb el voto en su contra.<\/p>\n\n\n\n<p class=\"wp-block-paragraph\">Respecto de dos sitios de internet&nbsp;<a href=\"https:\/\/voto-util.web.app\/\" target=\"_blank\" rel=\"noreferrer noopener\"><em>https:\/\/voto-util.web.app\/<\/em><\/a>&nbsp;y&nbsp;<a href=\"http:\/\/voto-util.org\/\" target=\"_blank\" rel=\"noreferrer noopener\"><em>http:\/\/voto-util.org\/<\/em><\/a><em>,<\/em><em>&nbsp;<\/em>se corrobor\u00f3 que se trata de actos consumados, pues de la verificaci\u00f3n que se hizo de su existencia se advirti\u00f3 que los mismos ya no se encuentran visibles, disponibles o consultables, declarando la improcedencia de la cautelar.<\/p>\n\n\n\n<p class=\"wp-block-paragraph\">Por cuanto al sitio web&nbsp;<a href=\"http:\/\/voto-util.mx\/\" target=\"_blank\" rel=\"noreferrer noopener\"><em>http:\/\/voto-util.mx<\/em><\/a><em>,<\/em>&nbsp;se acredit\u00f3 que fue creado por un ciudadano sin intervenci\u00f3n o relaci\u00f3n partidista, el cual ofrece una herramienta num\u00e9rica para que la ciudadan\u00eda supuestamente conozca a la fuerza pol\u00edtica que podr\u00eda ganar en la elecci\u00f3n de diputaciones por Mayor\u00eda Relativa a la alianza de partidos pol\u00edticos que actualmente tiene mayor\u00eda en la C\u00e1mara de Diputados. La herramienta fue construida con base en los datos del INE para la elecci\u00f3n de 2018 y con la encuesta y preferencias de votos que ofrece&nbsp;<a href=\"https:\/\/oraculus.mx\/diputados2021\" target=\"_blank\" rel=\"noreferrer noopener\">https:\/\/oraculus.mx\/diputados2021<\/a><\/p>\n\n\n\n<p class=\"wp-block-paragraph\">Con esa informaci\u00f3n, la Comisi\u00f3n concluy\u00f3 que el solo hecho de que un ciudadano\/ciudadana, utilizando informaci\u00f3n p\u00fablica -c\u00f3mputos distritales de una elecci\u00f3n- y encuestas o preferencias electorales de otros sitio o casas encuestadoras, ofrezca dicha herramienta matem\u00e1tica, por s\u00ed mismo, no constituye una violaci\u00f3n evidente al orden jur\u00eddico, ni afecta la equidad de la contienda o el voto informado, de ah\u00ed la improcedencia de la medida.<\/p>\n\n\n\n<p class=\"wp-block-paragraph\">Por otra parte, conoci\u00f3 de la queja presentada por Morena en contra del spot pautado para televisi\u00f3n por el Partido Acci\u00f3n Nacional (PAN), denominado&nbsp;<em>CAM FED dile adios a Morena<\/em>, por considerar que se realizan acusaciones infundadas y calumniosas en contra de Morena y de servidores p\u00fablicos emanados de \u00e9ste.<\/p>\n\n\n\n<p class=\"wp-block-paragraph\">Las medidas se estimaron improcedentes, al no advertir alguna frase que de forma un\u00edvoca implique una imputaci\u00f3n espec\u00edfica de hecho o delito falso al quejoso de manera clara y sin ambig\u00fcedades. Para que se actualice la calumnia, debe estarse en presencia de frases, elementos o expresiones que, de manera un\u00edvoca, lleven a la imputaci\u00f3n espec\u00edfica dirigida a una persona de un hecho o delito falso, lo que en el presente caso no ocurri\u00f3.&nbsp;<\/p>\n\n\n\n<p class=\"wp-block-paragraph\">Se consider\u00f3 que es un hecho p\u00fablico y notorio que en julio de 2008 inici\u00f3 la construcci\u00f3n de la L\u00ednea 12 del Metro de la Ciudad de M\u00e9xico, bajo la gesti\u00f3n de Marcelo Ebrard Casaubon; a\u00f1o en el que Mario Mart\u00edn Delgado Carrillo fung\u00eda como Secretario de Finanzas del entonces Distrito Federal y que el lamentable accidente ocurrido semanas atr\u00e1s en esa l\u00ednea aconteci\u00f3 durante la gesti\u00f3n de la actual Jefa de Gobierno, Claudia Sheinbaum Pardo.<\/p>\n\n\n\n<p class=\"wp-block-paragraph\">Todos los proyectos fueron aprobados por unanimidad de votos de las consejeras Adriana Favela y Claudia Zavala, as\u00ed como del consejero Ciro Murayama, presidente de la Comisi\u00f3n de Quejas y Denuncias.<\/p>\n\n\n\n<p class=\"wp-block-paragraph\">SEM\/sj<\/p>\n","protected":false},"excerpt":{"rendered":"<p>Tambi\u00e9n pide retirar una publicaci\u00f3n en Facebook por identificar violencia de g\u00e9nero<\/p>\n","protected":false},"author":3,"featured_media":35961,"comment_status":"open","ping_status":"open","sticky":false,"template":"","format":"standard","meta":{"_monsterinsights_skip_tracking":false,"footnotes":""},"categories":[692,141],"tags":[],"class_list":["post-35960","post","type-post","status-publish","format-standard","has-post-thumbnail","category-692","category-elecciones-2020-2021"],"_links":{"self":[{"href":"https:\/\/redsemlac.com\/semmexico\/wp-json\/wp\/v2\/posts\/35960","targetHints":{"allow":["GET"]}}],"collection":[{"href":"https:\/\/redsemlac.com\/semmexico\/wp-json\/wp\/v2\/posts"}],"about":[{"href":"https:\/\/redsemlac.com\/semmexico\/wp-json\/wp\/v2\/types\/post"}],"author":[{"embeddable":true,"href":"https:\/\/redsemlac.com\/semmexico\/wp-json\/wp\/v2\/users\/3"}],"replies":[{"embeddable":true,"href":"https:\/\/redsemlac.com\/semmexico\/wp-json\/wp\/v2\/comments?post=35960"}],"version-history":[{"count":0,"href":"https:\/\/redsemlac.com\/semmexico\/wp-json\/wp\/v2\/posts\/35960\/revisions"}],"wp:featuredmedia":[{"embeddable":true,"href":"https:\/\/redsemlac.com\/semmexico\/wp-json\/wp\/v2\/media\/35961"}],"wp:attachment":[{"href":"https:\/\/redsemlac.com\/semmexico\/wp-json\/wp\/v2\/media?parent=35960"}],"wp:term":[{"taxonomy":"category","embeddable":true,"href":"https:\/\/redsemlac.com\/semmexico\/wp-json\/wp\/v2\/categories?post=35960"},{"taxonomy":"post_tag","embeddable":true,"href":"https:\/\/redsemlac.com\/semmexico\/wp-json\/wp\/v2\/tags?post=35960"}],"curies":[{"name":"wp","href":"https:\/\/api.w.org\/{rel}","templated":true}]}}