{"id":35957,"date":"2021-05-25T11:44:56","date_gmt":"2021-05-25T17:44:56","guid":{"rendered":"https:\/\/redsemlac.com\/semmexico\/?p=35957"},"modified":"2023-07-21T17:00:34","modified_gmt":"2023-07-21T22:00:34","slug":"ine-garantiza-igualdad-y-ambiente-libre-de-violencia-a-las-mujeres","status":"publish","type":"post","link":"https:\/\/redsemlac.com\/semmexico\/ine-garantiza-igualdad-y-ambiente-libre-de-violencia-a-las-mujeres\/","title":{"rendered":"INE: garantiza igualdad y ambiente libre de violencia a las mujeres"},"content":{"rendered":"\n<ul class=\"wp-block-list\"><li><strong>Junto con la Facultad de Derecho-UNAM inician curso virtual<\/strong><\/li><li><strong>A mayor participaci\u00f3n m\u00e1s violencia pol\u00edtica en raz\u00f3n de g\u00e9nero<\/strong><\/li><\/ul>\n\n\n\n<p class=\"wp-block-paragraph\"><strong>Elda Montiel<\/strong><\/p>\n\n\n\n<p class=\"wp-block-paragraph\">SemM\u00e9xico, Cd. de M\u00e9xico, 25 de mayo 2021.- Liselotte Correa de la Torre, titular de la Unidad T\u00e9cnica de Igualdad de G\u00e9nero y No Discriminaci\u00f3n del Instituto Nacional Electoral (INE), destac\u00f3 que el Proceso Electoral Federal 2020-2021 contar\u00e1 por primera vez en la historia con un andamiaje normativo que garantiza la participaci\u00f3n pol\u00edtica de las mujeres no s\u00f3lo en condiciones de igualdad, sino tambi\u00e9n en un ambiente libre de violencia.<\/p>\n\n\n\n<p class=\"wp-block-paragraph\">Por lo que el INE en conjunto con la Facultad de Derecho de la UNAM inaugur\u00f3 el curso virtual Derechos de las mujeres y la reforma en materia de violencia pol\u00edtica contra las mujeres en raz\u00f3n de g\u00e9nero, que sienta las bases para conocer los conceptos relevantes relacionados con el g\u00e9nero, los derechos a la igualdad, no discriminaci\u00f3n, as\u00ed como a la vida libre de violencia, en el que participan 235 mujeres y 45 hombres a lo largo de las 10 sesiones que se impartir\u00e1n.<\/p>\n\n\n\n<p class=\"wp-block-paragraph\">Este es el primero de una serie de cursos con diversas tem\u00e1ticas que se impartir\u00e1n&nbsp;para abonar a la cl\u00ednica virtual de asesor\u00eda y acompa\u00f1amiento en los casos de violencia pol\u00edtica en raz\u00f3n de g\u00e9nero.<\/p>\n\n\n\n<p class=\"wp-block-paragraph\">Al respecto, Liselotte Correa de la Torre expres\u00f3 que en el acceso a las mujeres a una vida libre de violencia todav\u00eda nos queda mucho por aprender, sin embargo, la suma de voluntades, aprendizaje y compromiso de cada una de las personas contribuir\u00e1 de manera determinante para disminuir la discriminaci\u00f3n existente y garantizar el ejercicio pleno y sin violencia de las mujeres en el poder y en la toma de decisiones.<\/p>\n\n\n\n<p class=\"wp-block-paragraph\">Mientras, Roberto Heycher Cardiel Soto, director Ejecutivo de Capacitaci\u00f3n Electoral y Educaci\u00f3n C\u00edvica, reconoci\u00f3 que el aumento de las mujeres en las candidaturas se encuentra directamente relacionado con un incremento de violencia pol\u00edtica en raz\u00f3n de g\u00e9nero, ya que entre m\u00e1s participan m\u00e1s violencia se ejerce en contra de ellas.<\/p>\n\n\n\n<p class=\"wp-block-paragraph\">En este proceso electoral, las m\u00e1s grandes de la historia donde se contienden m\u00e1s de 21 mil cargos, el 51 por ciento de las mujeres se colocan en las candidaturas, y aun as\u00ed hay resistencias.<\/p>\n\n\n\n<p class=\"wp-block-paragraph\">Er\u00e9ndira Cruzvillegas Fuentes, Coordinadora del curso virtual, celebr\u00f3 el acuerdo del INE y la Facultad de Derecho para propiciar este espacio de di\u00e1logo y desarrollo para abordar uno de los fen\u00f3menos que m\u00e1s lastima a la sociedad como es la violencia pol\u00edtica en contra de las mujeres en raz\u00f3n de g\u00e9nero.<\/p>\n\n\n\n<p class=\"wp-block-paragraph\">Se refiri\u00f3 a un ejercicio muestral que realiz\u00f3 la Comisi\u00f3n Nacional de los Derechos Humanos (CNDH), se pudo identificar que seis de cada 10 personas dicen no confiar en la participaci\u00f3n pol\u00edtica de las mujeres.<\/p>\n\n\n\n<p class=\"wp-block-paragraph\">Agreg\u00f3 que a pesar de los avances normativos que se han alcanzado en los \u00faltimos a\u00f1os a\u00fan existen pendientes que deben atenderse, a la par que el INE se tiene que consolidar no s\u00f3lo como un \u00f3rgano garante de la participaci\u00f3n de las mujeres, sino tambi\u00e9n para prevenir la violencia.<\/p>\n\n\n\n<p class=\"wp-block-paragraph\">Finalmente, el Jefe de la Divisi\u00f3n de Educaci\u00f3n C\u00edvica de la Facultad de Derecho, Diego Guerrero Garc\u00eda, resalt\u00f3 la importancia de la alianza que realizaron con el INE para poder desarrollar este curso.<\/p>\n\n\n\n<p class=\"wp-block-paragraph\">Refiri\u00f3 que la importancia de este trabajo radica en que es la educaci\u00f3n una de las herramientas m\u00e1s importantes para cambiar a una sociedad y, sobre todo, ciertos modelos preexistentes que limitan la participaci\u00f3n de las mujeres por la violencia pol\u00edtica.&nbsp;<\/p>\n\n\n\n<p class=\"wp-block-paragraph\">SEM\/em\/sj<\/p>\n","protected":false},"excerpt":{"rendered":"<p>Junto con la Facultad de Derecho-UNAM inician curso virtual<\/p>\n","protected":false},"author":3,"featured_media":35958,"comment_status":"open","ping_status":"open","sticky":false,"template":"","format":"standard","meta":{"_monsterinsights_skip_tracking":false,"footnotes":""},"categories":[692,141],"tags":[],"class_list":["post-35957","post","type-post","status-publish","format-standard","has-post-thumbnail","category-692","category-elecciones-2020-2021"],"_links":{"self":[{"href":"https:\/\/redsemlac.com\/semmexico\/wp-json\/wp\/v2\/posts\/35957","targetHints":{"allow":["GET"]}}],"collection":[{"href":"https:\/\/redsemlac.com\/semmexico\/wp-json\/wp\/v2\/posts"}],"about":[{"href":"https:\/\/redsemlac.com\/semmexico\/wp-json\/wp\/v2\/types\/post"}],"author":[{"embeddable":true,"href":"https:\/\/redsemlac.com\/semmexico\/wp-json\/wp\/v2\/users\/3"}],"replies":[{"embeddable":true,"href":"https:\/\/redsemlac.com\/semmexico\/wp-json\/wp\/v2\/comments?post=35957"}],"version-history":[{"count":0,"href":"https:\/\/redsemlac.com\/semmexico\/wp-json\/wp\/v2\/posts\/35957\/revisions"}],"wp:featuredmedia":[{"embeddable":true,"href":"https:\/\/redsemlac.com\/semmexico\/wp-json\/wp\/v2\/media\/35958"}],"wp:attachment":[{"href":"https:\/\/redsemlac.com\/semmexico\/wp-json\/wp\/v2\/media?parent=35957"}],"wp:term":[{"taxonomy":"category","embeddable":true,"href":"https:\/\/redsemlac.com\/semmexico\/wp-json\/wp\/v2\/categories?post=35957"},{"taxonomy":"post_tag","embeddable":true,"href":"https:\/\/redsemlac.com\/semmexico\/wp-json\/wp\/v2\/tags?post=35957"}],"curies":[{"name":"wp","href":"https:\/\/api.w.org\/{rel}","templated":true}]}}