{"id":35955,"date":"2021-05-25T09:19:35","date_gmt":"2021-05-25T15:19:35","guid":{"rendered":"https:\/\/redsemlac.com\/semmexico\/?p=35955"},"modified":"2023-07-21T17:00:35","modified_gmt":"2023-07-21T22:00:35","slug":"cometio-un-feminicidio-en-oaxaca-lo-detienen-en-quintana-roo","status":"publish","type":"post","link":"https:\/\/redsemlac.com\/semmexico\/cometio-un-feminicidio-en-oaxaca-lo-detienen-en-quintana-roo\/","title":{"rendered":"Cometi\u00f3 un feminicidio en Oaxaca, lo detienen en Quintana Roo"},"content":{"rendered":"\n<p class=\"wp-block-paragraph\"><strong>* El crimen contra una mujer de 39 a\u00f1os ocurri\u00f3 hace tres a\u00f1os<\/strong><\/p>\n\n\n\n<p class=\"wp-block-paragraph\"><strong>* Ahora resid\u00eda en Playa del Carmen donde fue ubicado y aprehendido<\/strong><\/p>\n\n\n\n<p class=\"wp-block-paragraph\"><strong>\u00c1ngeles G\u00f3mez<\/strong><\/p>\n\n\n\n<p class=\"wp-block-paragraph\">SemM\u00e9xico, Benito Ju\u00e1rez, Quintana Roo., 25 de mayo, 2021.- La Fiscal\u00eda de Quintana Roo detuvo a Armando L presunto autor del feminicidio de Estela R.P. ocurrido en Oaxaca en noviembre de 2019.<\/p>\n\n\n\n<p class=\"wp-block-paragraph\">En un comunicado de prensa, la Fiscal\u00eda indic\u00f3 que, tras los hechos, Armando L. huy\u00f3 de Oaxaca para vivir en Playa del Carmen, donde el pasado 23 de mayo fue detenido en la Privada Santary #205.<\/p>\n\n\n\n<p class=\"wp-block-paragraph\">Estela R.P., de 39 a\u00f1os, fue desaparecida el 27 de noviembre de 2019, su \u00faltima ubicaci\u00f3n fue Santa Cruz Xoxocotl\u00e1n, municipio de la regi\u00f3n de Valles Centrales y su cuerpo sin vida fue localizado dos d\u00edas despu\u00e9s en el paraje \u201cPaso de Piedra\u201d de la poblaci\u00f3n de Valdeflores de Zimatl\u00e1n de \u00c1lvarez, poco m\u00e1s de 33 kil\u00f3metros. El cuerpo fue encontrado por campesinos del lugar.<\/p>\n\n\n\n<p class=\"wp-block-paragraph\">Al momento de su desaparici\u00f3n conduc\u00eda su camioneta Ford tipo Scape color blanco aperlado, la cual fue encontrada despu\u00e9s en un paraje despoblado de San Andr\u00e9s Huayapam, de esta misma regi\u00f3n de Valles Centrales, pero a varios kil\u00f3metros del lugar del crimen.<\/p>\n\n\n\n<p class=\"wp-block-paragraph\">Armando L. fue capturado por polic\u00edas de investigaci\u00f3n de FGE Quintana Roo en colaboraci\u00f3n con la Fiscal\u00eda de Oaxaca, estado del que es originario el probable responsable de la desaparici\u00f3n y feminicidio de Estela.<\/p>\n\n\n\n<p class=\"wp-block-paragraph\"><br>SEM\/ag\/sj<\/p>\n","protected":false},"excerpt":{"rendered":"<p>La Fiscal\u00eda de Quintana Roo detuvo a Armando L presunto autor del feminicidio de Estela R.P. ocurrido en Oaxaca en noviembre de 2019.<\/p>\n","protected":false},"author":3,"featured_media":23532,"comment_status":"open","ping_status":"open","sticky":false,"template":"","format":"standard","meta":{"_monsterinsights_skip_tracking":false,"footnotes":""},"categories":[692,47,48],"tags":[],"class_list":["post-35955","post","type-post","status-publish","format-standard","has-post-thumbnail","category-692","category-no-mas-impunidad","category-no-mas-impunidad-no-mas-impunidad"],"_links":{"self":[{"href":"https:\/\/redsemlac.com\/semmexico\/wp-json\/wp\/v2\/posts\/35955","targetHints":{"allow":["GET"]}}],"collection":[{"href":"https:\/\/redsemlac.com\/semmexico\/wp-json\/wp\/v2\/posts"}],"about":[{"href":"https:\/\/redsemlac.com\/semmexico\/wp-json\/wp\/v2\/types\/post"}],"author":[{"embeddable":true,"href":"https:\/\/redsemlac.com\/semmexico\/wp-json\/wp\/v2\/users\/3"}],"replies":[{"embeddable":true,"href":"https:\/\/redsemlac.com\/semmexico\/wp-json\/wp\/v2\/comments?post=35955"}],"version-history":[{"count":0,"href":"https:\/\/redsemlac.com\/semmexico\/wp-json\/wp\/v2\/posts\/35955\/revisions"}],"wp:featuredmedia":[{"embeddable":true,"href":"https:\/\/redsemlac.com\/semmexico\/wp-json\/wp\/v2\/media\/23532"}],"wp:attachment":[{"href":"https:\/\/redsemlac.com\/semmexico\/wp-json\/wp\/v2\/media?parent=35955"}],"wp:term":[{"taxonomy":"category","embeddable":true,"href":"https:\/\/redsemlac.com\/semmexico\/wp-json\/wp\/v2\/categories?post=35955"},{"taxonomy":"post_tag","embeddable":true,"href":"https:\/\/redsemlac.com\/semmexico\/wp-json\/wp\/v2\/tags?post=35955"}],"curies":[{"name":"wp","href":"https:\/\/api.w.org\/{rel}","templated":true}]}}