{"id":35944,"date":"2021-05-24T14:50:07","date_gmt":"2021-05-24T20:50:07","guid":{"rendered":"https:\/\/redsemlac.com\/semmexico\/?p=35944"},"modified":"2023-07-21T17:00:35","modified_gmt":"2023-07-21T22:00:35","slug":"denuncian-trafico-de-influencias-en-poder-judicial-de-slp","status":"publish","type":"post","link":"https:\/\/redsemlac.com\/semmexico\/denuncian-trafico-de-influencias-en-poder-judicial-de-slp\/","title":{"rendered":"Denuncian tr\u00e1fico de influencias en Poder Judicial de SLP"},"content":{"rendered":"\n<ul class=\"wp-block-list\"><li><strong>Hijos de un agresor son jueces e impiden se cumpla con el pago pensi\u00f3n y avances en un caso de violaci\u00f3n sexual<\/strong><\/li><\/ul>\n\n\n\n<ul class=\"wp-block-list\"><li><strong>Personal del gobernador minimiza los hechos, sus agresores se dicen amigos del mandatario<\/strong><\/li><\/ul>\n\n\n\n<p class=\"wp-block-paragraph\"><strong>Soledad Jarqu\u00edn Edgar<\/strong><\/p>\n\n\n\n<p class=\"wp-block-paragraph\">SemM\u00e9xico, San Luis Potos\u00ed, 24 de mayo, 2021.- La justicia tiene precio en esta entidad: el tr\u00e1fico de influencias, se\u00f1ala Ma. Elena Mireles Torres quien desde 2012 interpuso una demanda de pensi\u00f3n alimenticia y otra por abuso sexual por parte de su ex pareja, Jos\u00e9 Odil\u00f3n R.G.<\/p>\n\n\n\n<p class=\"wp-block-paragraph\">En entrevista, Mireles Torres explic\u00f3 que vivi\u00f3 durante 18 a\u00f1os con el padre de sus dos hijos y dos hijas por quienes solicit\u00f3 la pensi\u00f3n alimenticia y a quien demand\u00f3 por violaci\u00f3n sexual en su contra, adem\u00e1s de otras violencias, sin embargo, nada ha sucedido porque Jos\u00e9 Odil\u00f3n es padre de dos jueces, uno de control y otro mixto.<\/p>\n\n\n\n<p class=\"wp-block-paragraph\">No solo son compa\u00f1eros de trabajo de otros jueces en el Poder Judicial, sino que adem\u00e1s tienen relaciones de compadrazgo o amistad con otros, tanto que la propia presidenta del Tribunal Superior de Justicia, Olga Regina Garc\u00eda L\u00f3pez, ha minimizado la demanda de justicia que en varias ocasiones ha interpuesto.<\/p>\n\n\n\n<p class=\"wp-block-paragraph\">Los hermanos Jos\u00e9 Luis y Juli\u00e1n Ruiz Contreras, el primero juez de control y el segundo juez mixto, presumen que tambi\u00e9n cuentan con el apoyo del gobernador del Estado, \u201csu amigo\u201d Juan Manuel Carreras, hasta quien en alguna ocasi\u00f3n lleg\u00f3 Ma. Elena Mireles Torres.<\/p>\n\n\n\n<p class=\"wp-block-paragraph\">\u201cEl gobernador me envi\u00f3 con su secretario, quien me dijo que proceder\u00edan conforme a derecho, pero de eso ya han pasado al menos tres a\u00f1os\u201d.<\/p>\n\n\n\n<p class=\"wp-block-paragraph\">Mireles Torres explica que los hijos de su expareja, es decir, los jueces le han hecho saber que \u201cnada recibir\u00e1 de su padre porque sus hijos son unos bastardos\u201d, como si estuvi\u00e9ramos en el siglo XIX y por ello han obstaculizado el acceso a la justicia.<\/p>\n\n\n\n<p class=\"wp-block-paragraph\">Incluso, aun cuando se judicializ\u00f3 la denuncia por violencia sexual en contra de Jos\u00e9 Odil\u00f3n, la titular de la Fiscal\u00eda de Delitos Sexuales, Juana Mar\u00eda Castillo, le ha dicho que no proceder\u00e1 \u201cya que ha transcurrido mucho tiempo\u201d, los hechos ocurrieron en 2017 fecha en que ella present\u00f3 la denuncia.<\/p>\n\n\n\n<p class=\"wp-block-paragraph\">Explica que durante a\u00f1os vivi\u00f3 violencia verbal y f\u00edsica con Jos\u00e9 Odil\u00f3n, quien tambi\u00e9n desde 2004 empez\u00f3 a poner pretextos para pagar los alimentos de sus hijos y de ella, lo que provoc\u00f3, incluso desatenci\u00f3n m\u00e9dica y la p\u00e9rdida del producto de un quinto parto, que era una ni\u00f1a que lleg\u00f3 a t\u00e9rmino.<\/p>\n\n\n\n<p class=\"wp-block-paragraph\"><br>en 2020, Jos\u00e9 Odil\u00f3n, su hijo Manuel R.C. y su nieto Luis Daniel R.S., agredieron a sus dos menores hijas y a uno de sus hijos, a quienes primero intentaron envestirlos con una pipa de agua y como las y el joven descendieron se fueron en contra de \u00e9l y de ellas. Una sufri\u00f3 fractura de costillas y el otro perdi\u00f3 el conocimiento. De estos hechos tambi\u00e9n se levant\u00f3 un acta en la Fiscal\u00eda General de Justicia de SLP pero tampoco hay avances.<\/p>\n\n\n\n<p class=\"wp-block-paragraph\">Ma. Elena Mireles Torres sostiene que evidentemente hay una protecci\u00f3n a su ex pareja, las autoridades pretenden minimizar los hechos, as\u00ed como negar el pago de las pensiones alimenticias de sus hijas e hijo que estudian carreras universitarias y que podr\u00edan perderlas ante la crisis financiera que atraviesan.<\/p>\n\n\n\n<p class=\"wp-block-paragraph\">Por ello, llam\u00f3 al gobernador y a la presidenta del TSJ para que vean el evidente tr\u00e1fico de influencias, adem\u00e1s de responsabilizar a su ex pareja y a los hijos de \u00e9ste, si algo le sucede a ella.<\/p>\n\n\n\n<p class=\"wp-block-paragraph\">SEM\/sj\/<\/p>\n","protected":false},"excerpt":{"rendered":"<p>Personal del gobernador minimiza los hechos, sus agresores se dicen amigos del mandatario<\/p>\n","protected":false},"author":3,"featured_media":35945,"comment_status":"open","ping_status":"open","sticky":false,"template":"","format":"standard","meta":{"_monsterinsights_skip_tracking":false,"footnotes":""},"categories":[692,47,48],"tags":[],"class_list":["post-35944","post","type-post","status-publish","format-standard","has-post-thumbnail","category-692","category-no-mas-impunidad","category-no-mas-impunidad-no-mas-impunidad"],"_links":{"self":[{"href":"https:\/\/redsemlac.com\/semmexico\/wp-json\/wp\/v2\/posts\/35944","targetHints":{"allow":["GET"]}}],"collection":[{"href":"https:\/\/redsemlac.com\/semmexico\/wp-json\/wp\/v2\/posts"}],"about":[{"href":"https:\/\/redsemlac.com\/semmexico\/wp-json\/wp\/v2\/types\/post"}],"author":[{"embeddable":true,"href":"https:\/\/redsemlac.com\/semmexico\/wp-json\/wp\/v2\/users\/3"}],"replies":[{"embeddable":true,"href":"https:\/\/redsemlac.com\/semmexico\/wp-json\/wp\/v2\/comments?post=35944"}],"version-history":[{"count":0,"href":"https:\/\/redsemlac.com\/semmexico\/wp-json\/wp\/v2\/posts\/35944\/revisions"}],"wp:featuredmedia":[{"embeddable":true,"href":"https:\/\/redsemlac.com\/semmexico\/wp-json\/wp\/v2\/media\/35945"}],"wp:attachment":[{"href":"https:\/\/redsemlac.com\/semmexico\/wp-json\/wp\/v2\/media?parent=35944"}],"wp:term":[{"taxonomy":"category","embeddable":true,"href":"https:\/\/redsemlac.com\/semmexico\/wp-json\/wp\/v2\/categories?post=35944"},{"taxonomy":"post_tag","embeddable":true,"href":"https:\/\/redsemlac.com\/semmexico\/wp-json\/wp\/v2\/tags?post=35944"}],"curies":[{"name":"wp","href":"https:\/\/api.w.org\/{rel}","templated":true}]}}