{"id":35938,"date":"2021-05-24T14:15:53","date_gmt":"2021-05-24T20:15:53","guid":{"rendered":"https:\/\/redsemlac.com\/semmexico\/?p=35938"},"modified":"2023-07-21T17:00:35","modified_gmt":"2023-07-21T22:00:35","slug":"a-96-anos-de-su-nacimiento-recordamos-a-rosario-castellanos","status":"publish","type":"post","link":"https:\/\/redsemlac.com\/semmexico\/a-96-anos-de-su-nacimiento-recordamos-a-rosario-castellanos\/","title":{"rendered":"A 96 a\u00f1os de su nacimiento, recordamos a Rosario Castellanos"},"content":{"rendered":"\n<blockquote class=\"wp-block-quote has-text-align-right is-layout-flow wp-block-quote-is-layout-flow\"><p><em>Debe haber otro modo que no se llame Safo<\/em><\/p><p><em>Ni mesalinas, ni Mar\u00eda Egispciaca,<\/em><\/p><p><em>NI magdalena, ni Clemencia Isaura.<\/em><\/p><p><em>Otro modo de ser humano y libre.<\/em><\/p><p><em>Otro modo de ser<\/em><\/p><cite>Meditaci\u00f3n en umbral (fragmento)<\/cite><\/blockquote>\n\n\n\n<p class=\"wp-block-paragraph\"><strong>Stafff<\/strong><\/p>\n\n\n\n<p class=\"wp-block-paragraph\">SemM\u00e9xico, Cd. de M\u00e9xico, 24 de mayo 2021.- Rosario Castellanos, una de las grandes voces literarias del siglo XX en M\u00e9xico nace en la Ciudad de M\u00e9xico el 25 de mayo de 1925. Escritora, poeta, dramaturga, ensayista y diplom\u00e1tica, su obra narrativa aborda los conflictos raciales y los prejuicios sociales mantenidos por un sistema socioecon\u00f3mico injusto. En sus novelas y cuentos describe los abusos cometidos contra los ind\u00edgenas y la posici\u00f3n de inferioridad de las mujeres.<\/p>\n\n\n\n<p class=\"wp-block-paragraph\">&nbsp;Para algunas estudiosas de su obra, la vida de Rosario Castellanos representa un continuo esfuerzo de liberaci\u00f3n y su literatura es el testimonio de su afirmaci\u00f3n feminista.<\/p>\n\n\n\n<p class=\"wp-block-paragraph\">&nbsp;Esto se aprecia particularmente en el volumen que re\u00fane sus ensayos titulado Mujer que sabe lat\u00edn (1974). En 1958, Rosario Castellanos recibi\u00f3 el Premio Chiapas por su novela&nbsp;<em>Bal\u00fan C\u00e1nan<\/em>, y en 1961, el Premio Xavier Villaurutia por Ciudad Real, volumen de cuentos. Rosario Castellanos tambi\u00e9n es valorada por su poes\u00eda que ella consideraba \u201cun intento por llegar a la ra\u00edz de los objetos\u201d.&nbsp;<\/p>\n\n\n\n<p class=\"wp-block-paragraph\">Cuando ejerc\u00eda el cargo de Embajadora de M\u00e9xico en Israel sufri\u00f3 un accidente que le ocasion\u00f3 la muerte el 7 de agosto de 1974. Sus restos mortales reposan en la Rotonda de las Personas Ilustres de la Ciudad de M\u00e9xico.<\/p>\n\n\n\n<p class=\"wp-block-paragraph\"><strong>Su obra:<\/strong><\/p>\n\n\n\n<h2 class=\"wp-block-heading\"><strong>Novelas<\/strong><\/h2>\n\n\n\n<p class=\"wp-block-paragraph\"><strong>*&nbsp;&nbsp;&nbsp;&nbsp;&nbsp;&nbsp;&nbsp;&nbsp;&nbsp; <\/strong><a href=\"https:\/\/es.wikipedia.org\/wiki\/Bal%C3%BAn_Can%C3%A1n_(novela)\"><em>Bal\u00fan Can\u00e1n<\/em><\/a>, M\u00e9xico: Fondo de Cultura Econ\u00f3mica, 1957,&nbsp;<a href=\"https:\/\/es.wikipedia.org\/wiki\/Online_Computer_Library_Center\">OCLC<\/a>&nbsp;<a href=\"https:\/\/www.worldcat.org\/oclc\/2732918\">2732918<\/a>.<\/p>\n\n\n\n<ul class=\"wp-block-list\"><li><em>Oficio de tinieblas<\/em>, M\u00e9xico: Joaqu\u00edn Mortiz, 1962,&nbsp;<a href=\"https:\/\/es.wikipedia.org\/wiki\/Online_Computer_Library_Center\">OCLC<\/a>&nbsp;<a href=\"https:\/\/www.worldcat.org\/oclc\/253291721\">253291721<\/a>.<\/li><li><em>Rito de iniciaci\u00f3n<\/em>, M\u00e9xico: Alfaguara, 1996,&nbsp;<a href=\"https:\/\/es.wikipedia.org\/wiki\/ISBN\">ISBN<\/a>&nbsp;<a href=\"https:\/\/es.wikipedia.org\/wiki\/Especial:FuentesDeLibros\/9789681903336\">9789681903336<\/a>.<\/li><\/ul>\n\n\n\n<h2 class=\"wp-block-heading\"><strong>Cuentos<\/strong><\/h2>\n\n\n\n<ul class=\"wp-block-list\"><li><em>Ciudad Real<\/em>, Xalapa: Universidad Veracruzana, 1960,&nbsp;<a href=\"https:\/\/es.wikipedia.org\/wiki\/Online_Computer_Library_Center\">OCLC<\/a>&nbsp;<a href=\"https:\/\/www.worldcat.org\/oclc\/747471\">747471<\/a>.<\/li><li><a href=\"https:\/\/es.wikipedia.org\/w\/index.php?title=Los_convidados_de_agosto&amp;action=edit&amp;redlink=1\"><em>Los convidados de agosto<\/em><\/a>, M\u00e9xico: Era, 1964,&nbsp;<a href=\"https:\/\/es.wikipedia.org\/wiki\/Online_Computer_Library_Center\">OCLC<\/a>&nbsp;<a href=\"https:\/\/www.worldcat.org\/oclc\/191065435\">191065435<\/a>.<\/li><li><a href=\"https:\/\/archive.org\/details\/albumdefamilia00rosa\"><em>\u00c1lbum de familia<\/em><\/a>, M\u00e9xico: Joaqu\u00edn Mortiz, 1971,&nbsp;<a href=\"https:\/\/es.wikipedia.org\/wiki\/ISBN\">ISBN<\/a>&nbsp;<a href=\"https:\/\/es.wikipedia.org\/wiki\/Especial:FuentesDeLibros\/9789682700880\">9789682700880<\/a>.<\/li><\/ul>\n\n\n\n<h2 class=\"wp-block-heading\"><strong>Poes\u00eda<\/strong><\/h2>\n\n\n\n<ul class=\"wp-block-list\"><li><em>Trayectoria del polvo<\/em>, M\u00e9xico: Costa-Amic, 1948,&nbsp;<a href=\"https:\/\/es.wikipedia.org\/wiki\/Online_Computer_Library_Center\">OCLC<\/a>&nbsp;<a href=\"https:\/\/www.worldcat.org\/oclc\/122444384\">122444384<\/a>.<\/li><li><em>Apuntes para una declaraci\u00f3n de fe<\/em>, M\u00e9xico: Secretar\u00eda de Educaci\u00f3n P\u00fablica, 1948,&nbsp;<a href=\"https:\/\/es.wikipedia.org\/wiki\/Online_Computer_Library_Center\">OCLC<\/a>&nbsp;<a href=\"https:\/\/www.worldcat.org\/oclc\/760605820\">760605820<\/a>.<\/li><li><em>De la vigilia est\u00e9ril<\/em>, M\u00e9xico: Ediciones de \u00abAm\u00e9rica\u00bb, 1950,&nbsp;<a href=\"https:\/\/es.wikipedia.org\/wiki\/Online_Computer_Library_Center\">OCLC<\/a>&nbsp;<a href=\"https:\/\/www.worldcat.org\/oclc\/123194295\">123194295<\/a>.<\/li><li><em>El rescate del mundo<\/em>, Tuxtla Guti\u00e9rrez, Chiapas: Gobierno del Estado de Chiapas, Departamento de Prensa y Turismo, 1952,&nbsp;<a href=\"https:\/\/es.wikipedia.org\/wiki\/Online_Computer_Library_Center\">OCLC<\/a>&nbsp;<a href=\"https:\/\/www.worldcat.org\/oclc\/651234309\">651234309<\/a>.<\/li><li><em>Presentaci\u00f3n al templo: poemas (Madrid, 1951)<\/em>, M\u00e9xico: Am\u00e9rica revista antol\u00f3gica, 1952,&nbsp;<a href=\"https:\/\/es.wikipedia.org\/wiki\/Online_Computer_Library_Center\">OCLC<\/a>&nbsp;<a href=\"https:\/\/www.worldcat.org\/oclc\/7886287\">7886287<\/a>.<\/li><li><em>Poemas (1953-1955)<\/em>, M\u00e9xico: Met\u00e1fora, 1957,&nbsp;<a href=\"https:\/\/es.wikipedia.org\/wiki\/Online_Computer_Library_Center\">OCLC<\/a>&nbsp;<a href=\"https:\/\/www.worldcat.org\/oclc\/689509359\">689509359<\/a>.<\/li><li><em>Al pie de la letra<\/em>, Xalapa: Universidad Veracruzana, 1959,&nbsp;<a href=\"https:\/\/es.wikipedia.org\/wiki\/Online_Computer_Library_Center\">OCLC<\/a>&nbsp;<a href=\"https:\/\/www.worldcat.org\/oclc\/760605834\">760605834<\/a>.<\/li><li><em>Salom\u00e9 y Judith: poemas dram\u00e1ticos<\/em>, M\u00e9xico: Jus, 1959,&nbsp;<a href=\"https:\/\/es.wikipedia.org\/wiki\/Online_Computer_Library_Center\">OCLC<\/a>&nbsp;<a href=\"https:\/\/www.worldcat.org\/oclc\/651543397\">651543397<\/a>.<\/li><li><em>L\u00edvida luz<\/em>, M\u00e9xico: Universidad Nacional Aut\u00f3noma de M\u00e9xico, 1960,&nbsp;<a href=\"https:\/\/es.wikipedia.org\/wiki\/Online_Computer_Library_Center\">OCLC<\/a>&nbsp;<a href=\"https:\/\/www.worldcat.org\/oclc\/44064566\">44064566<\/a>.<\/li><li><em>Materia memorable<\/em>, M\u00e9xico: Universidad Nacional Aut\u00f3noma de M\u00e9xico, 1960,&nbsp;<a href=\"https:\/\/es.wikipedia.org\/wiki\/Online_Computer_Library_Center\">OCLC<\/a>&nbsp;<a href=\"https:\/\/www.worldcat.org\/oclc\/5801533\">5801533<\/a>.<\/li><li><em>Poes\u00eda no eres t\u00fa: obra po\u00e9tica, 1948-1971<\/em>, M\u00e9xico: Fondo de Cultura Econ\u00f3mica, 1972,&nbsp;<a href=\"https:\/\/es.wikipedia.org\/wiki\/ISBN\">ISBN<\/a>&nbsp;<a href=\"https:\/\/es.wikipedia.org\/wiki\/Especial:FuentesDeLibros\/9789681610043\">9789681610043<\/a>.<\/li><\/ul>\n\n\n\n<h2 class=\"wp-block-heading\"><strong>Ensayo<\/strong><\/h2>\n\n\n\n<ul class=\"wp-block-list\"><li><em>Sobre cultura femenina<\/em>, M\u00e9xico: Am\u00e9rica, revista antol\u00f3gica, 1950,&nbsp;<a href=\"https:\/\/es.wikipedia.org\/wiki\/Online_Computer_Library_Center\">OCLC<\/a>&nbsp;<a href=\"https:\/\/www.worldcat.org\/oclc\/15542846\">15542846<\/a>.<\/li><li><em>La novela mexicana contempor\u00e1nea y su valor testimonial<\/em>, M\u00e9xico: Instituto Nacional de la Juventud, 1960,&nbsp;<a href=\"https:\/\/es.wikipedia.org\/wiki\/Online_Computer_Library_Center\">OCLC<\/a>&nbsp;<a href=\"https:\/\/www.worldcat.org\/oclc\/898783753\">898783753<\/a>.<\/li><li><em>Mujer que sabe lat\u00edn&#8230;<\/em>, M\u00e9xico: Secretar\u00eda de Educaci\u00f3n P\u00fablica, 1973,&nbsp;<a href=\"https:\/\/es.wikipedia.org\/wiki\/Online_Computer_Library_Center\">OCLC<\/a>&nbsp;<a href=\"https:\/\/www.worldcat.org\/oclc\/253480740\">253480740<\/a>.<\/li><li><em>El mar y sus pescaditos<\/em>, M\u00e9xico: Secretar\u00eda de Educaci\u00f3n P\u00fablica, 1975,&nbsp;<a href=\"https:\/\/es.wikipedia.org\/wiki\/Online_Computer_Library_Center\">OCLC<\/a>&nbsp;<a href=\"https:\/\/www.worldcat.org\/oclc\/863297357\">863297357<\/a>.<\/li><li><a href=\"https:\/\/archive.org\/details\/declaraciondefer00cast\"><em>Declaraci\u00f3n de fe. Reflexiones sobre la situaci\u00f3n de la mujer en M\u00e9xico<\/em><\/a>, M\u00e9xico: Alfaguara, 1997,&nbsp;<a href=\"https:\/\/es.wikipedia.org\/wiki\/ISBN\">ISBN<\/a>&nbsp;<a href=\"https:\/\/es.wikipedia.org\/wiki\/Especial:FuentesDeLibros\/9789681903770\">9789681903770<\/a>.<\/li><\/ul>\n\n\n\n<h2 class=\"wp-block-heading\"><strong>Colecciones de art\u00edculos<\/strong><\/h2>\n\n\n\n<ul class=\"wp-block-list\"><li><em>El uso de la palabra<\/em>, M\u00e9xico: Exc\u00e9lsior, 1994,&nbsp;<a href=\"https:\/\/es.wikipedia.org\/wiki\/Online_Computer_Library_Center\">OCLC<\/a>&nbsp;<a href=\"https:\/\/www.worldcat.org\/oclc\/499122117\">499122117<\/a>.<\/li><li><em>Mujer de palabras. Art\u00edculos rescatados de Rosario Castellanos<\/em>, M\u00e9xico: Consejo Nacional para la Cultura y las Artes, 2004,&nbsp;<a href=\"https:\/\/es.wikipedia.org\/wiki\/ISBN\">ISBN<\/a>&nbsp;<a href=\"https:\/\/es.wikipedia.org\/wiki\/Especial:FuentesDeLibros\/9789703503049\">9789703503049<\/a>.. Tres vol\u00famenes.<\/li><\/ul>\n\n\n\n<h2 class=\"wp-block-heading\"><strong>Teatro<\/strong><\/h2>\n\n\n\n<p class=\"wp-block-paragraph\"><em>Tablero de damas, pieza en un acto<\/em>, M\u00e9xico: Am\u00e9rica, revista antol\u00f3gica, 1952,&nbsp;<a href=\"https:\/\/es.wikipedia.org\/wiki\/Online_Computer_Library_Center\">OCLC<\/a>&nbsp;<a href=\"https:\/\/www.worldcat.org\/oclc\/18932199\">18932199<\/a>.<\/p>\n\n\n\n<ul class=\"wp-block-list\"><li><em>El eterno femenino: Farsa<\/em>, M\u00e9xico: Fondo de Cultura Econ\u00f3mica, 1975,&nbsp;<a href=\"https:\/\/es.wikipedia.org\/wiki\/ISBN\">ISBN<\/a>&nbsp;<a href=\"https:\/\/es.wikipedia.org\/wiki\/Especial:FuentesDeLibros\/9789681609658\">9789681609658<\/a>.<\/li><\/ul>\n\n\n\n<h2 class=\"wp-block-heading\"><strong>Epistolario<\/strong><\/h2>\n\n\n\n<ul class=\"wp-block-list\"><li><em>Cartas a Ricardo<\/em>, M\u00e9xico: Consejo Nacional para la Cultura y las Artes, 1994,&nbsp;<a href=\"https:\/\/es.wikipedia.org\/wiki\/ISBN\">ISBN<\/a>&nbsp;<a href=\"https:\/\/es.wikipedia.org\/wiki\/Especial:FuentesDeLibros\/9789682965654\">9789682965654<\/a>.<\/li><\/ul>\n\n\n\n<h2 class=\"wp-block-heading\"><strong>Historias para pel\u00edculas<\/strong><\/h2>\n\n\n\n<p class=\"wp-block-paragraph\"><a href=\"https:\/\/es.wikipedia.org\/wiki\/Los_tres_Reyes_Magos\"><em>Los tres Reyes Magos<\/em><\/a>, M\u00e9xico.<\/p>\n\n\n\n<p class=\"wp-block-paragraph\">En la cultura popular<\/p>\n\n\n\n<h2 class=\"wp-block-heading\"><strong>En el cine<\/strong><\/h2>\n\n\n\n<p class=\"wp-block-paragraph\">La pel\u00edcula mexicana&nbsp;<a href=\"https:\/\/es.wikipedia.org\/wiki\/Los_adioses\"><em>Los adioses<\/em><\/a>, de&nbsp;<a href=\"https:\/\/es.wikipedia.org\/wiki\/Natalia_Berist%C3%A1in\">Natalia Berist\u00e1in<\/a>, presenta los a\u00f1os de juventud y estudios de Rosario Castellanos y, sobre todo, su relaci\u00f3n con&nbsp;Ricardo Guerra Tejada.<\/p>\n\n\n\n<p class=\"wp-block-paragraph\">&nbsp;En la telenovela chilena&nbsp;<a href=\"https:\/\/es.wikipedia.org\/wiki\/Pacto_de_sangre_(telenovela)\"><em>Pacto de sangre<\/em><\/a>&nbsp;se inaugura el tercer acto con un ep\u00edgrafe que cita los siguientes versos de la autora: \u00abHeme aqu\u00ed, ya al final\/ y todav\u00eda no s\u00e9 qu\u00e9 cara\/ le dar\u00e9 a la muerte\u00bb.<\/p>\n","protected":false},"excerpt":{"rendered":"<p>Rosario Castellanos, una de las grandes voces literarias del siglo XX en M\u00e9xico <\/p>\n","protected":false},"author":3,"featured_media":35939,"comment_status":"open","ping_status":"open","sticky":false,"template":"","format":"standard","meta":{"_monsterinsights_skip_tracking":false,"footnotes":""},"categories":[692,45,46],"tags":[],"class_list":["post-35938","post","type-post","status-publish","format-standard","has-post-thumbnail","category-692","category-cultura","category-cultura-cultura"],"_links":{"self":[{"href":"https:\/\/redsemlac.com\/semmexico\/wp-json\/wp\/v2\/posts\/35938","targetHints":{"allow":["GET"]}}],"collection":[{"href":"https:\/\/redsemlac.com\/semmexico\/wp-json\/wp\/v2\/posts"}],"about":[{"href":"https:\/\/redsemlac.com\/semmexico\/wp-json\/wp\/v2\/types\/post"}],"author":[{"embeddable":true,"href":"https:\/\/redsemlac.com\/semmexico\/wp-json\/wp\/v2\/users\/3"}],"replies":[{"embeddable":true,"href":"https:\/\/redsemlac.com\/semmexico\/wp-json\/wp\/v2\/comments?post=35938"}],"version-history":[{"count":0,"href":"https:\/\/redsemlac.com\/semmexico\/wp-json\/wp\/v2\/posts\/35938\/revisions"}],"wp:featuredmedia":[{"embeddable":true,"href":"https:\/\/redsemlac.com\/semmexico\/wp-json\/wp\/v2\/media\/35939"}],"wp:attachment":[{"href":"https:\/\/redsemlac.com\/semmexico\/wp-json\/wp\/v2\/media?parent=35938"}],"wp:term":[{"taxonomy":"category","embeddable":true,"href":"https:\/\/redsemlac.com\/semmexico\/wp-json\/wp\/v2\/categories?post=35938"},{"taxonomy":"post_tag","embeddable":true,"href":"https:\/\/redsemlac.com\/semmexico\/wp-json\/wp\/v2\/tags?post=35938"}],"curies":[{"name":"wp","href":"https:\/\/api.w.org\/{rel}","templated":true}]}}