{"id":35935,"date":"2021-05-24T11:39:03","date_gmt":"2021-05-24T17:39:03","guid":{"rendered":"https:\/\/redsemlac.com\/semmexico\/?p=35935"},"modified":"2023-07-21T17:00:35","modified_gmt":"2023-07-21T22:00:35","slug":"cuba-por-una-pastoral-inclusiva-frente-a-los-fundamentalismos","status":"publish","type":"post","link":"https:\/\/redsemlac.com\/semmexico\/cuba-por-una-pastoral-inclusiva-frente-a-los-fundamentalismos\/","title":{"rendered":"Cuba: Por una pastoral inclusiva frente a los fundamentalismos"},"content":{"rendered":"\n<p class=\"wp-block-paragraph\"><strong>Por Lirians Gordillo Pi\u00f1a<\/strong><\/p>\n\n\n\n<p class=\"wp-block-paragraph\">SemM\u00e9xico\/ SEMlac. La Habana, Cuba. 24 de mayo 2021.- Es necesario articular alternativas ecum\u00e9nicas y pastorales frente a los fundamentalismos religiosos y sus agendas antiderechos en Cuba, coincidieron lideresas y l\u00edderes cristianos.<\/p>\n\n\n\n<p class=\"wp-block-paragraph\">\u00abLos derechos sexuales son derechos humanos universales, basados en la libertad, dignidad e igualdad inherentes a todos los seres humanos\u00bb, reconoce Kirenia Criado P\u00e9rez, pastora y profesora del Seminario Evang\u00e9lico de Teolog\u00eda (SET).<\/p>\n\n\n\n<p class=\"wp-block-paragraph\">\u00abPara garantizar una sexualidad saludable en los seres humanos y las sociedades los derechos sexuales deben ser reconocidos, promovidos, respetados y defendidos por todas las sociedades\u00bb, agreg\u00f3 la pastora al iniciar el panel online Derechos Sexuales y fundamentalismos religiosos, trasmitido por la p\u00e1gina en Facebook del Centro Nacional de Educaci\u00f3n Sexual (Cenesex), el 21 de mayo.<\/p>\n\n\n\n<p class=\"wp-block-paragraph\">El panel en vivo form\u00f3 parte de la 14 Jornada Cubana contra la Homofobia y la Transfobia y reuni\u00f3 voces reconocidas dentro del activismo ecum\u00e9nico cubano a favor de la plena inclusi\u00f3n y la justicia social en Cuba.<\/p>\n\n\n\n<p class=\"wp-block-paragraph\">Junto a Criado P\u00e9rez, participaron la reverenda Dora Ester Arce Valent\u00edn, de la Iglesia Presbiteriana-Reformada en Cuba; el pastor Luis Carlos Marrero Chasbar y Joel Su\u00e1rez Rod\u00e9s, coordinador ejecutivo del Centro Memorial Dr. Martin Luther King Jr.<\/p>\n\n\n\n<p class=\"wp-block-paragraph\">Al presentar algunos principios recurrentes de los fundamentalismos religiosos, Criado P\u00e9rez destac\u00f3 la inamovilidad de la tradici\u00f3n; la interpretaci\u00f3n literal de los textos sagrados; un enfrentamiento al modernismo que se busca extender a toda la sociedad; la dicotom\u00eda entre el bien y el mal que se extiende a los creyentes e infieles y la recuperaci\u00f3n de lo religioso en lo social, con la implementaci\u00f3n de pol\u00edticas p\u00fablicas que aseguren esta expansi\u00f3n.<\/p>\n\n\n\n<p class=\"wp-block-paragraph\">Los fundamentalismos, dijo, excluyen cualquier aceptaci\u00f3n y convivencia, ni siquiera consideran la tolerancia.<\/p>\n\n\n\n<p class=\"wp-block-paragraph\">Por su parte, la te\u00f3loga feminista Dora Arce destaca la base binaria y patriarcal de los fundamentalismos religiosos, que asumen la sexualidad humana exclusivamente en el matrimonio y para la procreaci\u00f3n. Estos actores se oponen a los avances conquistados por las mujeres y a los derechos de la poblaci\u00f3n LGBTIQ.<\/p>\n\n\n\n<p class=\"wp-block-paragraph\">Arce apunt\u00f3 algunos de los derechos sexuales amenazados por las posturas fundamentalistas. Entre ellos: el derecho a autonom\u00eda, a la integridad y seguridad del cuerpo, al placer sexual, a la toma de decisiones reproductivas libres y responsables, a la libre asociaci\u00f3n sexual y el derecho a recibir una educaci\u00f3n sexual basada en el conocimiento cient\u00edfico.<\/p>\n\n\n\n<p class=\"wp-block-paragraph\">\u00abLlamo la atenci\u00f3n sobre esto porque los grupos fundamentalistas cristianos que se mueven hoy en nuestra sociedad levantan la bandera del derecho a la educaci\u00f3n como parte de la implementaci\u00f3n del Estado de derecho y este es uno de los mayores peligros que enfrentamos, si estos grupos contin\u00faan avanzando en su agenda pol\u00edtica\u00bb, alert\u00f3 la pastora.<\/p>\n\n\n\n<p class=\"wp-block-paragraph\">Presentar como religiosa una agenda pol\u00edtica ha sido una de las estrategias de los fundamentalismos a nivel internacional y tambi\u00e9n en Cuba, donde salieron al \u00e1mbito p\u00fablico y medi\u00e1tico, precisamente, en medio de la reforma constitucional de 2018 y el proceso de transformaciones sociales, econ\u00f3micas y pol\u00edticas que vive la naci\u00f3n del Caribe.<\/p>\n\n\n\n<p class=\"wp-block-paragraph\">\u00abLa agenda teol\u00f3gica en ocasiones es solo el rostro visible de un posicionamiento que, adem\u00e1s de religioso tambi\u00e9n es pol\u00edtico, econ\u00f3mico y social. Estos fundamentalismos navegan en el campo de posturas pol\u00edticas como expresi\u00f3n incipiente entre nosotros de lo que en otros lugares es ya la fusi\u00f3n entre la derecha religiosa y la derecha pol\u00edtica\u00bb, advirti\u00f3 Criado.<\/p>\n\n\n\n<p class=\"wp-block-paragraph\">La integrante de la Red Ecum\u00e9nica Fe por Cuba alert\u00f3 que los fundamentalismos religiosos est\u00e1n activos en las bases y ah\u00ed est\u00e1 su mayor peligro, por la influencia creciente que tienen en las comunidades, ya que apelan a la cultura heteropatriarcal persistente en la sociedad cubana y las necesidades materiales de las personas.<\/p>\n\n\n\n<p class=\"wp-block-paragraph\">A su expansi\u00f3n territorial se suman alianzas denominacionales, el empleo de medios de comunicaci\u00f3n y redes sociales virtuales, principalmente. \u00bfQu\u00e9 hacer ante esta compleja realidad?<\/p>\n\n\n\n<p class=\"wp-block-paragraph\">El pastor Luis Carlos Marrero Chasbar comparti\u00f3 tres principios para una pastoral inclusiva, apuesta que ya asumen iglesias y comunidades de fe diversas.<\/p>\n\n\n\n<p class=\"wp-block-paragraph\">Se conoce como pastoral la labor religiosa, el cuidado y asesoramiento espiritual que realizan l\u00edderes y lideresas a integrantes de sus iglesias o de otras comunidades de fe.<\/p>\n\n\n\n<p class=\"wp-block-paragraph\">Seg\u00fan Marrero, una pastoral inclusiva necesita \u00abtener siempre presente el estudio minucioso y a tiempo de cualquier texto b\u00edblico, para no caer en la trampa de los literalismos\u00bb.<\/p>\n\n\n\n<p class=\"wp-block-paragraph\">Debe ser interseccional, dijo, y estar atenta a las personas, a sus contextos y experiencias y, sobre todo, debe ser una pastoral de los afectos y del amor.<\/p>\n\n\n\n<p class=\"wp-block-paragraph\">\u00abUna pastoral del amor debe tener en cuenta que somos llamados a dar esperanza y que esta es una virtud teologal, junto a la fe y la caridad\u00bb, concluy\u00f3 Marrero, quien es adem\u00e1s vicedirector del Centro Oscar Arnulfo Romero.<\/p>\n\n\n\n<p class=\"wp-block-paragraph\">Desde la experiencia de un activismo ecum\u00e9nico que supera las dos d\u00e9cadas, Joel Su\u00e1rez Rod\u00e9s recalca la importancia pedag\u00f3gica en los procesos de transformaci\u00f3n social y en la respuesta a los antivalores que proponen los fundamentalismos religiosos.<\/p>\n\n\n\n<p class=\"wp-block-paragraph\">\u00abLa experiencia nuestra pasa por el c\u00edrculo permanente de educaci\u00f3n, organizaci\u00f3n y transformaci\u00f3n\u00bb, explic\u00f3 Su\u00e1rez Rod\u00e9s.<\/p>\n\n\n\n<p class=\"wp-block-paragraph\">La articulaci\u00f3n en las redes sociales, pero sobre todo en las comunidades, es fundamental para el educador popular; una articulaci\u00f3n que conecte la vida cotidiana de las personas y ofrezca espacios de encuentro y reconocimiento.<\/p>\n\n\n\n<p class=\"wp-block-paragraph\">\u00abSi hay un motivo que genera la violencia de los fundamentalismos es el temor al encuentro franco, respetuoso, generoso, abierto con quien es diferente. Ese temor disfrazado de celo religioso es, en el fondo, el temor al encuentro, a aprender, a gozar y a colaborar de la vida plena de todos y todas, sin distinci\u00f3n alguna\u00bb, concluy\u00f3 la pastora Kirenia Criado.<\/p>\n","protected":false},"excerpt":{"rendered":"<p> Es necesario articular alternativas ecum\u00e9nicas y pastorales frente a los fundamentalismos religiosos y sus agendas antiderechos en Cuba, coincidieron lideresas y l\u00edderes cristianos.<\/p>\n","protected":false},"author":3,"featured_media":35936,"comment_status":"open","ping_status":"open","sticky":false,"template":"","format":"standard","meta":{"_monsterinsights_skip_tracking":false,"footnotes":""},"categories":[692,53],"tags":[],"class_list":["post-35935","post","type-post","status-publish","format-standard","has-post-thumbnail","category-692","category-internacional"],"_links":{"self":[{"href":"https:\/\/redsemlac.com\/semmexico\/wp-json\/wp\/v2\/posts\/35935","targetHints":{"allow":["GET"]}}],"collection":[{"href":"https:\/\/redsemlac.com\/semmexico\/wp-json\/wp\/v2\/posts"}],"about":[{"href":"https:\/\/redsemlac.com\/semmexico\/wp-json\/wp\/v2\/types\/post"}],"author":[{"embeddable":true,"href":"https:\/\/redsemlac.com\/semmexico\/wp-json\/wp\/v2\/users\/3"}],"replies":[{"embeddable":true,"href":"https:\/\/redsemlac.com\/semmexico\/wp-json\/wp\/v2\/comments?post=35935"}],"version-history":[{"count":0,"href":"https:\/\/redsemlac.com\/semmexico\/wp-json\/wp\/v2\/posts\/35935\/revisions"}],"wp:featuredmedia":[{"embeddable":true,"href":"https:\/\/redsemlac.com\/semmexico\/wp-json\/wp\/v2\/media\/35936"}],"wp:attachment":[{"href":"https:\/\/redsemlac.com\/semmexico\/wp-json\/wp\/v2\/media?parent=35935"}],"wp:term":[{"taxonomy":"category","embeddable":true,"href":"https:\/\/redsemlac.com\/semmexico\/wp-json\/wp\/v2\/categories?post=35935"},{"taxonomy":"post_tag","embeddable":true,"href":"https:\/\/redsemlac.com\/semmexico\/wp-json\/wp\/v2\/tags?post=35935"}],"curies":[{"name":"wp","href":"https:\/\/api.w.org\/{rel}","templated":true}]}}