{"id":35932,"date":"2021-05-24T11:36:20","date_gmt":"2021-05-24T17:36:20","guid":{"rendered":"https:\/\/redsemlac.com\/semmexico\/?p=35932"},"modified":"2023-07-21T17:00:35","modified_gmt":"2023-07-21T22:00:35","slug":"cuba-dialogos-en-torno-a-diversidad-sexual-y-derechos-humanos","status":"publish","type":"post","link":"https:\/\/redsemlac.com\/semmexico\/cuba-dialogos-en-torno-a-diversidad-sexual-y-derechos-humanos\/","title":{"rendered":"Cuba: Di\u00e1logos en torno a diversidad sexual y derechos humanos"},"content":{"rendered":"\n<p class=\"wp-block-paragraph\"><strong>Por Dixie Edith<\/strong><\/p>\n\n\n\n<p class=\"wp-block-paragraph\">SemM\u00e9xico\/ SEMlac. La Habana, Cuba. 24 de mayo 2021.- Como un libro oportuno calific\u00f3 la activista mexicana Gloria Careaga la compilaci\u00f3n Sexualidades e identidades de g\u00e9nero no heteronormativas. Tensiones y desaf\u00edos para los derechos humanos, presentado de manera virtual el s\u00e1bado 22 de mayo en el contexto de la 14 Jornada Cubana contra la Homofobia y la Transfobia.<\/p>\n\n\n\n<p class=\"wp-block-paragraph\">El \u00ababanico de voces que recoge el texto\u00bb muestra experiencias de distintos pa\u00edses, pero tambi\u00e9n de distintas identidades, que reflejan \u00abla situaci\u00f3n que estamos enfrentando hoy d\u00eda y cu\u00e1les son los desaf\u00edos que todav\u00eda tenemos\u00bb en materia de derechos para las poblaciones LGTBI, detall\u00f3 Careaga, psic\u00f3loga, feminista y fundadora de la Fundaci\u00f3n Arcoiris, en ese pa\u00eds norte\u00f1o.<\/p>\n\n\n\n<p class=\"wp-block-paragraph\">Se trata de una propuesta imprescindible en el sentido de que \u00abnuestras voces, las voces LGBTI, las voces de las disidencias latinoamericanas tambi\u00e9n podamos entrar en di\u00e1logo\u00bb, apunt\u00f3, por su parte, Alba Rueda, subsecretaria de Pol\u00edticas de Diversidad de Argentina y primera mujer transexual en ocupar dicha responsabilidad.<\/p>\n\n\n\n<p class=\"wp-block-paragraph\">El texto, editado bajo el sello editorial del Centro Nacional de Educaci\u00f3n Sexual (Cenesex) y compilado por la psiquiatra Ada Alfonso Rodr\u00edguez y el jurista Manuel V\u00e1zquez Seijido, \u00abes muestra del impacto de las Jornadas Cubanas contra la Homofobia y la Transfobia en la producci\u00f3n de conocimientos\u00bb, asevera este \u00faltimo en las notas introductorias del volumen.<\/p>\n\n\n\n<p class=\"wp-block-paragraph\">La compilaci\u00f3n incluye 15 art\u00edculos que, \u00abdesde distintas realidades y apoyaturas te\u00f3rico-metodol\u00f3gicas, develan las relaciones desiguales que pautan nuestras din\u00e1micas sociales y su dram\u00e1tico impacto en los derechos humanos de las personas\u00bb, agrega V\u00e1zquez, subdirector del Cenesex, en el ac\u00e1pite \u00abAlgunas ideas introductorias: textos y contextos\u00bb.<\/p>\n\n\n\n<p class=\"wp-block-paragraph\">Los trabajos, bajo la autor\u00eda de 14 especialistas y activistas de Espa\u00f1a, M\u00e9xico, Panam\u00e1, Colombia, Argentina, Uruguay y Cuba componen un material que \u00abbusca generar el di\u00e1logo a partir del abordaje cr\u00edtico de nuestras realidades\u00bb, seg\u00fan V\u00e1zquez.<\/p>\n\n\n\n<p class=\"wp-block-paragraph\">Para Rueda esa recopilaci\u00f3n tan diversa est\u00e1 situada \u00aben nuestros territorios y en nuestras realidades, teniendo en cuenta, sobre todo, lo que significa para cada une de nosotres tomar la palabra y compartir experiencias fundamentales\u00bb, detall\u00f3 Rueda.<\/p>\n\n\n\n<p class=\"wp-block-paragraph\">El trasfondo de los di\u00e1logos de estas poblaciones en Am\u00e9rica Latina est\u00e1 relacionado con una situaci\u00f3n \u00abestructurante y estructural\u00bb, que vincula principalmente \u00ablos ejes de las violencias, los desaf\u00edos para el reconocimiento a nuestros derechos y, por supuesto, la lucha contra los cr\u00edmenes por prejuicios y los transfeminicidios\u00bb, reflexion\u00f3 la activista y funcionaria p\u00fablica argentina.<\/p>\n\n\n\n<p class=\"wp-block-paragraph\">En tanto, Careaga especific\u00f3 que la \u00aborquesta de voces\u00bb que ofrece el texto precisamente deja ver qu\u00e9 pasa con las personas transexuales, \u00abalgo que resulta de lo m\u00e1s oportuno, pues son las personas a las que todav\u00eda hoy m\u00e1s se discrimina\u00bb.<\/p>\n\n\n\n<p class=\"wp-block-paragraph\">\u00abEl observatorio de cr\u00edmenes de odio que tenemos en M\u00e9xico da cuenta de que son las personas que sufren m\u00e1s violencia y que son asesinadas con mayor frecuencia\u00bb, precis\u00f3 la mexicana, quien tambi\u00e9n integra el grupo asesor de la sociedad civil de ONUMujeres en Am\u00e9rica Latina y el Caribe.<\/p>\n\n\n\n<p class=\"wp-block-paragraph\">Seg\u00fan Alfonso, la labor de compilaci\u00f3n fue retadora, pues re\u00fane experiencias diversas de activistas que han participado de esas luchas en la regi\u00f3n, pero tambi\u00e9n miradas de j\u00f3venes colegas cubanas que se han acercado a los procesos de investigaci\u00f3n desde la atenci\u00f3n a la salud de las mujeres lesbianas y trans.<\/p>\n\n\n\n<p class=\"wp-block-paragraph\">\u00abEstamos presentando este libro en el entendido de que si bien los avances son muchos, todav\u00eda son muchos tambi\u00e9n los desaf\u00edos que tenemos que enfrentar\u00bb, precis\u00f3 Alfonso.<\/p>\n\n\n\n<p class=\"wp-block-paragraph\">\u00abCualquier texto es una fotograf\u00eda, no es capaz de recoger toda esa riqueza que ustedes vienen aportando desde sus discursos, toda esa experiencia que habla de la resistencia\u00bb, apunt\u00f3 la especialista del Cenesex en relaci\u00f3n con las experiencias previamente compartidas por Rueda y Careaga.<\/p>\n\n\n\n<p class=\"wp-block-paragraph\">Alfonso tambi\u00e9n se refiri\u00f3 a las dificultades vividas en el pa\u00eds por causa de la covid-19, pero de manera particular apunt\u00f3 las experimentadas por las poblaciones trans, para quienes las medidas contra la pandemia han implicado impactos particulares en sus econom\u00edas y en sus vidas.<\/p>\n\n\n\n<p class=\"wp-block-paragraph\">La siquiatra coincidi\u00f3 con Careaga en la importancia de visibilizar a las mujeres lesbianas y transexuales y en el hecho de que \u00abno estemos viendo de manera homog\u00e9nea a las mujeres, sino en toda la diversidad de ese mosaico social cubano, que debe ser respetuoso de los derechos de todas y todos\u00bb.<\/p>\n\n\n\n<p class=\"wp-block-paragraph\">\u00abLa oportunidad de encontrarnos hilvanado voces\u00bb, a juicio de Rueda, permite avanzar en poder escuchar y compartir experiencias para seguir aportando a la diversidad, pero \u00aben el plano de la igualdad de derechos y de oportunidades\u00bb.<\/p>\n","protected":false},"excerpt":{"rendered":"<p>Como un libro oportuno calific\u00f3 la activista mexicana Gloria Careaga la compilaci\u00f3n Sexualidades e identidades de g\u00e9nero no heteronormativas. <\/p>\n","protected":false},"author":3,"featured_media":35933,"comment_status":"open","ping_status":"open","sticky":false,"template":"","format":"standard","meta":{"_monsterinsights_skip_tracking":false,"footnotes":""},"categories":[692,53],"tags":[],"class_list":["post-35932","post","type-post","status-publish","format-standard","has-post-thumbnail","category-692","category-internacional"],"_links":{"self":[{"href":"https:\/\/redsemlac.com\/semmexico\/wp-json\/wp\/v2\/posts\/35932","targetHints":{"allow":["GET"]}}],"collection":[{"href":"https:\/\/redsemlac.com\/semmexico\/wp-json\/wp\/v2\/posts"}],"about":[{"href":"https:\/\/redsemlac.com\/semmexico\/wp-json\/wp\/v2\/types\/post"}],"author":[{"embeddable":true,"href":"https:\/\/redsemlac.com\/semmexico\/wp-json\/wp\/v2\/users\/3"}],"replies":[{"embeddable":true,"href":"https:\/\/redsemlac.com\/semmexico\/wp-json\/wp\/v2\/comments?post=35932"}],"version-history":[{"count":0,"href":"https:\/\/redsemlac.com\/semmexico\/wp-json\/wp\/v2\/posts\/35932\/revisions"}],"wp:featuredmedia":[{"embeddable":true,"href":"https:\/\/redsemlac.com\/semmexico\/wp-json\/wp\/v2\/media\/35933"}],"wp:attachment":[{"href":"https:\/\/redsemlac.com\/semmexico\/wp-json\/wp\/v2\/media?parent=35932"}],"wp:term":[{"taxonomy":"category","embeddable":true,"href":"https:\/\/redsemlac.com\/semmexico\/wp-json\/wp\/v2\/categories?post=35932"},{"taxonomy":"post_tag","embeddable":true,"href":"https:\/\/redsemlac.com\/semmexico\/wp-json\/wp\/v2\/tags?post=35932"}],"curies":[{"name":"wp","href":"https:\/\/api.w.org\/{rel}","templated":true}]}}