{"id":35913,"date":"2021-05-24T09:01:00","date_gmt":"2021-05-24T15:01:00","guid":{"rendered":"https:\/\/redsemlac.com\/semmexico\/?p=35913"},"modified":"2023-07-21T17:00:36","modified_gmt":"2023-07-21T22:00:36","slug":"matrimonio-igualitario-y-ley-de-identidad-trans-reformas-no-cumplidas-por-la-legislatura-del-cambio","status":"publish","type":"post","link":"https:\/\/redsemlac.com\/semmexico\/matrimonio-igualitario-y-ley-de-identidad-trans-reformas-no-cumplidas-por-la-legislatura-del-cambio\/","title":{"rendered":"Matrimonio igualitario y ley de identidad trans, reformas no cumplidas por la legislatura del cambio"},"content":{"rendered":"<p>*En el marco del D\u00eda contra la fobia hacia la poblaci\u00f3n L\u00e9sbico, Gay, Bisexual, Transexual e Intersexual (LGBTI), activistas protestaron a las afueras del Congreso<!--more--><\/p>\n<p>Pidieron a las y los candidatos de este proceso electoral a diputaciones locales que tengan sensibilidad y legislen a favor de sus derechos humanos.<\/p>\n<p>Andr\u00e9s Dom\u00ednguez<\/p>\n<p>SemM\u00e9xico\/Chiapas, Paralelo, 24 de mayo, 2021.- Jos\u00e9 Eliezer Esponda, Teresa Campo y Tevea Dilery, activistas de la comunidad en Chiapas, externaron que las iniciativas como el matrimonio igualitario y de identidad trans, que se han mantenido en la congeladora desde hace a\u00f1os dentro del Congreso, siguen imposibilitando su ejercicio pleno de sus derechos bajo la identidad sexual que ellos y ellas prefieran.<br \/>\nCabe se\u00f1alar, el Congreso del Estado en la presente legislatura concentraba una mayor\u00eda del partido pol\u00edtico Morena, cuya orientaci\u00f3n partidista ha sido de izquierda, sin embargo, ambas leyes para la poblaci\u00f3n sumada a la del despenalizaci\u00f3n del aborto fueron temas pendientes para las y los legisladores.<br \/>\nDesde las afueras del Congreso, el edificio se encontraba rodeado de personal de la Secretar\u00eda de Seguridad y Protecci\u00f3n Ciudadana (SSyPC) quienes en una tensi\u00f3n general, resguardaban el inmueble; que nunca sucedieron, tras cuatro d\u00edas de protestas y enfrentamientos con normalistas de Mactumatz\u00e1.<br \/>\nProtesta contra la LGBTIfobia.<\/p>\n<p><a href=\"https:\/\/redsemlac.com\/semmexico\/wp-content\/uploads\/2021\/05\/ef3r4fr3.jpg\"><img loading=\"lazy\" decoding=\"async\" class=\"size-full wp-image-35918 aligncenter\" src=\"https:\/\/redsemlac.com\/semmexico\/wp-content\/uploads\/2021\/05\/ef3r4fr3.jpg\" alt=\"\" width=\"300\" height=\"225\"><\/a><br \/>\nFoto: Andr\u00e9s Dom\u00ednguez<br \/>\nEduardo Dom\u00ednguez, chica trans, realiz\u00f3 un performance a las afueras del inmueble, cruzando la calle, debido a la presencia de los elementos de seguridad. Con un sombrero con la leyenda \u00abStop\u00bb y canci\u00f3n de Gloria Trevi, comenz\u00f3 a bailar.<\/p>\n<p><a href=\"https:\/\/redsemlac.com\/semmexico\/wp-content\/uploads\/2021\/05\/f34f3r45f.jpg\"><img loading=\"lazy\" decoding=\"async\" class=\"size-large wp-image-35917 aligncenter\" src=\"https:\/\/redsemlac.com\/semmexico\/wp-content\/uploads\/2021\/05\/f34f3r45f-1024x768.jpg\" alt=\"\" width=\"640\" height=\"480\"><\/a><\/p>\n<p>Performance visto desde la visi\u00f3n de los elementos. Foto: Andr\u00e9s Dom\u00ednguez<\/p>\n<p>Ante la mirada de gente curiosa, los propios elementos no comprend\u00edan que pasaba debido a que ni siquiera ten\u00edan idea que era el d\u00eda contra la LGBTIfobia. Sin embargo, segundo antes de terminar el performance los elementos despejaron el lugar y dejaron que se realizar\u00e1 la protesta.<br \/>\nEn el pronunciamiento, Esponda, Campos y Dilery junto a otras activistas de la comunidad LGBTI mencionaron que se enfrentan al estigma y discriminaci\u00f3n en los sectores de la salud, educaci\u00f3n, trabajo, familia, migraci\u00f3n en la que encuentran obst\u00e1culos para ejercer sus derechos. Por ello, el D\u00eda Internacional contra la LGBTIfobia es una oportunidad para incrementar la sensibilizaci\u00f3n.<br \/>\nLa Red por la Inclusi\u00f3n de la Diversidad Sexual Chiapas (Redisex) expres\u00f3 algunas situaciones particulares del sector frente a esta pandemia, entre ellos que, las personas que se dedican al trabajo sexual se han quedado sin ingresos econ\u00f3micos, las que tienen VIH a\u00fan se encuentran sin confirmaci\u00f3n de su status aerol\u00f3gico o sin acceso a antirretrovirales.<\/p>\n<p><a href=\"https:\/\/redsemlac.com\/semmexico\/wp-content\/uploads\/2021\/05\/f34f34.jpg\"><img loading=\"lazy\" decoding=\"async\" class=\"size-full wp-image-35914 aligncenter\" src=\"https:\/\/redsemlac.com\/semmexico\/wp-content\/uploads\/2021\/05\/f34f34.jpg\" alt=\"\" width=\"300\" height=\"225\"><\/a><\/p>\n<p>Muchas veces encuentran falta de apoyo de connacionales en pa\u00edses de acogida por la propia cultura homof\u00f3bica, transfobia y xenof\u00f3bica o incluso enfrentan riesgos de deportaci\u00f3n por sus status irregular, lo que les impide acceder a los servicios b\u00e1sicos entre ellos el de salud.<br \/>\nAl mismo tiempo, las personas mayores de 50 a\u00f1os se encuentran con nulas redes de apoyo social que el resto de su generaci\u00f3n, las privadas de libertad han sido sometidas a condiciones de abuso y por \u00faltimo, de la diversidad funcional\/discapacidad, entre ellas, las personas sordas, con dificultados de acceso a la informaci\u00f3n; o las ni\u00f1as, ni\u00f1os y adolescentes que por su sexualidad, no esperaban enfrentar violencia por parte de sus padres y familiares, as\u00ed como de sus comunidades.<br \/>\nAnte estas situaciones, REDISEX exigi\u00f3 al estado dise\u00f1ar e implementar medidas de salud accesibles y con enfoque de derechos, medidas de reducci\u00f3n de impactos econ\u00f3micos focalizadas en la poblaci\u00f3n m\u00e1s vulnerable, evitar cualquier forma de detenci\u00f3n migratoria y otras medidas que aumenten los riegos de estigmatizaci\u00f3n y los ponga en riesgo de adquirir Covid-19 y otras enfermedades.<br \/>\nAl mismo tiempo, garantizar la inclusi\u00f3n de las personas LGBTI, en particular las personas trans que se encuentran en situaci\u00f3n de pobreza, exclusi\u00f3n y falta de acceso a la vivienda, en la formulaci\u00f3n de pol\u00edticas de asistencia social durante la pandemia, incluyendo el acceso a vivienda y refugios sociales, as\u00ed como en las eventuales medidas de reactivaci\u00f3n econ\u00f3mica.<br \/>\nAl final de la protesta, por la calle del Congreso del Estado pas\u00f3 una peregrinaci\u00f3n en honor a San Pascualito.<\/p>\n<p>Momento en que la protesta contra la LGBTIfobia y la procesi\u00f3n de San Pascualito coincidieron.<br \/>\nProtesta a las afueras del Congreso del Estado.<\/p>\n<p><a href=\"https:\/\/redsemlac.com\/semmexico\/wp-content\/uploads\/2021\/05\/f3erf3r.jpg\"><img loading=\"lazy\" decoding=\"async\" class=\"size-large wp-image-35915 aligncenter\" src=\"https:\/\/redsemlac.com\/semmexico\/wp-content\/uploads\/2021\/05\/f3erf3r-1024x768.jpg\" alt=\"\" width=\"640\" height=\"480\"><\/a><br \/>\nFoto: Andr\u00e9s Dom\u00ednguez<\/p>\n<p>&nbsp;<\/p>\n<p>&nbsp;<\/p>\n","protected":false},"excerpt":{"rendered":"<p>*En el marco del D\u00eda contra la fobia hacia la poblaci\u00f3n L\u00e9sbico, Gay, Bisexual, Transexual e Intersexual (LGBTI), activistas protestaron a las afueras del Congreso<\/p>\n","protected":false},"author":3,"featured_media":35915,"comment_status":"open","ping_status":"open","sticky":false,"template":"","format":"standard","meta":{"_monsterinsights_skip_tracking":false,"footnotes":""},"categories":[692,50,49],"tags":[],"class_list":["post-35913","post","type-post","status-publish","format-standard","has-post-thumbnail","category-692","category-congreso","category-desde"],"_links":{"self":[{"href":"https:\/\/redsemlac.com\/semmexico\/wp-json\/wp\/v2\/posts\/35913","targetHints":{"allow":["GET"]}}],"collection":[{"href":"https:\/\/redsemlac.com\/semmexico\/wp-json\/wp\/v2\/posts"}],"about":[{"href":"https:\/\/redsemlac.com\/semmexico\/wp-json\/wp\/v2\/types\/post"}],"author":[{"embeddable":true,"href":"https:\/\/redsemlac.com\/semmexico\/wp-json\/wp\/v2\/users\/3"}],"replies":[{"embeddable":true,"href":"https:\/\/redsemlac.com\/semmexico\/wp-json\/wp\/v2\/comments?post=35913"}],"version-history":[{"count":0,"href":"https:\/\/redsemlac.com\/semmexico\/wp-json\/wp\/v2\/posts\/35913\/revisions"}],"wp:featuredmedia":[{"embeddable":true,"href":"https:\/\/redsemlac.com\/semmexico\/wp-json\/wp\/v2\/media\/35915"}],"wp:attachment":[{"href":"https:\/\/redsemlac.com\/semmexico\/wp-json\/wp\/v2\/media?parent=35913"}],"wp:term":[{"taxonomy":"category","embeddable":true,"href":"https:\/\/redsemlac.com\/semmexico\/wp-json\/wp\/v2\/categories?post=35913"},{"taxonomy":"post_tag","embeddable":true,"href":"https:\/\/redsemlac.com\/semmexico\/wp-json\/wp\/v2\/tags?post=35913"}],"curies":[{"name":"wp","href":"https:\/\/api.w.org\/{rel}","templated":true}]}}