{"id":35909,"date":"2021-05-24T09:30:50","date_gmt":"2021-05-24T15:30:50","guid":{"rendered":"https:\/\/redsemlac.com\/semmexico\/?p=35909"},"modified":"2023-07-21T17:00:35","modified_gmt":"2023-07-21T22:00:35","slug":"presentan-iniciativa-para-prohibir-concursos-de-belleza-en-escuelas","status":"publish","type":"post","link":"https:\/\/redsemlac.com\/semmexico\/presentan-iniciativa-para-prohibir-concursos-de-belleza-en-escuelas\/","title":{"rendered":"Presentan iniciativa para prohibir concursos de belleza en escuelas"},"content":{"rendered":"<p><b><i>*La iniciativa ya ha sido turnada a la Comisi\u00f3n de Educaci\u00f3n y Cultura en el Congreso del Estado.&nbsp;<\/i><\/b><\/p>\n<p><!--more--><\/p>\n<p><span style=\"font-weight: 400;\">Redacci\u00f3n<\/span><\/p>\n<p><span style=\"font-weight: 400;\">SemM\u00e9xico, Tuxtla Guti\u00e9rrez, Chiapas, 24 de mayo,&nbsp; 2021.- Las diputadas Olga Luz Espinosa Morales, Iris Adriana Aguilar Pav\u00f3n, Janette Ovando Reazola, Mar\u00eda Elizabeth V\u00e1zquez Sol\u00eds, Patricia Mass Lazos, y los diputados Emilio Salazar Far\u00edas y Mario Santiz G\u00f3mez&nbsp;presentaron una iniciativa que propone reformar la Ley de Educaci\u00f3n del Estado, para que se proh\u00edban en las escuelas de educaci\u00f3n b\u00e1sica y media superior los concursos, cert\u00e1menes y cualquier otra competencia en la que se eval\u00fae, integral o parcial, con base a estereotipos sexistas, la belleza o apariencia f\u00edsica de ni\u00f1as o adolescentes<\/span><b>.<\/b><\/p>\n<p><span style=\"font-weight: 400;\">La iniciativa tiene la intenci\u00f3n de&nbsp;promover la igualdad de oportunidades y la no discriminaci\u00f3n, enfocados a contenidos no estereotipados de las mujeres y de los hombres, en todo el proceso educativo.<\/span><\/p>\n<p><span style=\"font-weight: 400;\">Las y los promoventes de la iniciativa expusieron que en el&nbsp;pa\u00eds hay un gran n\u00famero de eventos de fiestas tradicionales, que convocan a elecciones de \u201creinas de belleza\u201d,&nbsp;lo cual no solo es violencia simb\u00f3lica sino que se promueve desde el Estado.<\/span><\/p>\n<p><span style=\"font-weight: 400;\">Estos atentan contra la salud de las mujeres al imponer estereotipos de belleza, que derivan muchas veces en trastornos alimenticios; adem\u00e1s mediante ciertos estereotipos, se transmiten y reproducen modelos de dominaci\u00f3n y desigualdad en las relaciones sociales hombre-mujer. Representan tambi\u00e9n pr\u00e1cticas y discursos en los cuales las mujeres son representadas como objetos de consumo, donde sus cuerpos se ofrecen como oportunidad para la mirada examinadora de los otros, justificaron.<\/span><\/p>\n<p><span style=\"font-weight: 400;\">Con la prohibici\u00f3n de estos eventos buscar\u00e1 no repetir concursos sexistas y cosificadores no vulneran los derechos de las mujeres.<\/span><\/p>\n<p><span style=\"font-weight: 400;\">No es posible continuar permitiendo que las ni\u00f1as, adolescentes y j\u00f3venes crezcan, considerando que sus cuerpos deben ajustarse a lo que se considera perfecto para agradar a otros, promoviendo una obsesi\u00f3n por la apariencia corporal, por un ideal de perfecci\u00f3n que provoca enfermedades como bulimia, anorexia y otros trastornos\u00bb a\u00f1adieron.<\/span><\/p>\n<p><span style=\"font-weight: 400;\">Mencionan que en la totalidad de los concursos de belleza las participantes son mujeres adolescentes o j\u00f3venes, por debajo de los 23 a\u00f1os, pero hace algunos a\u00f1os comenzaron a surgir cert\u00e1menes con nombres en diminutivo, en donde las que participan son ni\u00f1os desde los 3 a\u00f1os. Por lo que se agrega las dimensiones de infancia y la hipersexualizaci\u00f3n de las ni\u00f1as, desde espacios institucionales que se justifican en la tradici\u00f3n y se suman al peligro de normalizar un comportamiento nocivo para los ni\u00f1os.<\/span><\/p>\n<p>&nbsp;<\/p>\n<p><span style=\"font-weight: 400;\"><\/p>\n<p><\/span><\/p>\n<p>&nbsp;<\/p>\n","protected":false},"excerpt":{"rendered":"<p>*La iniciativa ya ha sido turnada a la Comisi\u00f3n de Educaci\u00f3n y Cultura en el Congreso del Estado.&nbsp;<\/p>\n","protected":false},"author":3,"featured_media":34979,"comment_status":"open","ping_status":"open","sticky":false,"template":"","format":"standard","meta":{"_monsterinsights_skip_tracking":false,"footnotes":""},"categories":[692,50,49],"tags":[],"class_list":["post-35909","post","type-post","status-publish","format-standard","has-post-thumbnail","category-692","category-congreso","category-desde"],"_links":{"self":[{"href":"https:\/\/redsemlac.com\/semmexico\/wp-json\/wp\/v2\/posts\/35909","targetHints":{"allow":["GET"]}}],"collection":[{"href":"https:\/\/redsemlac.com\/semmexico\/wp-json\/wp\/v2\/posts"}],"about":[{"href":"https:\/\/redsemlac.com\/semmexico\/wp-json\/wp\/v2\/types\/post"}],"author":[{"embeddable":true,"href":"https:\/\/redsemlac.com\/semmexico\/wp-json\/wp\/v2\/users\/3"}],"replies":[{"embeddable":true,"href":"https:\/\/redsemlac.com\/semmexico\/wp-json\/wp\/v2\/comments?post=35909"}],"version-history":[{"count":0,"href":"https:\/\/redsemlac.com\/semmexico\/wp-json\/wp\/v2\/posts\/35909\/revisions"}],"wp:featuredmedia":[{"embeddable":true,"href":"https:\/\/redsemlac.com\/semmexico\/wp-json\/wp\/v2\/media\/34979"}],"wp:attachment":[{"href":"https:\/\/redsemlac.com\/semmexico\/wp-json\/wp\/v2\/media?parent=35909"}],"wp:term":[{"taxonomy":"category","embeddable":true,"href":"https:\/\/redsemlac.com\/semmexico\/wp-json\/wp\/v2\/categories?post=35909"},{"taxonomy":"post_tag","embeddable":true,"href":"https:\/\/redsemlac.com\/semmexico\/wp-json\/wp\/v2\/tags?post=35909"}],"curies":[{"name":"wp","href":"https:\/\/api.w.org\/{rel}","templated":true}]}}