{"id":35847,"date":"2021-05-11T18:24:00","date_gmt":"2021-05-12T00:24:00","guid":{"rendered":"https:\/\/redsemlac.com\/semmexico\/?p=35847"},"modified":"2023-07-21T17:00:04","modified_gmt":"2023-07-21T22:00:04","slug":"fortalecen-coordinacion-para-garantizar-proceso-electoral-ordenado-y-pacifico-en-michoacan","status":"publish","type":"post","link":"https:\/\/redsemlac.com\/semmexico\/fortalecen-coordinacion-para-garantizar-proceso-electoral-ordenado-y-pacifico-en-michoacan\/","title":{"rendered":"Fortalecen coordinaci\u00f3n para garantizar proceso electoral ordenado y pac\u00edfico en Michoac\u00e1n"},"content":{"rendered":"\n<p class=\"wp-block-paragraph\"><strong>Redacci\u00f3n<\/strong><\/p>\n\n\n\n<p class=\"wp-block-paragraph\">SemM\u00e9xico. Morelia, Michoac\u00e1n. 11 de mayo de 2021.- El Gobernador del Estado, Silvano Aureoles Conejo, encabez\u00f3 este martes la reuni\u00f3n conjunta del Grupo de Inteligencia Operativa (GIO) de la Mesa de Coordinaci\u00f3n para la Construcci\u00f3n de la Paz y de la Mesa de Gobernabilidad para el Desarrollo del Proceso Electoral, con el objetivo de fortalecer la coordinaci\u00f3n que permita garantizar el desarrollo de un proceso electoral ordenado y pac\u00edfico en Michoac\u00e1n.<\/p>\n\n\n\n<p class=\"wp-block-paragraph\">\u00abEl prop\u00f3sito de esta reuni\u00f3n es que estemos en sinton\u00eda para que no haya sucesos de violencia en el proceso electoral. Las situaciones en las que debemos poner especial atenci\u00f3n, tienen que ver con los conflictos pol\u00edtico-sociales en las comunidades ind\u00edgenas y las zonas donde hay presencia de grupos delincuenciales\u00bb, reconoci\u00f3 Aureoles Conejo.<\/p>\n\n\n\n<p class=\"wp-block-paragraph\">En el encuentro de trabajo, el titular de la Secretar\u00eda de Seguridad P\u00fablica, Israel Patr\u00f3n Reyes, comparti\u00f3 el mapa de riesgos en la entidad, con base a la informaci\u00f3n recabada mediante los sistema de inteligencia, para prevenir y proteger a las y los participantes del proceso electoral, como parte de los acuerdos de las reuniones de la Mesa de Gobernabilidad para el Desarrollo del Proceso Electoral.<\/p>\n\n\n\n<p class=\"wp-block-paragraph\">\u00abTenemos municipios con temas de presencia de grupos delincuenciales y algunos otros que est\u00e1n en riesgo por conflictos pol\u00edtico-sociales en comunidades ind\u00edgenas; toda esta informaci\u00f3n les ser\u00e1 proporcionada a los partidos pol\u00edticos para que nos apoyen a tomar sus precauciones en estos puntos del estado, sumado a las tareas de seguridad que har\u00e1 la Polic\u00eda Michoac\u00e1n, el Ej\u00e9rcito y la Guardia Nacional\u00bb, dijo Patr\u00f3n Reyes.<\/p>\n\n\n\n<p class=\"wp-block-paragraph\">En este tema, representantes de los partidos pol\u00edticos reconocieron las labores de la SSP y de la Fiscal\u00eda General del Estado por su respuesta y atenci\u00f3n inmediata a los acontecimientos registrados recientemente en la entidad.<\/p>\n\n\n\n<p class=\"wp-block-paragraph\">Mientras que las autoridades de las instituciones electorales dieron parte de los avances en la organizaci\u00f3n y log\u00edstica de cara a la jornada electoral del pr\u00f3ximo 6 de junio, misma que refirieron, ha transcurrido sin mayores contratiempos.<\/p>\n\n\n\n<p class=\"wp-block-paragraph\">Adem\u00e1s, la secretaria de Salud en el estado, Diana Carpio R\u00edos, realiz\u00f3 un corte informativo respecto al comportamiento y contenci\u00f3n de la epidemia por COVID-19, en el que detall\u00f3 especial atenci\u00f3n a los municipios de Apatzing\u00e1n y Uruapan por la alta incidencia de ocupaci\u00f3n hospitalaria que a\u00fan registran.<\/p>\n\n\n\n<p class=\"wp-block-paragraph\">Mientras tanto, asegur\u00f3 que la epidemia no se ha salido de control y continuamente se llevan a cabo muestreos para detectar alg\u00fan brote del coronavirus en las regiones del estado.<\/p>\n\n\n\n<p class=\"wp-block-paragraph\">Finaliz\u00f3 con el llamado a no relajar las medidas sanitarias durante el proceso electoral, principalmente ante la concentraci\u00f3n de personas convocadas como parte de las campa\u00f1as proselitistas.<\/p>\n\n\n\n<p class=\"wp-block-paragraph\">En la reuni\u00f3n participaron tambi\u00e9n el secretario de Gobierno, Armando Hurtado Ar\u00e9valo; el fiscal general del estado, Adri\u00e1n L\u00f3pez Sol\u00eds; el consejero presidente de la Junta Local Ejecutiva del Instituto Nacional Electoral (INE), David Alejandro Delgado Arroyo; Ignacio Hurtado G\u00f3mez, presidente del Instituto Electoral de Michoac\u00e1n; Yurisha Andrade Morales, presidenta del Tribunal Electoral del Estado.<\/p>\n\n\n\n<p class=\"wp-block-paragraph\">As\u00ed tambi\u00e9n, comandante de la 21 Zona Militar, Sergio Armando Barrera Salcedo; el coordinador general de la Guardia Nacional en la entidad, Jos\u00e9 Luis Fern\u00e1ndez Guti\u00e9rrez; l\u00edderes estatales de los partidos pol\u00edticos, entre otras autoridades estatales y federales.<\/p>\n","protected":false},"excerpt":{"rendered":"<p>Redacci\u00f3n SemM\u00e9xico. Morelia, Michoac\u00e1n. 11 de mayo de 2021.- El Gobernador del Estado, Silvano Aureoles Conejo, encabez\u00f3 este martes la reuni\u00f3n conjunta del Grupo de Inteligencia Operativa (GIO) de la Mesa de Coordinaci\u00f3n para la Construcci\u00f3n de la Paz y de la Mesa de Gobernabilidad para el Desarrollo del Proceso Electoral, con el objetivo de [&hellip;]<\/p>\n","protected":false},"author":3,"featured_media":35848,"comment_status":"open","ping_status":"open","sticky":false,"template":"","format":"standard","meta":{"_monsterinsights_skip_tracking":false,"footnotes":""},"categories":[692,51],"tags":[],"class_list":["post-35847","post","type-post","status-publish","format-standard","has-post-thumbnail","category-692","category-ejecutivo"],"_links":{"self":[{"href":"https:\/\/redsemlac.com\/semmexico\/wp-json\/wp\/v2\/posts\/35847","targetHints":{"allow":["GET"]}}],"collection":[{"href":"https:\/\/redsemlac.com\/semmexico\/wp-json\/wp\/v2\/posts"}],"about":[{"href":"https:\/\/redsemlac.com\/semmexico\/wp-json\/wp\/v2\/types\/post"}],"author":[{"embeddable":true,"href":"https:\/\/redsemlac.com\/semmexico\/wp-json\/wp\/v2\/users\/3"}],"replies":[{"embeddable":true,"href":"https:\/\/redsemlac.com\/semmexico\/wp-json\/wp\/v2\/comments?post=35847"}],"version-history":[{"count":0,"href":"https:\/\/redsemlac.com\/semmexico\/wp-json\/wp\/v2\/posts\/35847\/revisions"}],"wp:featuredmedia":[{"embeddable":true,"href":"https:\/\/redsemlac.com\/semmexico\/wp-json\/wp\/v2\/media\/35848"}],"wp:attachment":[{"href":"https:\/\/redsemlac.com\/semmexico\/wp-json\/wp\/v2\/media?parent=35847"}],"wp:term":[{"taxonomy":"category","embeddable":true,"href":"https:\/\/redsemlac.com\/semmexico\/wp-json\/wp\/v2\/categories?post=35847"},{"taxonomy":"post_tag","embeddable":true,"href":"https:\/\/redsemlac.com\/semmexico\/wp-json\/wp\/v2\/tags?post=35847"}],"curies":[{"name":"wp","href":"https:\/\/api.w.org\/{rel}","templated":true}]}}