{"id":35829,"date":"2021-05-05T17:41:00","date_gmt":"2021-05-05T23:41:00","guid":{"rendered":"https:\/\/redsemlac.com\/semmexico\/?p=35829"},"modified":"2023-07-21T16:59:20","modified_gmt":"2023-07-21T21:59:20","slug":"dan-seguimiento-a-acuerdos-para-atender-los-incendios-forestales-en-michoacan","status":"publish","type":"post","link":"https:\/\/redsemlac.com\/semmexico\/dan-seguimiento-a-acuerdos-para-atender-los-incendios-forestales-en-michoacan\/","title":{"rendered":"Dan seguimiento a acuerdos para atender los incendios forestales en Michoac\u00e1n"},"content":{"rendered":"\n<p class=\"wp-block-paragraph\"><strong>Redacci\u00f3n<\/strong><\/p>\n\n\n\n<p class=\"wp-block-paragraph\">SemM\u00e9xico. Morelia, Michoac\u00e1n. 05 de mayo del 2021.- Con el objetivo de dar continuidad a los esfuerzos interinstitucionales encaminados a proteger las \u00e1reas naturales ante la temporada de estiaje, se llev\u00f3 a cabo la Cuarta Sesi\u00f3n del Grupo Directivo del Comit\u00e9 Estatal del Manejo del Fuego.<\/p>\n\n\n\n<p class=\"wp-block-paragraph\">Durante la mesa de trabajo se presentaron los avances que se han alcanzado para atender las instrucciones del Gobernador, Silvano Aureoles Conejo sobre este tema.<\/p>\n\n\n\n<p class=\"wp-block-paragraph\">Se inform\u00f3 que se encuentra en revisi\u00f3n ante la consejer\u00eda jur\u00eddica la propuesta del Decreto Emergente para la Recuperaci\u00f3n de los Bosques y Selvas, que contempla el Decreto de Contingencia Ambiental, que tiene por fin evitar que los terrenos forestales puedan cambiar de uso de suelo.<\/p>\n\n\n\n<p class=\"wp-block-paragraph\">En cuanto a la protecci\u00f3n de las zonas emblem\u00e1ticas del estado, como la Biosfera de la Mariposa Monarca, se han integrado brigadas adicionales y se realizan reuniones para atender la problem\u00e1tica de la tala ilegal y riesgo de incendio en la zona de amortiguamiento y n\u00facleo del \u00e1rea, resultado de una firma de minuta donde se establece que las autoridades entrar\u00e1n a hacer recorridos de prevenci\u00f3n<\/p>\n\n\n\n<p class=\"wp-block-paragraph\">En zonas con mayor incidencia de incendios, se han mantenido reuniones de concertaci\u00f3n con presidentes municipales y autoridades comunitarias.<\/p>\n\n\n\n<p class=\"wp-block-paragraph\">Para el fortalecimiento del Programa de Manejo de Fuego en la Comisi\u00f3n Forestal, se ha hecho uso de la tecnolog\u00eda por parte de la Secretar\u00eda de Medio Ambiente, Cambio Clim\u00e1tico y Desarrollo Territorial (Semaccdet) al dotar a las 10 delegaciones de equipo de comunicaci\u00f3n y, pr\u00f3ximamente, drones para mejorar las capacidades de atenci\u00f3n.<\/p>\n\n\n\n<p class=\"wp-block-paragraph\">En la misma ruta de refuerzo a combatientes forestales, Jaime Ch\u00e1vez Arreola, titular de la Semaccdet, mencion\u00f3 que, por medio del Fondo Verde del Estado, adem\u00e1s de los radios de largo alcance, ser\u00e1n entregadas herramientas y equipo adecuado para las distintas brigadas.<\/p>\n\n\n\n<p class=\"wp-block-paragraph\">Record\u00f3 tambi\u00e9n que el sector empresarial aport\u00f3 donativos en especie para fortalecer a los defensores de los bosques, as\u00ed como cinco pipas de turbosina para abastecer los helic\u00f3pteros que acuden a las conflagraciones donde se requiera el auxilio por tierra y aire.<\/p>\n\n\n\n<p class=\"wp-block-paragraph\">Asimismo, se est\u00e1 cumpliendo la meta de integrar 114 brigadas de diferentes dependencias en la entidad.<\/p>\n\n\n\n<p class=\"wp-block-paragraph\">En cuanto a la atenci\u00f3n de denuncias, se le da puntual seguimiento por parte de la Fiscal\u00eda Especializada en Combate a los Delitos Contra el Ambiente y Fauna a la denuncia sobre el Cerro del \u00c1guila y se acord\u00f3 la creaci\u00f3n de un grupo interinstitucional para trabajar con la misma Fiscal\u00eda y mantener un seguimiento de todas las denuncias.<\/p>\n\n\n\n<p class=\"wp-block-paragraph\">El director de la Cofom, Gustavo S\u00e1nchez Valle, record\u00f3 que existen competencias para la atenci\u00f3n de los incendios, mismas que establecen que en primera instancia deben ser los due\u00f1os y poseedores de hect\u00e1reas y los ayuntamientos los que los atiendan y, posteriormente, las autoridades estatales y federal del sector forestal.<\/p>\n\n\n\n<p class=\"wp-block-paragraph\">Con base en datos de la Comisi\u00f3n Nacional del Agua se inform\u00f3 que el mes de mayo a\u00fan se contempla una temporada complicada de estiaje y altas temperaturas, por lo que se requiere del apoyo de la sociedad para hacer frente a los incendios forestales.<\/p>\n","protected":false},"excerpt":{"rendered":"<p>Redacci\u00f3n SemM\u00e9xico. Morelia, Michoac\u00e1n. 05 de mayo del 2021.- Con el objetivo de dar continuidad a los esfuerzos interinstitucionales encaminados a proteger las \u00e1reas naturales ante la temporada de estiaje, se llev\u00f3 a cabo la Cuarta Sesi\u00f3n del Grupo Directivo del Comit\u00e9 Estatal del Manejo del Fuego. Durante la mesa de trabajo se presentaron los [&hellip;]<\/p>\n","protected":false},"author":3,"featured_media":35830,"comment_status":"open","ping_status":"open","sticky":false,"template":"","format":"standard","meta":{"_monsterinsights_skip_tracking":false,"footnotes":""},"categories":[692,51],"tags":[],"class_list":["post-35829","post","type-post","status-publish","format-standard","has-post-thumbnail","category-692","category-ejecutivo"],"_links":{"self":[{"href":"https:\/\/redsemlac.com\/semmexico\/wp-json\/wp\/v2\/posts\/35829","targetHints":{"allow":["GET"]}}],"collection":[{"href":"https:\/\/redsemlac.com\/semmexico\/wp-json\/wp\/v2\/posts"}],"about":[{"href":"https:\/\/redsemlac.com\/semmexico\/wp-json\/wp\/v2\/types\/post"}],"author":[{"embeddable":true,"href":"https:\/\/redsemlac.com\/semmexico\/wp-json\/wp\/v2\/users\/3"}],"replies":[{"embeddable":true,"href":"https:\/\/redsemlac.com\/semmexico\/wp-json\/wp\/v2\/comments?post=35829"}],"version-history":[{"count":0,"href":"https:\/\/redsemlac.com\/semmexico\/wp-json\/wp\/v2\/posts\/35829\/revisions"}],"wp:featuredmedia":[{"embeddable":true,"href":"https:\/\/redsemlac.com\/semmexico\/wp-json\/wp\/v2\/media\/35830"}],"wp:attachment":[{"href":"https:\/\/redsemlac.com\/semmexico\/wp-json\/wp\/v2\/media?parent=35829"}],"wp:term":[{"taxonomy":"category","embeddable":true,"href":"https:\/\/redsemlac.com\/semmexico\/wp-json\/wp\/v2\/categories?post=35829"},{"taxonomy":"post_tag","embeddable":true,"href":"https:\/\/redsemlac.com\/semmexico\/wp-json\/wp\/v2\/tags?post=35829"}],"curies":[{"name":"wp","href":"https:\/\/api.w.org\/{rel}","templated":true}]}}