{"id":35739,"date":"2021-04-28T16:48:00","date_gmt":"2021-04-28T22:48:00","guid":{"rendered":"https:\/\/redsemlac.com\/semmexico\/?p=35739"},"modified":"2023-07-21T16:59:25","modified_gmt":"2023-07-21T21:59:25","slug":"en-michoacan-capacitan-a-docentes-y-padres-de-familia-sobre-protocolos-de-limpieza-en-escuelas","status":"publish","type":"post","link":"https:\/\/redsemlac.com\/semmexico\/en-michoacan-capacitan-a-docentes-y-padres-de-familia-sobre-protocolos-de-limpieza-en-escuelas\/","title":{"rendered":"En Michoac\u00e1n capacitan a docentes y padres de familia sobre protocolos de limpieza en escuelas"},"content":{"rendered":"\n<p class=\"wp-block-paragraph\"><strong>Redacci\u00f3n<\/strong><\/p>\n\n\n\n<p class=\"wp-block-paragraph\">SemM\u00e9xico. <strong>Morelia, Michoac\u00e1n. 28 de abril de 2021.-<\/strong>\u00a0En el marco del D\u00eda Mundial de la Seguridad y la Salud en el trabajo, la Secretar\u00eda de Educaci\u00f3n en el Estado (SEE), en coordinaci\u00f3n con el programa \u00abLa salud en tus manos\u00bb de la UNICEF, realiz\u00f3 una capacitaci\u00f3n a personal docente y madres y padres de familia sobre los protocolos de acceso, higiene y limpieza a implementar en las escuelas de Michoac\u00e1n.<\/p>\n\n\n\n<p class=\"wp-block-paragraph\">Lo anterior, a fin de que la comunidad escolar est\u00e9 lista y preparada para un posible y pr\u00f3ximo regreso a clases presenciales, que se dar\u00e1 cuando la autoridad en salud lo permita y se logre el cambio a sem\u00e1foro en verde, as\u00ed como la vacunaci\u00f3n del sector educativo.<\/p>\n\n\n\n<p class=\"wp-block-paragraph\">Es as\u00ed que en la Escuela Secundaria Federal No. 4 se dio inicio a dicho entrenamiento, durante el cual se les explic\u00f3 a las y los integrantes que conforman el Comit\u00e9 de Participaci\u00f3n Escolar en Salud, sobre la elaboraci\u00f3n de agua clorada, los pasos para la fabricaci\u00f3n casera de soluciones desinfectantes, el establecimiento de filtros sanitarios y otros recursos para garantizar espacios educativos m\u00e1s seguros.<\/p>\n\n\n\n<p class=\"wp-block-paragraph\">Ah\u00ed mismo, en compa\u00f1\u00eda del personal del plantel, autoridades educativas realizaron un recorrido para revisar las propuestas de se\u00f1al\u00e9tica y circulaci\u00f3n que deben establecerse bajo el art\u00edculo 10 del protocolo para prevenir contagios por COVID-19 en las escuelas, de cara al regreso a clases presenciales.&nbsp;<\/p>\n\n\n\n<p class=\"wp-block-paragraph\">En dicho protocolo se establece que se informar\u00e1 a toda la comunidad escolar sobre las medidas de seguridad e higiene establecidas y acordadas a trav\u00e9s de carteles, tr\u00edpticos, d\u00edpticos, videos, infograf\u00edas, y otros medios de comunicaci\u00f3n, as\u00ed como la capacitaci\u00f3n necesaria para que cada centro de trabajo implemente las propias medidas en funci\u00f3n de las necesidades y caracter\u00edsticas de su contexto.<\/p>\n\n\n\n<p class=\"wp-block-paragraph\">Explicar y esquematizar a todo el personal del sector educativo de Michoac\u00e1n la reorganizaci\u00f3n de las actividades dentro de las escuelas de educaci\u00f3n b\u00e1sica en el marco de las disposiciones de sana distancia, es una prioridad de la m\u00e1xima dependencia educativa en la entidad, en la que, se trabaja para lograr un pronto regreso a las aulas.&nbsp;<\/p>\n","protected":false},"excerpt":{"rendered":"<p>Redacci\u00f3n SemM\u00e9xico. Morelia, Michoac\u00e1n. 28 de abril de 2021.-\u00a0En el marco del D\u00eda Mundial de la Seguridad y la Salud en el trabajo, la Secretar\u00eda de Educaci\u00f3n en el Estado (SEE), en coordinaci\u00f3n con el programa \u00abLa salud en tus manos\u00bb de la UNICEF, realiz\u00f3 una capacitaci\u00f3n a personal docente y madres y padres de [&hellip;]<\/p>\n","protected":false},"author":3,"featured_media":35740,"comment_status":"open","ping_status":"open","sticky":false,"template":"","format":"standard","meta":{"_monsterinsights_skip_tracking":false,"footnotes":""},"categories":[692,51],"tags":[],"class_list":["post-35739","post","type-post","status-publish","format-standard","has-post-thumbnail","category-692","category-ejecutivo"],"_links":{"self":[{"href":"https:\/\/redsemlac.com\/semmexico\/wp-json\/wp\/v2\/posts\/35739","targetHints":{"allow":["GET"]}}],"collection":[{"href":"https:\/\/redsemlac.com\/semmexico\/wp-json\/wp\/v2\/posts"}],"about":[{"href":"https:\/\/redsemlac.com\/semmexico\/wp-json\/wp\/v2\/types\/post"}],"author":[{"embeddable":true,"href":"https:\/\/redsemlac.com\/semmexico\/wp-json\/wp\/v2\/users\/3"}],"replies":[{"embeddable":true,"href":"https:\/\/redsemlac.com\/semmexico\/wp-json\/wp\/v2\/comments?post=35739"}],"version-history":[{"count":0,"href":"https:\/\/redsemlac.com\/semmexico\/wp-json\/wp\/v2\/posts\/35739\/revisions"}],"wp:featuredmedia":[{"embeddable":true,"href":"https:\/\/redsemlac.com\/semmexico\/wp-json\/wp\/v2\/media\/35740"}],"wp:attachment":[{"href":"https:\/\/redsemlac.com\/semmexico\/wp-json\/wp\/v2\/media?parent=35739"}],"wp:term":[{"taxonomy":"category","embeddable":true,"href":"https:\/\/redsemlac.com\/semmexico\/wp-json\/wp\/v2\/categories?post=35739"},{"taxonomy":"post_tag","embeddable":true,"href":"https:\/\/redsemlac.com\/semmexico\/wp-json\/wp\/v2\/tags?post=35739"}],"curies":[{"name":"wp","href":"https:\/\/api.w.org\/{rel}","templated":true}]}}