{"id":35705,"date":"2021-04-07T15:20:00","date_gmt":"2021-04-07T21:20:00","guid":{"rendered":"https:\/\/redsemlac.com\/semmexico\/?p=35705"},"modified":"2023-07-21T16:57:08","modified_gmt":"2023-07-21T21:57:08","slug":"promueve-see-la-practica-del-deporte-para-desarrollar-habitos-saludables","status":"publish","type":"post","link":"https:\/\/redsemlac.com\/semmexico\/promueve-see-la-practica-del-deporte-para-desarrollar-habitos-saludables\/","title":{"rendered":"Promueve SEE la pr\u00e1ctica del deporte para desarrollar h\u00e1bitos saludables"},"content":{"rendered":"\n<ul class=\"wp-block-list\"><li><strong>Con diversas acciones se celebr\u00f3 el D\u00eda Internacional del Deporte para el Desarrollo y la Paz<\/strong><\/li><\/ul>\n\n\n\n<p class=\"wp-block-paragraph\"><strong>Redacci\u00f3n<\/strong><\/p>\n\n\n\n<p class=\"wp-block-paragraph\">SemM\u00e9xico. <strong>Morelia, Michoac\u00e1n.  07 de abril de 2021.-<\/strong>\u00a0Practicar alguna actividad f\u00edsica o deporte ayuda a mantener el cuerpo sano y en forma, adem\u00e1s, se adquieren buenos h\u00e1bitos como la disciplina y el trabajo en equipo, por ello, en el marco del D\u00eda Internacional del Deporte para el Desarrollo y la Paz, la Secretar\u00eda de Educaci\u00f3n en el Estado (SEE), llev\u00f3 a cabo actividades para conmemorar dicho d\u00eda.<\/p>\n\n\n\n<p class=\"wp-block-paragraph\">A trav\u00e9s de la Direcci\u00f3n de Educaci\u00f3n F\u00edsica, Recreaci\u00f3n y Deporte (DFRyD), la SEE realiz\u00f3 de manera virtual y en vivo a trav\u00e9s de las redes sociales de la dependencia, una activaci\u00f3n f\u00edsica, as\u00ed como una conferencia magistral titulada \u201cEl deporte como complemento para una mejor calidad de vida\u201d, con la finalidad de promover h\u00e1bitos de salud f\u00edsica y mental en docentes y estudiantes y acercarlos a un ambiente social de paz.&nbsp;<\/p>\n\n\n\n<p class=\"wp-block-paragraph\">Durante la transmisi\u00f3n en vivo, se cont\u00f3 con la participaci\u00f3n de Francisco Javier \u00abToro\u00bb Mart\u00ednez, ex jugador de futbol, quien comparti\u00f3 con los presentes su experiencia como deportista profesional y envi\u00f3 un mensaje dirigido a ni\u00f1as, ni\u00f1os y j\u00f3venes.<\/p>\n\n\n\n<p class=\"wp-block-paragraph\">\u201cEl deporte, en espec\u00edfico el futbol me ha dado todo, me ha ense\u00f1ado respeto, solidaridad, perseverancia, entre otros valores que son muy importantes y que a trav\u00e9s del deporte pueden aprender, ahora que soy docente, tengo la necesidad de poder ayudar a las nuevas generaciones a cumplir sus sue\u00f1os\u201d, se\u00f1al\u00f3.<\/p>\n\n\n\n<p class=\"wp-block-paragraph\">Asimismo, reconoci\u00f3 a los grandes formadores que fueron parte importante de su carrera, pues ellos le ense\u00f1aron y lo guiaron por el camino correcto para cumplir sus metas, en este sentido, el \u201cToro\u201d Mart\u00ednez, los exhort\u00f3 a acercarse a sus docentes y a su familia, pues, asegur\u00f3, son personas que con la experiencia de vida que tienen les pueden aportar cosas positivas y buenas para su futuro.&nbsp;<\/p>\n\n\n\n<p class=\"wp-block-paragraph\">\u201cQuiero invitarlos a que hagan deporte, a que creen un h\u00e1bito, que persigan sus sue\u00f1os y que traten de ser competitivos en lo que ustedes desarrollan\u201d, concluy\u00f3.&nbsp;<\/p>\n\n\n\n<p class=\"wp-block-paragraph\">De igual forma, a trav\u00e9s de los Clubes Deportivos y Culturales de la SEE, se realizaron con \u00e9xito en diversos municipios los concursos de Freestyle soccer y tiros de 3 de basquetbol, con los cuales la intenci\u00f3n fue fomentar en las y los j\u00f3venes, un trabajo en equipo, as\u00ed como una mejor salud f\u00edsica y emocional.&nbsp;<\/p>\n","protected":false},"excerpt":{"rendered":"<p>Con diversas acciones se celebr\u00f3 el D\u00eda Internacional del Deporte para el Desarrollo y la Paz<\/p>\n","protected":false},"author":3,"featured_media":35706,"comment_status":"open","ping_status":"open","sticky":false,"template":"","format":"standard","meta":{"_monsterinsights_skip_tracking":false,"footnotes":""},"categories":[692,51],"tags":[],"class_list":["post-35705","post","type-post","status-publish","format-standard","has-post-thumbnail","category-692","category-ejecutivo"],"_links":{"self":[{"href":"https:\/\/redsemlac.com\/semmexico\/wp-json\/wp\/v2\/posts\/35705","targetHints":{"allow":["GET"]}}],"collection":[{"href":"https:\/\/redsemlac.com\/semmexico\/wp-json\/wp\/v2\/posts"}],"about":[{"href":"https:\/\/redsemlac.com\/semmexico\/wp-json\/wp\/v2\/types\/post"}],"author":[{"embeddable":true,"href":"https:\/\/redsemlac.com\/semmexico\/wp-json\/wp\/v2\/users\/3"}],"replies":[{"embeddable":true,"href":"https:\/\/redsemlac.com\/semmexico\/wp-json\/wp\/v2\/comments?post=35705"}],"version-history":[{"count":0,"href":"https:\/\/redsemlac.com\/semmexico\/wp-json\/wp\/v2\/posts\/35705\/revisions"}],"wp:featuredmedia":[{"embeddable":true,"href":"https:\/\/redsemlac.com\/semmexico\/wp-json\/wp\/v2\/media\/35706"}],"wp:attachment":[{"href":"https:\/\/redsemlac.com\/semmexico\/wp-json\/wp\/v2\/media?parent=35705"}],"wp:term":[{"taxonomy":"category","embeddable":true,"href":"https:\/\/redsemlac.com\/semmexico\/wp-json\/wp\/v2\/categories?post=35705"},{"taxonomy":"post_tag","embeddable":true,"href":"https:\/\/redsemlac.com\/semmexico\/wp-json\/wp\/v2\/tags?post=35705"}],"curies":[{"name":"wp","href":"https:\/\/api.w.org\/{rel}","templated":true}]}}