{"id":35692,"date":"2021-05-21T12:26:29","date_gmt":"2021-05-21T18:26:29","guid":{"rendered":"https:\/\/redsemlac.com\/semmexico\/?p=35692"},"modified":"2023-07-21T17:00:38","modified_gmt":"2023-07-21T22:00:38","slug":"se-tiene-que-pedir-el-informe-a-la-fiscalia-sobre-andres-roemer-amlo","status":"publish","type":"post","link":"https:\/\/redsemlac.com\/semmexico\/se-tiene-que-pedir-el-informe-a-la-fiscalia-sobre-andres-roemer-amlo\/","title":{"rendered":"Se tiene que pedir el informe a la Fiscal\u00eda sobre Andr\u00e9s Roemer, AMLO"},"content":{"rendered":"\n<p class=\"wp-block-paragraph\">La Fiscal\u00eda de la Ciudad de M\u00e9xico, inform\u00f3 que hay ficha roja en Interpol<\/p>\n\n\n\n<p class=\"wp-block-paragraph\">Se\u00f1alado por 60 mujeres, escap\u00f3 a Israel&nbsp;<\/p>\n\n\n\n<p class=\"wp-block-paragraph\">Lizbeth \u00c1lvarez Mart\u00ednez.<\/p>\n\n\n\n<p class=\"wp-block-paragraph\">SemM\u00e9xico, Cd. de M\u00e9xico, 21 de mayo, 2021.- Durante la conferencia de este viernes, el presidente Andr\u00e9s Manuel L\u00f3pez Obrador, expuso que se tiene que pedir el informe a la Fiscal\u00eda capitalina sobre el expediente o la investigaci\u00f3n que se tiene contra el comunicador Andr\u00e9s Roemer, por su probable participaci\u00f3n en el delito de violaci\u00f3n.<\/p>\n\n\n\n<p class=\"wp-block-paragraph\">As\u00ed lo dijo: \u201cLa verdad no tengo informaci\u00f3n al respecto, si hay denuncias deben de estar en la Fiscal\u00eda y hay que pedir el informe\u201d.&nbsp;<\/p>\n\n\n\n<p class=\"wp-block-paragraph\">Ante el tema, la fiscal general de justicia capitalina, Ernestina Godoy Ramos, inform\u00f3 este viernes que la Fiscal\u00eda General de Justicia de la Ciudad de M\u00e9xico (FGJ-CDMX) solicit\u00f3 a la Interpol la ficha roja para localizar a Andr\u00e9s Roemer, y para proceder con su extradici\u00f3n desde Israel.<\/p>\n\n\n\n<p class=\"wp-block-paragraph\">\u201cAl encontrarse sustra\u00eddo de la acci\u00f3n de la justicia y al tener conocimiento de que se encuentra en el extranjero, hemos solicitado a Interpol M\u00e9xico la emisi\u00f3n de la ficha roja y estamos preparando todo para solicitar su extradici\u00f3n al Estado de Israel\u201d, expuso Godoy Ramos. Esto, agreg\u00f3, bajo el principio de reciprocidad internacional.<\/p>\n\n\n\n<p class=\"wp-block-paragraph\">Adem\u00e1s, de acuerdo con la fiscal, la Fiscal\u00eda General de Justicia de la Ciudad de M\u00e9xico obtuvo una segunda orden de aprehensi\u00f3n en su contra por su probable participaci\u00f3n en el delito de violaci\u00f3n.&nbsp;<\/p>\n\n\n\n<p class=\"wp-block-paragraph\">Andr\u00e9s Roemer acumula m\u00e1s de 60 denuncias de violencia sexual en su contra.<\/p>\n\n\n\n<p class=\"wp-block-paragraph\">La primera orden de detenci\u00f3n contra Roemer se obtuvo luego de una investigaci\u00f3n que se abri\u00f3 en marzo pasado sobre una acusaci\u00f3n de violaci\u00f3n. Adem\u00e1s, la Fiscal\u00eda capitalina tiene otras ocho carpetas de investigaci\u00f3n abiertas contra el conductor.<\/p>\n","protected":false},"excerpt":{"rendered":"<p>La Fiscal\u00eda de la Ciudad de M\u00e9xico, inform\u00f3 que hay ficha roja en Interpol Se\u00f1alado por 60 mujeres, escap\u00f3 a Israel&nbsp; Lizbeth \u00c1lvarez Mart\u00ednez. SemM\u00e9xico, Cd. de M\u00e9xico, 21 de mayo, 2021.- Durante la conferencia de este viernes, el presidente Andr\u00e9s Manuel L\u00f3pez Obrador, expuso que se tiene que pedir el informe a la Fiscal\u00eda [&hellip;]<\/p>\n","protected":false},"author":3,"featured_media":35693,"comment_status":"open","ping_status":"open","sticky":false,"template":"","format":"standard","meta":{"_monsterinsights_skip_tracking":false,"footnotes":""},"categories":[692,51],"tags":[],"class_list":["post-35692","post","type-post","status-publish","format-standard","has-post-thumbnail","category-692","category-ejecutivo"],"_links":{"self":[{"href":"https:\/\/redsemlac.com\/semmexico\/wp-json\/wp\/v2\/posts\/35692","targetHints":{"allow":["GET"]}}],"collection":[{"href":"https:\/\/redsemlac.com\/semmexico\/wp-json\/wp\/v2\/posts"}],"about":[{"href":"https:\/\/redsemlac.com\/semmexico\/wp-json\/wp\/v2\/types\/post"}],"author":[{"embeddable":true,"href":"https:\/\/redsemlac.com\/semmexico\/wp-json\/wp\/v2\/users\/3"}],"replies":[{"embeddable":true,"href":"https:\/\/redsemlac.com\/semmexico\/wp-json\/wp\/v2\/comments?post=35692"}],"version-history":[{"count":0,"href":"https:\/\/redsemlac.com\/semmexico\/wp-json\/wp\/v2\/posts\/35692\/revisions"}],"wp:featuredmedia":[{"embeddable":true,"href":"https:\/\/redsemlac.com\/semmexico\/wp-json\/wp\/v2\/media\/35693"}],"wp:attachment":[{"href":"https:\/\/redsemlac.com\/semmexico\/wp-json\/wp\/v2\/media?parent=35692"}],"wp:term":[{"taxonomy":"category","embeddable":true,"href":"https:\/\/redsemlac.com\/semmexico\/wp-json\/wp\/v2\/categories?post=35692"},{"taxonomy":"post_tag","embeddable":true,"href":"https:\/\/redsemlac.com\/semmexico\/wp-json\/wp\/v2\/tags?post=35692"}],"curies":[{"name":"wp","href":"https:\/\/api.w.org\/{rel}","templated":true}]}}