{"id":35677,"date":"2021-05-21T12:17:41","date_gmt":"2021-05-21T18:17:41","guid":{"rendered":"https:\/\/redsemlac.com\/semmexico\/?p=35677"},"modified":"2023-07-21T17:00:39","modified_gmt":"2023-07-21T22:00:39","slug":"las-instituciones-de-educacion-superior-deben-ser-espacios-seguros-para-las-mujeres-nadine-gasman","status":"publish","type":"post","link":"https:\/\/redsemlac.com\/semmexico\/las-instituciones-de-educacion-superior-deben-ser-espacios-seguros-para-las-mujeres-nadine-gasman\/","title":{"rendered":"Las instituciones de Educaci\u00f3n Superior deben ser espacios seguros para las mujeres: Nadine Gasman"},"content":{"rendered":"\n<p class=\"wp-block-paragraph\"><strong>Convenio INMUJERES Universidad Aut\u00f3noma de Chiapas<\/strong><\/p>\n\n\n\n<p class=\"wp-block-paragraph\">Elda Montiel&nbsp;<\/p>\n\n\n\n<p class=\"wp-block-paragraph\">SemM\u00e9xico, Cd. de M\u00e9xico, 21 de mayo 2021. &#8211;&nbsp; El convenio de colaboraci\u00f3n firmado por el Instituto Nacional de las Mujeres (Inmujeres) y la Universidad Aut\u00f3noma de Chiapas (UNACH) abre las puertas para impulsar pol\u00edticas, estrategias y normas con perspectiva de g\u00e9nero en la comunidad universitaria.<\/p>\n\n\n\n<p class=\"wp-block-paragraph\">Si queremos lograr la igualdad real, en los hechos, debemos transformar la educaci\u00f3n formal y no formal y sumar esfuerzos para que las instituciones de educaci\u00f3n superior sean un entorno seguro para las mujeres\u201d, coment\u00f3 la presidenta del Inmujeres, Nadine Gasman, tras se\u00f1alar que el convenio se firma en el marco de la Pol\u00edtica Nacional para la Igualdad establecida en el Programa Nacional para la Igualdad entre Mujeres y Hombres (Proigualdad) 2020-2024.<\/p>\n\n\n\n<p class=\"wp-block-paragraph\">&nbsp;Mientras el rector de la UNACH, Carlos Natar\u00e9n Nandayapa, reconoci\u00f3 los retos que tiene la universidad, as\u00ed como el mismo estado de Chiapas en materia de perspectiva de g\u00e9nero e igualdad y destac\u00f3 la importancia de tomar decisiones contundentes que apoyen a las y los estudiantes.<\/p>\n\n\n\n<p class=\"wp-block-paragraph\">Agreg\u00f3 \u201ccada muchacha o muchacho que pase por la universidad debe adquirir las ideas del tiempo y este es el tiempo de la igualdad. Es importante que cada uno de nuestros egresados tengan muy claro que debemos esforzarnos para construir esa igualdad\u201d, puntualiz\u00f3.<\/p>\n\n\n\n<p class=\"wp-block-paragraph\">Queremos poner el \u00e9nfasis en que todos los que integramos la universidad, por decirlo de una forma metaf\u00f3rica, nos veamos al espejo y que seamos capaces de reconocer que somos producto cultural de una sociedad que tiene pendientes y que a trav\u00e9s de un programa transversal podemos sentarnos a discutir cual debe ser el perfil que debemos seguir\u201d, resalt\u00f3 el rector de la UNACH.<\/p>\n\n\n\n<p class=\"wp-block-paragraph\">Por su parte, la consejera consultiva del Inmujeres, Kyra N\u00fa\u00f1ez de Le\u00f3n, destac\u00f3 que esta iniciativa debe verse como un proyecto modelo para otras universidades p\u00fablicas y privadas pues existe una necesidad de establecer mecanismos en cada una de ellas para generar espacios seguros libres de discriminaci\u00f3n y violencia.<\/p>\n\n\n\n<p class=\"wp-block-paragraph\">&nbsp;Abund\u00f3 que este convenio es el primer paso para la creaci\u00f3n de nuevas formas interseccionales y transversales de trabajo que ayuden a generar espacios de reflexi\u00f3n, pero sobre todo de un intercambio de ideas que ayude a la comprensi\u00f3n de los diversos contextos sociales que se viven en el pa\u00eds.<\/p>\n\n\n\n<p class=\"wp-block-paragraph\">El trabajo en conjunto entre las instituciones ayudar\u00e1 a impulsar la implementaci\u00f3n de acciones con enfoque de g\u00e9nero, derechos humanos, interculturalidad e interseccionalidad, para la prevenci\u00f3n, atenci\u00f3n, sanci\u00f3n y erradicaci\u00f3n de las violencias que viven las mujeres de la UNACH.<\/p>\n\n\n\n<p class=\"wp-block-paragraph\">&nbsp;En el evento participaron tambi\u00e9n por parte del Inmujeres, la directora general de Autonom\u00eda y Empoderamiento para la Igualdad Sustantiva, Marta Ferreyra Beltr\u00e1n; la secretar\u00eda t\u00e9cnica de la Junta de Gobierno, Mar\u00eda Consuelo Mej\u00eda y el Coordinador de Asuntos Jur\u00eddicos, Miguel \u00c1ngel Gonz\u00e1lez.<\/p>\n","protected":false},"excerpt":{"rendered":"<p>Convenio INMUJERES Universidad Aut\u00f3noma de Chiapas Elda Montiel&nbsp; SemM\u00e9xico, Cd. de M\u00e9xico, 21 de mayo 2021. &#8211;&nbsp; El convenio de colaboraci\u00f3n firmado por el Instituto Nacional de las Mujeres (Inmujeres) y la Universidad Aut\u00f3noma de Chiapas (UNACH) abre las puertas para impulsar pol\u00edticas, estrategias y normas con perspectiva de g\u00e9nero en la comunidad universitaria. Si [&hellip;]<\/p>\n","protected":false},"author":3,"featured_media":35678,"comment_status":"open","ping_status":"open","sticky":false,"template":"","format":"standard","meta":{"_monsterinsights_skip_tracking":false,"footnotes":""},"categories":[692,51],"tags":[],"class_list":["post-35677","post","type-post","status-publish","format-standard","has-post-thumbnail","category-692","category-ejecutivo"],"_links":{"self":[{"href":"https:\/\/redsemlac.com\/semmexico\/wp-json\/wp\/v2\/posts\/35677","targetHints":{"allow":["GET"]}}],"collection":[{"href":"https:\/\/redsemlac.com\/semmexico\/wp-json\/wp\/v2\/posts"}],"about":[{"href":"https:\/\/redsemlac.com\/semmexico\/wp-json\/wp\/v2\/types\/post"}],"author":[{"embeddable":true,"href":"https:\/\/redsemlac.com\/semmexico\/wp-json\/wp\/v2\/users\/3"}],"replies":[{"embeddable":true,"href":"https:\/\/redsemlac.com\/semmexico\/wp-json\/wp\/v2\/comments?post=35677"}],"version-history":[{"count":0,"href":"https:\/\/redsemlac.com\/semmexico\/wp-json\/wp\/v2\/posts\/35677\/revisions"}],"wp:featuredmedia":[{"embeddable":true,"href":"https:\/\/redsemlac.com\/semmexico\/wp-json\/wp\/v2\/media\/35678"}],"wp:attachment":[{"href":"https:\/\/redsemlac.com\/semmexico\/wp-json\/wp\/v2\/media?parent=35677"}],"wp:term":[{"taxonomy":"category","embeddable":true,"href":"https:\/\/redsemlac.com\/semmexico\/wp-json\/wp\/v2\/categories?post=35677"},{"taxonomy":"post_tag","embeddable":true,"href":"https:\/\/redsemlac.com\/semmexico\/wp-json\/wp\/v2\/tags?post=35677"}],"curies":[{"name":"wp","href":"https:\/\/api.w.org\/{rel}","templated":true}]}}