{"id":35674,"date":"2021-05-21T12:15:48","date_gmt":"2021-05-21T18:15:48","guid":{"rendered":"https:\/\/redsemlac.com\/semmexico\/?p=35674"},"modified":"2023-07-21T17:00:39","modified_gmt":"2023-07-21T22:00:39","slug":"las-lesbianas-somos-mujeres","status":"publish","type":"post","link":"https:\/\/redsemlac.com\/semmexico\/las-lesbianas-somos-mujeres\/","title":{"rendered":"Las lesbianas somos mujeres"},"content":{"rendered":"\n<p class=\"wp-block-paragraph\"><strong>Aurora Natalia Rojas Ramos*<\/strong><\/p>\n\n\n\n<p class=\"wp-block-paragraph\">SemM\u00e9xico, Guadalajara, Jalisco,&nbsp;&nbsp;21 de mayo 2021.- El 17 de mayo, se conmemora el d\u00eda Internacional contra la Homofobia, la Transfobia y la Bifobia, es importante evidenciar el borrado de las mujeres lesbianas, tanto en la forma, como en el fondo pol\u00edtico de este d\u00eda.&nbsp;<\/p>\n\n\n\n<p class=\"wp-block-paragraph\">En los \u00faltimos a\u00f1os, hemos visto el incremento de pol\u00edtica p\u00fablica supuestamente encaminada al respeto de la diversidad sexual, tanto a nivel internacional como local. Sin embargo, vemos que en dichos esfuerzos subsiste misoginia y lesbo-odio, sostenido y expresado por las estructuras del estado, sus leyes y sus instituciones. Por ello, no es de extra\u00f1ar que las mujeres lesbianas no se encuentran nombradas, ni representadas en los estipulados que esta fecha dice promover.<\/p>\n\n\n\n<p class=\"wp-block-paragraph\">As\u00ed, algunas lesbianas feministas han luchado por mantenerse fuera de esas l\u00f3gicas y han logrado desmarcarse de lo que Yan Mar\u00eda Castro llam\u00f3 el mercado de la diversidad sexual para referirse a la imperante misoginia y a las estructuras patriarcales y capitalistas que lo sostienen.&nbsp;<\/p>\n\n\n\n<p class=\"wp-block-paragraph\">Como ejemplo de lo anterior, se encuentran los numerosos esfuerzos nacionales e internacionales por impulsar la legalizaci\u00f3n de los vientres de alquiler a nombre de la \u201cdiversidad\u201d. Ante esto, colectivas feministas han denunciado dichas practicas como violencia contra las mujeres, ya que constituye la mercantilizaci\u00f3n de los&nbsp;&nbsp;cuerpos, sobretodo de aquellas mujeres en mayor vulnerabilidad econ\u00f3mica ante el mercado capitalista y depredador.<\/p>\n\n\n\n<p class=\"wp-block-paragraph\">Tambi\u00e9n han denunciado la hipersexualizaci\u00f3n y deshumanizaci\u00f3n de los cuerpos de las mujeres lesbianas dentro de los bares, programas de entretenimiento, aplicaciones de citas, los medios de comunicaci\u00f3n, la pornograf\u00eda etc., ya que, en ellas, se les reduce a una mera mercanc\u00eda que se compra, se vende y se comercia para el consumo sexual y beneficio econ\u00f3mico de varones.&nbsp;&nbsp;<\/p>\n\n\n\n<p class=\"wp-block-paragraph\">Desde distintas trincheras, las lesbianas feministas han denunciado los intentos por borrar su presencia hist\u00f3rica a partir de la persecuci\u00f3n, criminalizaci\u00f3n y silenciamiento tanto en sus exigencias, como en sus reivindicaciones pol\u00edticas. Lo vemos en los numerosos intentos por obstaculizar la participaci\u00f3n y articulaci\u00f3n pol\u00edtica de las lesbianas feministas tanto a nivel local, como internacional.&nbsp;<\/p>\n\n\n\n<p class=\"wp-block-paragraph\">Tan solo en Jalisco, en el \u00faltimo a\u00f1o, se han presentado al menos dos casos de violencia pol\u00edtica contra mujeres lesbianas. El m\u00e1s reciente, es el caso de violencia pol\u00edtica contra una ex-precandidata a diputada local, quien de manera abierta sostiene una postura abolicionista. Derivado de su piso pol\u00edtico, ha sufrido en los \u00faltimos dos a\u00f1os, violencia pol\u00edtica por parte de partidos, violencia institucional por parte del estado, as\u00ed como criminalizaci\u00f3n a trav\u00e9s de denuncias penales en su contra. Este caso evidencia el clima de persecuci\u00f3n y criminalizaci\u00f3n contra mujeres lesbianas abolicionistas, as\u00ed como la exclusi\u00f3n de la postura abolicionista de la vida p\u00fablica,&nbsp; ya que dicha violencia impide la opini\u00f3n, participaci\u00f3n, asociaci\u00f3n y ejercicio pol\u00edtico desde una postura feminista abolicionista.<\/p>\n\n\n\n<p class=\"wp-block-paragraph\">El otro caso aconteci\u00f3 en el municipio de Tototl\u00e1n, en donde el ex auxiliar de reglamentos del municipio, durante un evento de trabajo, se levant\u00f3 ebrio de su silla y de la nada le di\u00f3 un pu\u00f1etazo en la cara a una servidora p\u00fablica abiertamente lesbiana. Dicho acto qued\u00f3 impune por mucho tiempo sin que las instancias estatales y municipales que dicen \u201ctrabajar\u201d para erradicar la violencia en contra de las personas LGBT hicieran algo.&nbsp;&nbsp;<\/p>\n\n\n\n<p class=\"wp-block-paragraph\">As\u00ed, las distintas manifestaciones de violencia lesbo-odiante trascienden todas las esferas y son alarmantes en todos los niveles. En el \u00faltimo a\u00f1o en Jalisco, ha habido al menos dos casos p\u00fablicos de secuestro de mujeres lesbianas para ser internadas en las llamadas \u201cterapias de conversi\u00f3n\u201d. Estas pr\u00e1cticas aparte de constituir violaciones graves a los derechos humanos, ocasionan graves consecuencias emocionales y en la salud de las mujeres, ni\u00f1as y adolescentes.<\/p>\n\n\n\n<p class=\"wp-block-paragraph\">La violencia en sus distintas modalidades contra las lesbianas, evidencia la persistente hostilidad en contra de las mujeres que se atreven a rebelarse frente los mandatos patriarcales masculinos de la heterosexualidad obligatoria y de la diversidad sexual, para atreverse a vivir en libertad amando a otras mujeres, desde las mujeres.&nbsp;<\/p>\n\n\n\n<p class=\"wp-block-paragraph\">Hoy m\u00e1s que nunca es importante que las mujeres lesbianas sigan insistiendo en mantener su existencia lesbiana dentro de la pol\u00edtica de las mujeres. Porque solo ah\u00ed podr\u00e1n construir por y para ellas mismas, espacios seguros, libres y amorosos para la creaci\u00f3n del significado de esa existencia como mujeres y como lesbianas que son.&nbsp;<\/p>\n\n\n\n<p class=\"wp-block-paragraph\">Para las lesbianas feministas abolicionistas, ir a la ra\u00edz, tambi\u00e9n es regresar a la primac\u00eda de las mujeres relacion\u00e1ndose con otras mujeres, de las mujeres creando una nueva consciencia de y con ellas mismas, ya que solo ah\u00ed podr\u00e1n conseguir la vida, la libertad y la dignidad, en el amor entre mujeres.&nbsp;<\/p>\n\n\n\n<p class=\"wp-block-paragraph\">C\u00f3mo lo se\u00f1ala Tatiana de la tierra:<\/p>\n\n\n\n<p class=\"wp-block-paragraph\">\u201ctodas las lesbianas est\u00e1n hechas de mujeres que regresan a s\u00ed mismas\u201d.<\/p>\n\n\n\n<p class=\"wp-block-paragraph\">*Abogada y Maestra en Derechos Humanos y Ciencias Pol\u00edticas<\/p>\n\n\n\n<p class=\"wp-block-paragraph\">Colaboradora CLADEM Jalisco<\/p>\n\n\n\n<p class=\"wp-block-paragraph\">an.rojasramos@gmail.com<\/p>\n","protected":false},"excerpt":{"rendered":"<p>Aurora Natalia Rojas Ramos* SemM\u00e9xico, Guadalajara, Jalisco,&nbsp;&nbsp;21 de mayo 2021.- El 17 de mayo, se conmemora el d\u00eda Internacional contra la Homofobia, la Transfobia y la Bifobia, es importante evidenciar el borrado de las mujeres lesbianas, tanto en la forma, como en el fondo pol\u00edtico de este d\u00eda.&nbsp; En los \u00faltimos a\u00f1os, hemos visto el [&hellip;]<\/p>\n","protected":false},"author":3,"featured_media":35675,"comment_status":"open","ping_status":"open","sticky":false,"template":"","format":"standard","meta":{"_monsterinsights_skip_tracking":false,"footnotes":""},"categories":[692,371,35],"tags":[],"class_list":["post-35674","post","type-post","status-publish","format-standard","has-post-thumbnail","category-692","category-cladem","category-opinion"],"_links":{"self":[{"href":"https:\/\/redsemlac.com\/semmexico\/wp-json\/wp\/v2\/posts\/35674","targetHints":{"allow":["GET"]}}],"collection":[{"href":"https:\/\/redsemlac.com\/semmexico\/wp-json\/wp\/v2\/posts"}],"about":[{"href":"https:\/\/redsemlac.com\/semmexico\/wp-json\/wp\/v2\/types\/post"}],"author":[{"embeddable":true,"href":"https:\/\/redsemlac.com\/semmexico\/wp-json\/wp\/v2\/users\/3"}],"replies":[{"embeddable":true,"href":"https:\/\/redsemlac.com\/semmexico\/wp-json\/wp\/v2\/comments?post=35674"}],"version-history":[{"count":0,"href":"https:\/\/redsemlac.com\/semmexico\/wp-json\/wp\/v2\/posts\/35674\/revisions"}],"wp:featuredmedia":[{"embeddable":true,"href":"https:\/\/redsemlac.com\/semmexico\/wp-json\/wp\/v2\/media\/35675"}],"wp:attachment":[{"href":"https:\/\/redsemlac.com\/semmexico\/wp-json\/wp\/v2\/media?parent=35674"}],"wp:term":[{"taxonomy":"category","embeddable":true,"href":"https:\/\/redsemlac.com\/semmexico\/wp-json\/wp\/v2\/categories?post=35674"},{"taxonomy":"post_tag","embeddable":true,"href":"https:\/\/redsemlac.com\/semmexico\/wp-json\/wp\/v2\/tags?post=35674"}],"curies":[{"name":"wp","href":"https:\/\/api.w.org\/{rel}","templated":true}]}}