{"id":35670,"date":"2021-05-21T12:11:09","date_gmt":"2021-05-21T18:11:09","guid":{"rendered":"https:\/\/redsemlac.com\/semmexico\/?p=35670"},"modified":"2023-07-21T17:00:39","modified_gmt":"2023-07-21T22:00:39","slug":"a-una-eleccion-de-mujeres-llama-la-senadora-kenia-lopez-rabadan","status":"publish","type":"post","link":"https:\/\/redsemlac.com\/semmexico\/a-una-eleccion-de-mujeres-llama-la-senadora-kenia-lopez-rabadan\/","title":{"rendered":"A una elecci\u00f3n de mujeres llama la senadora Kenia L\u00f3pez Rabad\u00e1n"},"content":{"rendered":"\n<p class=\"wp-block-paragraph\">Reuni\u00f3n con&nbsp;&nbsp;la candidata panista al gobierno de Guerrero&nbsp;&nbsp;Irma Lilia Garz\u00f3n Bernal y con la Candidata a la Alcald\u00eda de Acapulco, Luisa Fontova<\/p>\n\n\n\n<p class=\"wp-block-paragraph\">Redacci\u00f3n<\/p>\n\n\n\n<p class=\"wp-block-paragraph\">SemM\u00e9xico\/Ceprovysa, Acapulco, Gro. 21 de mayo, 2021.- La Senadora de la Rep\u00fablica, Kenia L\u00f3pez Rabad\u00e1n, levant\u00f3 la mano a la Candidata a Gobernadora Irma Lilia Garz\u00f3n Bernal y dijo \u201c\u00e9sta es una elecci\u00f3n de mujeres\u201d.<\/p>\n\n\n\n<p class=\"wp-block-paragraph\">Agreg\u00f3 que las propuestas planteadas por las y los candidatos del PAN, responden a un compromiso con la entidad y con las mujeres del pa\u00eds, por ello, llam\u00f3 a emitir un voto responsable este 6 de junio.<\/p>\n\n\n\n<p class=\"wp-block-paragraph\">La Senadora del PAN, L\u00f3pez Rabad\u00e1n, Presidenta de la Comisi\u00f3n de Derechos Humanos, ha convocado en su trabajo parlamentario a \u201cconstruir un pa\u00eds m\u00e1s justo para todas y todos\u201d.<\/p>\n\n\n\n<p class=\"wp-block-paragraph\">La Senadora, acompa\u00f1ada de la Candidata a Gobernadora Irma Lilia Garz\u00f3n Bernal, de la Candidata a la Alcald\u00eda de Acapulco, Luisa Fontova, as\u00ed como del Dirigente Estatal, y la Delegada Nacional del blanquiazul en Guerrero, Eloy Salmer\u00f3n D\u00edaz y Yolanda Valladares, convoc\u00f3 a las mujeres a que este 6 de junio hagan \u201cuna elecci\u00f3n de mujeres.<\/p>\n\n\n\n<p class=\"wp-block-paragraph\">La Senadora estuvo en Acapulco, en una reuni\u00f3n con mujeres profesionistas y empresarias, con quienes charl\u00f3 sobre su trabajo en el Senado y las convoc\u00f3 a participar activamente en los temas de la sociedad.<\/p>\n","protected":false},"excerpt":{"rendered":"<p>Reuni\u00f3n con&nbsp;&nbsp;la candidata panista al gobierno de Guerrero&nbsp;&nbsp;Irma Lilia Garz\u00f3n Bernal y con la Candidata a la Alcald\u00eda de Acapulco, Luisa Fontova Redacci\u00f3n SemM\u00e9xico\/Ceprovysa, Acapulco, Gro. 21 de mayo, 2021.- La Senadora de la Rep\u00fablica, Kenia L\u00f3pez Rabad\u00e1n, levant\u00f3 la mano a la Candidata a Gobernadora Irma Lilia Garz\u00f3n Bernal y dijo \u201c\u00e9sta es una [&hellip;]<\/p>\n","protected":false},"author":3,"featured_media":35671,"comment_status":"open","ping_status":"open","sticky":false,"template":"","format":"standard","meta":{"_monsterinsights_skip_tracking":false,"footnotes":""},"categories":[692,50],"tags":[],"class_list":["post-35670","post","type-post","status-publish","format-standard","has-post-thumbnail","category-692","category-congreso"],"_links":{"self":[{"href":"https:\/\/redsemlac.com\/semmexico\/wp-json\/wp\/v2\/posts\/35670","targetHints":{"allow":["GET"]}}],"collection":[{"href":"https:\/\/redsemlac.com\/semmexico\/wp-json\/wp\/v2\/posts"}],"about":[{"href":"https:\/\/redsemlac.com\/semmexico\/wp-json\/wp\/v2\/types\/post"}],"author":[{"embeddable":true,"href":"https:\/\/redsemlac.com\/semmexico\/wp-json\/wp\/v2\/users\/3"}],"replies":[{"embeddable":true,"href":"https:\/\/redsemlac.com\/semmexico\/wp-json\/wp\/v2\/comments?post=35670"}],"version-history":[{"count":0,"href":"https:\/\/redsemlac.com\/semmexico\/wp-json\/wp\/v2\/posts\/35670\/revisions"}],"wp:featuredmedia":[{"embeddable":true,"href":"https:\/\/redsemlac.com\/semmexico\/wp-json\/wp\/v2\/media\/35671"}],"wp:attachment":[{"href":"https:\/\/redsemlac.com\/semmexico\/wp-json\/wp\/v2\/media?parent=35670"}],"wp:term":[{"taxonomy":"category","embeddable":true,"href":"https:\/\/redsemlac.com\/semmexico\/wp-json\/wp\/v2\/categories?post=35670"},{"taxonomy":"post_tag","embeddable":true,"href":"https:\/\/redsemlac.com\/semmexico\/wp-json\/wp\/v2\/tags?post=35670"}],"curies":[{"name":"wp","href":"https:\/\/api.w.org\/{rel}","templated":true}]}}