{"id":35665,"date":"2021-05-20T14:23:13","date_gmt":"2021-05-20T20:23:13","guid":{"rendered":"https:\/\/redsemlac.com\/semmexico\/?p=35665"},"modified":"2023-07-21T17:00:39","modified_gmt":"2023-07-21T22:00:39","slug":"desoye-titular-de-la-sspc-denuncia-de-hostigamiento-sexual","status":"publish","type":"post","link":"https:\/\/redsemlac.com\/semmexico\/desoye-titular-de-la-sspc-denuncia-de-hostigamiento-sexual\/","title":{"rendered":"Desoye titular de la SSPC denuncia de hostigamiento sexual"},"content":{"rendered":"\n<ul class=\"wp-block-list\"><li>\u201cLo vamos a arreglar con una disculpa, porque el subsecretario ya me rega\u00f1\u00f3\u201d<\/li><li>Trama de complicidades dejan en la impunidad a funcionarios<\/li><\/ul>\n\n\n\n<p class=\"wp-block-paragraph\">Soledad Jarqu\u00edn Edgar<\/p>\n\n\n\n<p class=\"wp-block-paragraph\">SemM\u00e9xico, Cd. de M\u00e9xico, 19 de mayo, 2021.- El acoso y hostigamiento sexual de un director general adjunto a una subalterna, no ha sido atendido ni por el ex titular y ni por la actual Secretaria de Seguridad y Protecci\u00f3n Ciudadana del gobierno federal, en tanto, uno de los tres agresores ha sido ascendido en su cargo.\u00a0<\/p>\n\n\n\n<p class=\"wp-block-paragraph\">En entrevista pide a SemM\u00e9xico que guardemos su identidad y, debido a la presunci\u00f3n de inocencia, tampoco diremos los nombres de los agresores.&nbsp;<\/p>\n\n\n\n<p class=\"wp-block-paragraph\">Explica que, en tanto, el hoy candidato de Morena al gobierno de Sonora y ex titular de la dependencia, Alfonso Durazo Monta\u00f1o, conoci\u00f3 del caso, nunca la recibi\u00f3, mientras que la actual titular Rosa Icela Rodr\u00edguez no la ha recibido debido a m\u00faltiples obst\u00e1culos que pone el c\u00edrculo cercano de la Secretaria de la 4T, por lo que v\u00eda oficial\u00eda de partes envi\u00f3 un escrito solicitando una reuni\u00f3n a la funcionaria y est\u00e1 a la espera de su respuesta.<\/p>\n\n\n\n<p class=\"wp-block-paragraph\">La entrevistada se\u00f1ala que hace poco m\u00e1s de un a\u00f1o \u201cse atrevi\u00f3\u201d a hablar del hostigamiento sexual sufrido por parte de su jefe inmediato durante enero y marzo de 2020, esto luego de que las agresiones subieron de tono y llegaron a ser una amenaza para su integridad emocional y f\u00edsica.<\/p>\n\n\n\n<p class=\"wp-block-paragraph\">Por consejo de una compa\u00f1era se present\u00f3 ante el entonces jefe de la Unidad de Prevenci\u00f3n de la Violencia y el Delito de la misma dependencia, donde fue escuchada tambi\u00e9n por el responsable del \u00e1rea jur\u00eddica (mismo al que despu\u00e9s ascendieron a Titular de la Unidad de Pol\u00edtica Policial, Penitenciaria y Seguridad Privada). Pero las cosas no fueron bien. En pocos d\u00edas su jefe inmediato cambi\u00f3 su actitud hacia ella, ignor\u00e1ndola o d\u00e1ndole m\u00e1s trabajo.<\/p>\n\n\n\n<p class=\"wp-block-paragraph\">Una semana y media despu\u00e9s la mand\u00f3 a llamar a la hora de su salida a comer. A la reuni\u00f3n asisti\u00f3 su jefe inmediato y hostigador y el jefe del \u00e1rea jur\u00eddica. En unos minutos supo que su jefe se disculpar\u00eda no sin antes asegurar que no pretendi\u00f3 hostigarla que se trat\u00f3 de un malentendido y que le ofrecer\u00e1 una disculpa porque \u201clo rega\u00f1\u00f3 el subsecretario (Ricardo Mej\u00eda Berdeja, Subsecretario de Seguridad P\u00fablica) y lo vamos a arreglar con una disculpa\u201d.<\/p>\n\n\n\n<p class=\"wp-block-paragraph\">En esa reuni\u00f3n su agresor pretendi\u00f3 asegurar que ella se hab\u00eda equivocado, \u201cte confundiste\u201d, le dijo delante del abogado de la Secretar\u00eda de Seguridad y Protecci\u00f3n Ciudadana. Pretend\u00eda con ello justificar que la v\u00edctima hab\u00eda dado otra interpretaci\u00f3n a su insistencia de que durmieran en la misma habitaci\u00f3n, en referencia a la primera salida al interior del pa\u00eds, hecho que se repiti\u00f3 en otras comisiones hasta llegar a la amenaza de que tarde o temprano por gusto o no dormir\u00eda con \u00e9l.<\/p>\n\n\n\n<p class=\"wp-block-paragraph\">Yo lo desment\u00ed una y otra vez, como resultado se enoj\u00f3 mucho, por lo que intervino el jefe del \u00e1rea jur\u00eddica quien le dijo: \u201cNo, no, no, estamos aqu\u00ed para que t\u00fa le ofrezcas una disculpa, porque de verdad no quisiste decir eso y est\u00e1s arrepentido\u201d. Acto seguido el abogado de la SSPC indujo al funcionario una serie de preguntas y lo defendi\u00f3.<\/p>\n\n\n\n<p class=\"wp-block-paragraph\">Pero el agresor arremeti\u00f3 en contra la v\u00edctima se\u00f1alando frases como \u201ct\u00fa te confundiste\u201d, \u201cnunca te toqu\u00e9\u201d, \u201cnunca te manose\u00e9\u201d, \u201cnunca me hice el chistosito\u201d. Ella comprendi\u00f3 que era una simulaci\u00f3n y que no estaba de acuerdo con la \u201cdisculpa\u201d, por lo que el encargado del \u00e1rea jur\u00eddica respondi\u00f3: \u201cte pido que te pongas a trabajar y que le des la vuelta a la p\u00e1gina\u201d y \u201cque por seguridad del \u00e1rea ya no viajar\u00eda ella con su agresor\u201d.<\/p>\n\n\n\n<p class=\"wp-block-paragraph\">Cuando est\u00e1n solos, su jefe inmediato le explica que la reg\u00f3, porque mientras \u00e9l habla un \u201clenguaje operativo, de los polic\u00edas\u201d, el de ella es \u201cadministrativo\u201d.<\/p>\n\n\n\n<p class=\"wp-block-paragraph\">Acoso Laboral<\/p>\n\n\n\n<p class=\"wp-block-paragraph\">D\u00edas despu\u00e9s la cambian de \u00e1rea y la mandan con el encargado del \u00e1rea jur\u00eddica donde la primera semana recibe reconocimiento por su buen desempe\u00f1o, lo que cambia radicalmente en solo unos d\u00edas. Le dan una mayor carga de trabajo, la rega\u00f1an sistem\u00e1ticamente y exhiben delante de otros compa\u00f1eros de trabajo.<\/p>\n\n\n\n<p class=\"wp-block-paragraph\">Aunado a los rumores que se esparcieron entre el resto del personal que se burlaba de ella o se hac\u00edan a un lado cuando pasaba entre comentarios socarrones como \u201chazte a un lado, no la mires, te puede demandar por acoso\u201d.<\/p>\n\n\n\n<p class=\"wp-block-paragraph\">Para la entrevistada ha sido un largo a\u00f1o lleno de dificultades, ya que aunque dej\u00f3 de ir un tiempo a la oficina por la pandemia de Covid 19, ha regresado a partir del 19 de abril pasado para encontrar un ambiente hostil de trabajo donde el nuevo Director General de Implementaci\u00f3n y Evaluaci\u00f3n de Pol\u00edticas para la Prevenci\u00f3n, \u00e1rea donde se le env\u00edo a laborar como medida de protecci\u00f3n dictada por el \u00d3rgano Interno de Control, le da una oficina por su nivel de Directora y 2 d\u00edas despu\u00e9s la saca de ella y la env\u00eda al \u00e1rea donde se encuentran las Secretarias de la Unidad de Prevenci\u00f3n de la Violencia y el Delito porque dice, su plaza no es de su estructura y no la pueden tomar en cuenta.<\/p>\n\n\n\n<p class=\"wp-block-paragraph\">Ahora ha iniciado tr\u00e1mites correspondientes para proceder a las demandas judiciales contra su hostigador sexual y quienes la acosaron laboralmente, lamenta mucho que el ex titular Alfonso Durazo, como la actual titular de la Secretar\u00eda Rosa Icela Rodr\u00edguez no la hayan atendido.<\/p>\n","protected":false},"excerpt":{"rendered":"<p>\u201cLo vamos a arreglar con una disculpa, porque el subsecretario ya me rega\u00f1\u00f3\u201d Trama de complicidades dejan en la impunidad a funcionarios Soledad Jarqu\u00edn Edgar SemM\u00e9xico, Cd. de M\u00e9xico, 19 de mayo, 2021.- El acoso y hostigamiento sexual de un director general adjunto a una subalterna, no ha sido atendido ni por el ex titular [&hellip;]<\/p>\n","protected":false},"author":3,"featured_media":35666,"comment_status":"open","ping_status":"open","sticky":false,"template":"","format":"standard","meta":{"_monsterinsights_skip_tracking":false,"footnotes":""},"categories":[692,51],"tags":[],"class_list":["post-35665","post","type-post","status-publish","format-standard","has-post-thumbnail","category-692","category-ejecutivo"],"_links":{"self":[{"href":"https:\/\/redsemlac.com\/semmexico\/wp-json\/wp\/v2\/posts\/35665","targetHints":{"allow":["GET"]}}],"collection":[{"href":"https:\/\/redsemlac.com\/semmexico\/wp-json\/wp\/v2\/posts"}],"about":[{"href":"https:\/\/redsemlac.com\/semmexico\/wp-json\/wp\/v2\/types\/post"}],"author":[{"embeddable":true,"href":"https:\/\/redsemlac.com\/semmexico\/wp-json\/wp\/v2\/users\/3"}],"replies":[{"embeddable":true,"href":"https:\/\/redsemlac.com\/semmexico\/wp-json\/wp\/v2\/comments?post=35665"}],"version-history":[{"count":0,"href":"https:\/\/redsemlac.com\/semmexico\/wp-json\/wp\/v2\/posts\/35665\/revisions"}],"wp:featuredmedia":[{"embeddable":true,"href":"https:\/\/redsemlac.com\/semmexico\/wp-json\/wp\/v2\/media\/35666"}],"wp:attachment":[{"href":"https:\/\/redsemlac.com\/semmexico\/wp-json\/wp\/v2\/media?parent=35665"}],"wp:term":[{"taxonomy":"category","embeddable":true,"href":"https:\/\/redsemlac.com\/semmexico\/wp-json\/wp\/v2\/categories?post=35665"},{"taxonomy":"post_tag","embeddable":true,"href":"https:\/\/redsemlac.com\/semmexico\/wp-json\/wp\/v2\/tags?post=35665"}],"curies":[{"name":"wp","href":"https:\/\/api.w.org\/{rel}","templated":true}]}}