{"id":35662,"date":"2021-05-20T13:15:59","date_gmt":"2021-05-20T19:15:59","guid":{"rendered":"https:\/\/redsemlac.com\/semmexico\/?p=35662"},"modified":"2023-07-21T17:00:39","modified_gmt":"2023-07-21T22:00:39","slug":"la-cndh-reconoce-a-adelina-nicholls-por-su-labor-con-inmigrantes-latinos","status":"publish","type":"post","link":"https:\/\/redsemlac.com\/semmexico\/la-cndh-reconoce-a-adelina-nicholls-por-su-labor-con-inmigrantes-latinos\/","title":{"rendered":"La CNDH reconoce a Adelina Nicholls por su labor con inmigrantes latinos"},"content":{"rendered":"\n<p class=\"wp-block-paragraph\">La activista que denunci\u00f3 abusos a mexicanas en una estaci\u00f3n migratoria<\/p>\n\n\n\n<p class=\"wp-block-paragraph\">Necesario erradicar discriminaci\u00f3n y expresiones racistas de connacionales en Estados Unidos<\/p>\n\n\n\n<p class=\"wp-block-paragraph\">Lizbeth \u00c1lvarez Mart\u00ednez.&nbsp;<\/p>\n\n\n\n<p class=\"wp-block-paragraph\">SemM\u00e9xico, Cd. de M\u00e9xico, 20 de mayo, 2021.- La Directora Ejecutiva de la Alianza Latina Pro Derechos Humanos del Estado de Georgia (GLAHR), Adelina Nicholls, fue reconocida de manera honorifica, por la labor que realiza a favor de los inmigrantes latinos que viven y trabajan en esa regi\u00f3n de la Uni\u00f3n Americana, a trav\u00e9s de 18 Comit\u00e9s Populares cuya misi\u00f3n es contribuir a erradicar la discriminaci\u00f3n racial, injusticia econ\u00f3mica y la violencia infligida por las autoridades, sobre todo, al realizar detenciones y deportaciones indebidas, as\u00ed como frente a los abusos policiales.<\/p>\n\n\n\n<p class=\"wp-block-paragraph\">El reconocimiento, fue otorgado en un diplomado realizado por la Comisi\u00f3n Nacional de los Derechos Humanos (CNDH), llamado \u201cFormaci\u00f3n de Derechos Humanos de los Pueblos, Comunidades Ind\u00edgenas y Afromexicanas 2020\u201d.<\/p>\n\n\n\n<p class=\"wp-block-paragraph\">Adelina Nicholls, como lo inform\u00f3 SemM\u00e9xico, es la activista que detect\u00f3&nbsp;&nbsp;y document\u00f3 los abusos obst\u00e9tricos de m\u00e1s de 30 migrantes, entre ellas, 10 mexicanas.<\/p>\n\n\n\n<p class=\"wp-block-paragraph\">Durante su exposici\u00f3n, Adelina Nicholls, indic\u00f3 que el diplomado permiti\u00f3 a muchos connacionales que viven en Estados Unidos retomar sus ra\u00edces, por lo que es importante impulsar espacios similares para fomentar el conocimiento de la diversidad cultural entre las nuevas generaciones.<\/p>\n\n\n\n<p class=\"wp-block-paragraph\">Mientras tanto, la titular de la CNDH, Rosario Piedra Ibarra, llam\u00f3 a sumar esfuerzos para erradicar la discriminaci\u00f3n, expresiones racistas y los abusos de autoridad que vulneran la dignidad y derechos de las personas migrantes de origen latino y, principalmente, de los connacionales que radican en Estados Unidos.<\/p>\n\n\n\n<p class=\"wp-block-paragraph\">El Diplomado de Formaci\u00f3n de Derechos Humanos de los Pueblos, Comunidades Ind\u00edgenas y Afromexicanas 2020, fue realizado conjuntamente por este Organismo Nacional, la Facultad de Filosof\u00eda y Letras de la UNAM; la Universidad Intercultural del Estado de Puebla y Organismos P\u00fablicos de Derechos Humanos de diferentes entidades, entre otras instituciones, participaron 1,263 estudiantes de seis pa\u00edses.<\/p>\n","protected":false},"excerpt":{"rendered":"<p>La activista que denunci\u00f3 abusos a mexicanas en una estaci\u00f3n migratoria Necesario erradicar discriminaci\u00f3n y expresiones racistas de connacionales en Estados Unidos Lizbeth \u00c1lvarez Mart\u00ednez.&nbsp; SemM\u00e9xico, Cd. de M\u00e9xico, 20 de mayo, 2021.- La Directora Ejecutiva de la Alianza Latina Pro Derechos Humanos del Estado de Georgia (GLAHR), Adelina Nicholls, fue reconocida de manera honorifica, [&hellip;]<\/p>\n","protected":false},"author":3,"featured_media":35663,"comment_status":"open","ping_status":"open","sticky":false,"template":"","format":"standard","meta":{"_monsterinsights_skip_tracking":false,"footnotes":""},"categories":[692,51],"tags":[],"class_list":["post-35662","post","type-post","status-publish","format-standard","has-post-thumbnail","category-692","category-ejecutivo"],"_links":{"self":[{"href":"https:\/\/redsemlac.com\/semmexico\/wp-json\/wp\/v2\/posts\/35662","targetHints":{"allow":["GET"]}}],"collection":[{"href":"https:\/\/redsemlac.com\/semmexico\/wp-json\/wp\/v2\/posts"}],"about":[{"href":"https:\/\/redsemlac.com\/semmexico\/wp-json\/wp\/v2\/types\/post"}],"author":[{"embeddable":true,"href":"https:\/\/redsemlac.com\/semmexico\/wp-json\/wp\/v2\/users\/3"}],"replies":[{"embeddable":true,"href":"https:\/\/redsemlac.com\/semmexico\/wp-json\/wp\/v2\/comments?post=35662"}],"version-history":[{"count":0,"href":"https:\/\/redsemlac.com\/semmexico\/wp-json\/wp\/v2\/posts\/35662\/revisions"}],"wp:featuredmedia":[{"embeddable":true,"href":"https:\/\/redsemlac.com\/semmexico\/wp-json\/wp\/v2\/media\/35663"}],"wp:attachment":[{"href":"https:\/\/redsemlac.com\/semmexico\/wp-json\/wp\/v2\/media?parent=35662"}],"wp:term":[{"taxonomy":"category","embeddable":true,"href":"https:\/\/redsemlac.com\/semmexico\/wp-json\/wp\/v2\/categories?post=35662"},{"taxonomy":"post_tag","embeddable":true,"href":"https:\/\/redsemlac.com\/semmexico\/wp-json\/wp\/v2\/tags?post=35662"}],"curies":[{"name":"wp","href":"https:\/\/api.w.org\/{rel}","templated":true}]}}