{"id":35656,"date":"2021-05-20T13:12:00","date_gmt":"2021-05-20T19:12:00","guid":{"rendered":"https:\/\/redsemlac.com\/semmexico\/?p=35656"},"modified":"2023-07-21T17:00:39","modified_gmt":"2023-07-21T22:00:39","slug":"no-dotar-de-recursos-al-sistema-nacional-de-cuidados-lo-dejara-en-letra-muerta-dulce-maria-sauri-riancho","status":"publish","type":"post","link":"https:\/\/redsemlac.com\/semmexico\/no-dotar-de-recursos-al-sistema-nacional-de-cuidados-lo-dejara-en-letra-muerta-dulce-maria-sauri-riancho\/","title":{"rendered":"No dotar de  recursos al Sistema  Nacional  de Cuidados, lo dejar\u00e1 en letra muerta: Dulce Mar\u00eda Sauri Riancho"},"content":{"rendered":"\n<p class=\"wp-block-paragraph\">La reforma constitucional que crea el sistema pendiente&nbsp;&nbsp;en el Senado a 6 meses de su aprobaci\u00f3n<\/p>\n\n\n\n<p class=\"wp-block-paragraph\">Presenta el PRI una iniciativa de reforma hacendaria que dote recursos cada a\u00f1o y sea progresivo<\/p>\n\n\n\n<p class=\"wp-block-paragraph\">Sara Lovera<\/p>\n\n\n\n<p class=\"wp-block-paragraph\">SemM\u00e9xico, Cd. de M\u00e9xico, 20 de mayo, 2021.-La diputada Dulce Mar\u00eda&nbsp;Sauri Riancho, del Grupo Parlamentario del PRI,&nbsp;present\u00f3 una iniciativa para que el&nbsp;Sistema Nacional de Cuidados&nbsp;cuente con recursos econ\u00f3micos suficientes que permitan su operaci\u00f3n, para que no quede en letra muerta y quede claro que \u00e9sta&nbsp;&nbsp;no puede ser entendida sin considerar los derechos de las mujeres y advirti\u00f3 que el Sistema no se ha aprobado en el Senado, tras 6 meses desde su aprobaci\u00f3n y reforma Constitucional.<\/p>\n\n\n\n<p class=\"wp-block-paragraph\">El texto de la reforma que present\u00f3 la tambi\u00e9n presidenta de la Mesa Directiva de la C\u00e1mara de Diputados,&nbsp;&nbsp;deja en claro que&nbsp;los recursos que se otorguen a\u00f1o con a\u00f1o nunca disminuyan; y que las dependencias y entidades encargadas de poner en marcha al&nbsp;&nbsp;Sistema puedan solicitar aumentos anuales, con base en las necesidades o vicisitudes que adviertan.<\/p>\n\n\n\n<p class=\"wp-block-paragraph\">Al presentarla en nombre de su grupo parlamentario, la reforma que propone, atiende a la reforma constitucional aprobada en noviembre de 2020. Ahora se trata de hacerla efectiva. De dotarla de recursos, de trabajar en la ley secundaria, porque Estado&nbsp;est\u00e1 obligado&nbsp;a tomar todas las medidas a su alcance en el corto, mediano y largo plazo, y de manera expedita y eficaz.&nbsp;<\/p>\n\n\n\n<p class=\"wp-block-paragraph\">La iniciativa, de la que SemM\u00e9xico tiene copia,&nbsp;reforma y adiciona los art\u00edculos 25 y 42 de la Ley Federal de Presupuesto y Responsabilidad Hacendaria, para garantizar el destino de recursos para hacer efectivo el Sistema Nacional de Cuidados.<\/p>\n\n\n\n<p class=\"wp-block-paragraph\">Adem\u00e1s destac\u00f3 la diputada&nbsp;&nbsp;que el&nbsp;cuidado como derecho, supone asegurar los est\u00e1ndares y principios de derechos humanos, su car\u00e1cter universal, indivisible e interdependiente.<\/p>\n\n\n\n<p class=\"wp-block-paragraph\">El texto de la iniciativa presentada hoy,&nbsp;&nbsp;recuerda que&nbsp;&nbsp;durante la discusi\u00f3n&nbsp;&nbsp;de la reforma constitucional, del 18 de noviembre de 2020,&nbsp;&nbsp;se determin\u00f3 que el sistema nacional de cuidados no deb\u00eda generar ninguna estructura org\u00e1nica nueva ni compromisos econ\u00f3micos adicionales; si no deb\u00edan aprovecharse las instituciones ya existentes de los diversos \u00f3rdenes parciales de gobierno, esto a pesar de que diversos grupos parlamentarios hicieron \u00e9nfasis en la necesidad de que un sistema de esta naturaleza, dada su complejidad requiere recursos para su correcta implementaci\u00f3n. Pese a esta advertencia, porque la dejar\u00eda en letra muerta,&nbsp;&nbsp;reconoci\u00f3 que\u201dla aprobaci\u00f3n de esta reforma significa un avance importante en materia de derechos humanos, la cual podr\u00e1 ser perfeccionada con la expedici\u00f3n de su ley secundaria\u201d.<\/p>\n\n\n\n<p class=\"wp-block-paragraph\">Pero adem\u00e1s, la reforma constitucional, trascendental para la vida de las personas, no la aprob\u00f3 todav\u00eda el Senado de la Rep\u00fablica. Lo que es de preocupaci\u00f3n. Ahora la propuesta, trata de enmendar esa advertencia de que no&nbsp;&nbsp;implicar\u00eda gasto adicional. La convertir\u00eda en una falacia.<\/p>\n\n\n\n<p class=\"wp-block-paragraph\">El Sistema Nacional de Cuidados, defendido por el Instituto Nacional de las Mujeres, no podr\u00eda quedar s\u00f3lo en palabras. En todos los pa\u00edses del sistema americano, se camina en ese sentido, incluso por las recomendaciones de la CEPAL, tras lo devastadores efectos de la pandemia y la p\u00e9rdida de empleo de las mujeres. Asunto reconocido y discutido en todos los pa\u00edses.<\/p>\n\n\n\n<p class=\"wp-block-paragraph\">&nbsp;Uno de los argumentos, que record\u00f3 la ex gobernadora de Yucat\u00e1 es que&nbsp;&nbsp;trabajo de cuidados es uno de los obst\u00e1culos&nbsp;&nbsp;que enfrentan las mujeres al tratar de incorporarse al trabajo remunerado, y en consecuencia, avanzar en su grado de autonom\u00eda.&nbsp;<\/p>\n\n\n\n<p class=\"wp-block-paragraph\">De acuerdo con el INEGI, la pandemia de COVID-19 tuvo un impacto desproporcionado sobre las mujeres.<\/p>\n\n\n\n<p class=\"wp-block-paragraph\">M\u00e1s de un mill\u00f3n tuvo que dejar de trabajar por un ingreso; 84 por ciento sali\u00f3 de la fuerza de trabajo de la denominada poblaci\u00f3n econ\u00f3micamente activa, mientras que 7 de cada 10 personas de los 2.1 millones que ya no est\u00e1n ocupadas, tambi\u00e9n eran mujeres.<\/p>\n\n\n\n<p class=\"wp-block-paragraph\">Otro dato por dem\u00e1s contundente, sostuvo la diputada,&nbsp;&nbsp;muestra que de los casi 30 millones de mujeres de 15 a\u00f1os y m\u00e1s, que est\u00e1n fuera de la fuerza laboral, apenas 17 por ciento asegura estar disponible para trabajar, y 80 por ciento se\u00f1ala que tiene otras actividades y\/o vive en un contexto que les dificulta trabajar.<\/p>\n\n\n\n<p class=\"wp-block-paragraph\">La pandemia dej\u00f3 enormes consecuencias sociales y econ\u00f3micas en el caso de las mujeres, \u00e9stas pasan por el estr\u00e9s, los efectos psicol\u00f3gicos y la fatiga que ha dejado el trabajo de cuidados, como, por ejemplo, cumplir el rol de madre combinado con el de asistentes educativas, cuidar personas enfermas y lidiar con una mayor densidad de trabajo dom\u00e9stico durante el confinamiento. Todo esto tiene efectos sobre su autonom\u00eda econ\u00f3mica y su calidad de vida.<\/p>\n\n\n\n<p class=\"wp-block-paragraph\">La iniciativa implica asegurar el funcionamiento del Sistema Nacional de Cuidados, que consiste en un conjunto de pol\u00edticas p\u00fablicas y acciones institucionales que deben coordinarse, no solo en el nivel de la federaci\u00f3n, sino tambi\u00e9n con la concurrencia de los estados, y esta responsabilidad no puede iniciar sin recursos propios, por magros que estos sean.<\/p>\n\n\n\n<p class=\"wp-block-paragraph\">Argument\u00f3&nbsp;que la aprobaci\u00f3n de&nbsp;esta reforma significa un avance importante en materia de derechos humanos, la cual podr\u00e1 ser perfeccionada con la expedici\u00f3n de su ley secundaria, por lo que se necesita presupuesto suficiente para establecer y ejecutar tales pol\u00edticas p\u00fablicas. &nbsp;<\/p>\n\n\n\n<p class=\"wp-block-paragraph\">Advirti\u00f3 que no prever una erogaci\u00f3n presupuestaria a reformas con tan importante impacto social, genera que el texto constitucional sea letra muerta, ya que la ciudadan\u00eda se ve impedida para ejercer dicho derecho ante la falta de mecanismos o instituciones ante quien exigirlo.&nbsp;<\/p>\n\n\n\n<p class=\"wp-block-paragraph\">En el documento fue enviado a la Comisi\u00f3n de Presupuesto y Cuenta P\u00fablica de la C\u00e1mara de Diputados, resalta que la propuesta tiene en su naturaleza la perspectiva de g\u00e9nero, toda vez que son las mujeres quienes se encargan de los cuidados.<\/p>\n\n\n\n<p class=\"wp-block-paragraph\">Aclar\u00f3 que, est\u00e1 pendiente la aprobaci\u00f3n de esta reforma en el Senado de la Republica, sin embargo, espera cuente con un amplio consenso por parte de todos los grupos parlamentarios como sucedi\u00f3 en la C\u00e1mara de Diputados por ser un tema necesario para la poblaci\u00f3n.&nbsp;<\/p>\n\n\n\n<p class=\"wp-block-paragraph\">La iniciativa hacendaria est\u00e1 firmada por las diputadas&nbsp;Dulce Mar\u00eda Sauri Riancho, Mariana Rodr\u00edguez Mier y Ter\u00e1n, Claudia Pastor Badilla y los diputados Ren\u00e9 Ju\u00e1rez Cisneros y Enrique Ochoa Reza,&nbsp;integrantes del Grupo Parlamentario del Partido Revolucionario Institucional PRI.<\/p>\n","protected":false},"excerpt":{"rendered":"<p>La reforma constitucional que crea el sistema pendiente&nbsp;&nbsp;en el Senado a 6 meses de su aprobaci\u00f3n Presenta el PRI una iniciativa de reforma hacendaria que dote recursos cada a\u00f1o y sea progresivo Sara Lovera SemM\u00e9xico, Cd. de M\u00e9xico, 20 de mayo, 2021.-La diputada Dulce Mar\u00eda&nbsp;Sauri Riancho, del Grupo Parlamentario del PRI,&nbsp;present\u00f3 una iniciativa para que [&hellip;]<\/p>\n","protected":false},"author":3,"featured_media":35657,"comment_status":"open","ping_status":"open","sticky":false,"template":"","format":"standard","meta":{"_monsterinsights_skip_tracking":false,"footnotes":""},"categories":[692,50],"tags":[],"class_list":["post-35656","post","type-post","status-publish","format-standard","has-post-thumbnail","category-692","category-congreso"],"_links":{"self":[{"href":"https:\/\/redsemlac.com\/semmexico\/wp-json\/wp\/v2\/posts\/35656","targetHints":{"allow":["GET"]}}],"collection":[{"href":"https:\/\/redsemlac.com\/semmexico\/wp-json\/wp\/v2\/posts"}],"about":[{"href":"https:\/\/redsemlac.com\/semmexico\/wp-json\/wp\/v2\/types\/post"}],"author":[{"embeddable":true,"href":"https:\/\/redsemlac.com\/semmexico\/wp-json\/wp\/v2\/users\/3"}],"replies":[{"embeddable":true,"href":"https:\/\/redsemlac.com\/semmexico\/wp-json\/wp\/v2\/comments?post=35656"}],"version-history":[{"count":0,"href":"https:\/\/redsemlac.com\/semmexico\/wp-json\/wp\/v2\/posts\/35656\/revisions"}],"wp:featuredmedia":[{"embeddable":true,"href":"https:\/\/redsemlac.com\/semmexico\/wp-json\/wp\/v2\/media\/35657"}],"wp:attachment":[{"href":"https:\/\/redsemlac.com\/semmexico\/wp-json\/wp\/v2\/media?parent=35656"}],"wp:term":[{"taxonomy":"category","embeddable":true,"href":"https:\/\/redsemlac.com\/semmexico\/wp-json\/wp\/v2\/categories?post=35656"},{"taxonomy":"post_tag","embeddable":true,"href":"https:\/\/redsemlac.com\/semmexico\/wp-json\/wp\/v2\/tags?post=35656"}],"curies":[{"name":"wp","href":"https:\/\/api.w.org\/{rel}","templated":true}]}}