{"id":35654,"date":"2021-05-20T13:09:14","date_gmt":"2021-05-20T19:09:14","guid":{"rendered":"https:\/\/redsemlac.com\/semmexico\/?p=35654"},"modified":"2023-07-21T17:00:39","modified_gmt":"2023-07-21T22:00:39","slug":"belleza-cultura-y-politica-como-signos-femeninos","status":"publish","type":"post","link":"https:\/\/redsemlac.com\/semmexico\/belleza-cultura-y-politica-como-signos-femeninos\/","title":{"rendered":"Belleza, Cultura y Pol\u00edtica, Como Signos Femeninos"},"content":{"rendered":"\n<p class=\"wp-block-paragraph\"><strong>Jorge Herrera Valenzuela<\/strong><\/p>\n\n\n\n<p class=\"wp-block-paragraph\"><strong>RCORDEMOS QUE ANHELAMOS UN M\u00c9XICO MEJOR EN TODO<\/strong><\/p>\n\n\n\n<p class=\"wp-block-paragraph\">SemM\u00e9xico, Cd. de M\u00e9xico, 20 de mayo, 2021.- Demos un descanso mental y abramos el camino de la tranquilidad. Dejemos a un lado la violencia sangrienta que hay en el pa\u00eds, por el proceso electoral, enmarcado por la obsesi\u00f3n del Presidente de M\u00e9xico de dirigir la campa\u00f1a de sus candidatos preferidos, de Morena, y mantenerse como l\u00edder partidista, no como estadista ni gobernante de un pa\u00eds donde ya van m\u00e1s de 220 mil muertos por el COVID 19.<\/p>\n\n\n\n<p class=\"wp-block-paragraph\">M\u00faltiples problemas reclaman la acci\u00f3n gubernamental, pero no se da un paso porque desde Palacio Nacional, todas las ma\u00f1anas, se lanzan cr\u00edticas, acusaciones sin pruebas y se divide a los mexicanos, a unos en \u201cpueblo bueno y sabio\u201d y a otros en conservadores, neoliberalistas y fif\u00eds.&nbsp;&nbsp;<\/p>\n\n\n\n<p class=\"wp-block-paragraph\">Dejemos que ruede el bal\u00f3n en los estadios futboleros, en busca del campe\u00f3n de un \u201cminitorneo y una liguilla comercial\u201d. \u00bfSe le har\u00e1 al Cruz Azul, despu\u00e9s de muchos subcampeonatos? \u00bfGanar\u00e1 la oncena de los sorprendentes Tuzos? \u00a1Los Guerreros de Torre\u00f3n llevar\u00e1n otro trofeo a su vitrina! \u00bfEl Caballo Negro, representado por los camoteros del Puebla, dar\u00e1 la sorpresa?&nbsp;<strong>Puebla<\/strong>&nbsp;gan\u00f3 su \u00faltimo campeonato (no de torneo corto) en 1990.&nbsp;<strong>Cruz Azul<\/strong>&nbsp;mantiene sequ\u00eda, de un primer lugar, desde el torneo Invierno 1997.&nbsp;<strong>Los pachuque\u00f1os<\/strong>, de la tierra de los pastes, festejaron su m\u00e1s reciente campeonato en el torneo Clausura 2016 y el&nbsp;<strong>Santos&nbsp;<\/strong>quiere su s\u00e9ptima Copa de Campe\u00f3n, la \u00faltima la obtuvo en el Clausura 2018.<\/p>\n\n\n\n<p class=\"wp-block-paragraph\">Se preguntar\u00e1n, \u00bfqu\u00e9 tiene que ver el f\u00fatbol con los signos femeninos a que se refiere el t\u00edtulo de este comentario? Me justifico. Hay que buscar temas que nos alejen unos minutos de tantos problemas locales, nacionales, internacionales y, por supuesto, los personales, pero al grano\u2026<\/p>\n\n\n\n<p class=\"wp-block-paragraph\"><strong>ANA BERTHA Y CHRISTIAN<\/strong><\/p>\n\n\n\n<p class=\"wp-block-paragraph\">La noche del 23 de julio de 1957 es hist\u00f3rica porque por primera vez una mexicana, nacida en Tecolotl\u00e1n, Jalisco, era declarada la cuarta belleza en el segundo certamen de Miss Universo. Una bella joven de 19 a\u00f1os y de nombre&nbsp;<strong>Ana Bertha Lepe Jim\u00e9nez<\/strong>, har\u00eda que se escuchara el grito de \u00a1M\u00e9xico, M\u00e9xico, M\u00e9xico! En el Auditorio Municipal de Hollywood, Florida. La triunfadora.&nbsp;<strong>Christian Martel,&nbsp;<\/strong>representante de Francia. Un a\u00f1o m\u00e1s tarde estar\u00eda en nuestro pa\u00eds y desde entonces tiene todo nuestro cari\u00f1o y admiraci\u00f3n como artista, como mujer y hoy distinguida dama mexicana.<\/p>\n\n\n\n<p class=\"wp-block-paragraph\">&nbsp;La jalisciense, en ese mismo a\u00f1o, incursion\u00f3 en el cine como \u201cextra\u201d en la pel\u00edcula Dos Tipos de Cuidado, al lado de un cuarteto \u00fanico: Yolanda Varela, Carmelita Gonz\u00e1lez, Pedro Infante y Jorge Negrete. Los \u00e9xitos siguieron y film\u00f3 60 pel\u00edculas y particip\u00f3 en 10 telenovelas. Uno de sus personajes que le vali\u00f3 reconocimientos, fue el de \u201cLa Clarines\u201d en la pel\u00edcula Patrullero 777, con Cantinflas. Su final fue muy triste, porque nunca pudo reponerse de su frustrado matrimonio.<\/p>\n\n\n\n<p class=\"wp-block-paragraph\">Ana Bertha estaba en planes de matrimonio con el joven actor Agust\u00edn de Anda, pero la madrugada del 29 de mayo de 1960, \u00e9l fue asesinado a tiros por el capit\u00e1n Guillermo Lepe Ruiz, padre de la estrella que en esos momentos cumpl\u00eda con su trabajo en el escenario del centro nocturno La Fuente. Los hechos ocurrieron en la escalinata de entrada al cabaret, ubicado en Av. Insurgentes Sur y Av. San Antonio, Col. del Valle, en la Ciudad de M\u00e9xico. Ella falleci\u00f3 a los 79 a\u00f1os, v\u00edctima de una enfermedad. No se supo que volviera a tener alg\u00fan romance. Su padre fue aprehendido, procesado y sentenciado. Purg\u00f3 su condena en Lecumberri.&nbsp;<\/p>\n\n\n\n<p class=\"wp-block-paragraph\"><strong>AL CAMPO DE LA POL\u00cdTICA<\/strong><\/p>\n\n\n\n<p class=\"wp-block-paragraph\">Un sorprendente salto ha dado la primera Miss Universo de origen mexicano. S\u00ed, la bajacaliforniana&nbsp;<strong>Lupita Jones&nbsp;<\/strong>est\u00e1 en plena campa\u00f1a pol\u00edtica electoral. Aspira a ser la primera gobernadora de Baja California, quien en la \u00e9poca alemanista fue llamado el Estado 29. Esta belleza, de 1.73 metros de estatura, est\u00e1 postulada por una coalici\u00f3n de los partidos Revolucionario Institucional, Acci\u00f3n Nacional y de la Revoluci\u00f3n Democr\u00e1tica. Primeriza en estas tareas, la se\u00f1ora Mar\u00eda Guadalupe Jones Garay ver\u00e1 su nombre en las boletas electorales el pr\u00f3ximo domingo 6 de junio.<\/p>\n\n\n\n<p class=\"wp-block-paragraph\">Durante los \u00faltimos a\u00f1os del siglo pasado y los que van del presente Siglo XXI, Lupita cre\u00f3 el concurso masculino El Modelo de M\u00e9xico que en su primera edici\u00f3n, en 1997, el actor Gabriel Soto gan\u00f3 el segundo lugar. Tambi\u00e9n es de su autor\u00eda una l\u00ednea de juguetes. Recibi\u00f3 el t\u00edtulo de Embajadora de Buena Voluntad. La han distinguido por su sofisticado encanto, modernidad, inteligencia, seguridad en s\u00ed misma y por\u2026 \u00a1su belleza!<\/p>\n\n\n\n<p class=\"wp-block-paragraph\">Lo que le espera a Lupita Jones es una tarea muy dif\u00edcil, comprometedora. \u201cVa Por M\u00e9xico\u201d, PRI PAN PRD, no la tiene f\u00e1cil porque se enfrenta al peor de los pol\u00edticos morenistas, el estadounidense-mexicano que milita en el Partido Republicano, el nefasto Jaime Bonilla.&nbsp;&nbsp;<\/p>\n\n\n\n<p class=\"wp-block-paragraph\"><strong>XIMENA Y ALMA ANDREA<\/strong><\/p>\n\n\n\n<p class=\"wp-block-paragraph\">El par de hermosas, juveniles y atractivas mexicanas, formado por la tapat\u00eda&nbsp;<strong>Ximena Navarrete Rosete<\/strong>&nbsp;y la superguapa de 1.80 de estatura&nbsp;<strong>Alma Andrea Meza Carmona<\/strong>, chihuahuense de nacimiento, nos han tra\u00eddo tambi\u00e9n el t\u00edtulo de Miss Universo. Es un acontecimiento singular para los mexicanos que vivimos, como est\u00e1 comentado en p\u00e1rrafos anteriores, situaciones de violencia, inseguridad y de pandemia. Es respirar alegr\u00eda, paz y tranquilidad.<\/p>\n\n\n\n<p class=\"wp-block-paragraph\">Ximena fue triunfadora la noche del 23 de agosto de 2010. La algarab\u00eda estaba en su apogeo cuando las cinco finalistas fueron llamadas al escenario, en el Hotel y Casino Mandalay Bay, en Las Vegas. La guadalajare\u00f1a estall\u00f3 en risas, llanto y estaba muy emocionada, pues la estaban declarando Miss Universo 2010. Por segunda vez el nombre de M\u00e9xico circul\u00f3 por todo el mundo.<\/p>\n\n\n\n<p class=\"wp-block-paragraph\">Muchos fueron los premios para la chica de 22 a\u00f1os y el disfrute de recorrer 41 pa\u00edses, comenzando con la invitaci\u00f3n que le hicieron para un programa televisivo en Espa\u00f1a. Ahora, en este mayo de 2021, no ocult\u00f3 su alegr\u00eda por el merecido primer lugar que obtuvo Alma Andrea, quien ha dicho&nbsp;<strong>\u201cHoy en d\u00eda la belleza no radica solamente en c\u00f3mo nos vemos, para m\u00ed, la belleza radica en nuestro esp\u00edritu!\u201d.<\/strong><\/p>\n\n\n\n<p class=\"wp-block-paragraph\"><strong>Andrea Meza<\/strong>&nbsp;es una belleza acaparadora de t\u00edtulos. Miss Chihuahua 2016, Miss M\u00e9xico 2017, Miss Am\u00e9rica 2017, Mexicana Universal Chihuahua 2020 y a ella le asignan Miss Universo 2020, porque el certamen corresponde al a\u00f1o en que fue suspendido el concurso, por la pandemia. A sus 26 a\u00f1os es una mujer con amplia cultura, es modelo y otro t\u00edtulo, universitario, es ingeniera en software. Le espera un a\u00f1o de mucha actividad, recorriendo muchos pa\u00edses del orbe.<\/p>\n\n\n\n<p class=\"wp-block-paragraph\"><strong>jherrerav@live.com.mx<\/strong><\/p>\n","protected":false},"excerpt":{"rendered":"<p>Jorge Herrera Valenzuela RCORDEMOS QUE ANHELAMOS UN M\u00c9XICO MEJOR EN TODO SemM\u00e9xico, Cd. de M\u00e9xico, 20 de mayo, 2021.- Demos un descanso mental y abramos el camino de la tranquilidad. Dejemos a un lado la violencia sangrienta que hay en el pa\u00eds, por el proceso electoral, enmarcado por la obsesi\u00f3n del Presidente de M\u00e9xico de [&hellip;]<\/p>\n","protected":false},"author":3,"featured_media":7843,"comment_status":"open","ping_status":"open","sticky":false,"template":"","format":"standard","meta":{"_monsterinsights_skip_tracking":false,"footnotes":""},"categories":[692,36,94,107],"tags":[],"class_list":["post-35654","post","type-post","status-publish","format-standard","has-post-thumbnail","category-692","category-columnistas","category-jorge-herrera-valenzuela","category-rafaga"],"_links":{"self":[{"href":"https:\/\/redsemlac.com\/semmexico\/wp-json\/wp\/v2\/posts\/35654","targetHints":{"allow":["GET"]}}],"collection":[{"href":"https:\/\/redsemlac.com\/semmexico\/wp-json\/wp\/v2\/posts"}],"about":[{"href":"https:\/\/redsemlac.com\/semmexico\/wp-json\/wp\/v2\/types\/post"}],"author":[{"embeddable":true,"href":"https:\/\/redsemlac.com\/semmexico\/wp-json\/wp\/v2\/users\/3"}],"replies":[{"embeddable":true,"href":"https:\/\/redsemlac.com\/semmexico\/wp-json\/wp\/v2\/comments?post=35654"}],"version-history":[{"count":0,"href":"https:\/\/redsemlac.com\/semmexico\/wp-json\/wp\/v2\/posts\/35654\/revisions"}],"wp:featuredmedia":[{"embeddable":true,"href":"https:\/\/redsemlac.com\/semmexico\/wp-json\/wp\/v2\/media\/7843"}],"wp:attachment":[{"href":"https:\/\/redsemlac.com\/semmexico\/wp-json\/wp\/v2\/media?parent=35654"}],"wp:term":[{"taxonomy":"category","embeddable":true,"href":"https:\/\/redsemlac.com\/semmexico\/wp-json\/wp\/v2\/categories?post=35654"},{"taxonomy":"post_tag","embeddable":true,"href":"https:\/\/redsemlac.com\/semmexico\/wp-json\/wp\/v2\/tags?post=35654"}],"curies":[{"name":"wp","href":"https:\/\/api.w.org\/{rel}","templated":true}]}}