{"id":35651,"date":"2021-05-20T13:07:30","date_gmt":"2021-05-20T19:07:30","guid":{"rendered":"https:\/\/redsemlac.com\/semmexico\/?p=35651"},"modified":"2023-07-21T17:00:40","modified_gmt":"2023-07-21T22:00:40","slug":"asilegal-califica-de-historico-programa-piloto-para-que-voten-personas-privadas-de-la-libertad-pero-cuestiona-su-efectividad","status":"publish","type":"post","link":"https:\/\/redsemlac.com\/semmexico\/asilegal-califica-de-historico-programa-piloto-para-que-voten-personas-privadas-de-la-libertad-pero-cuestiona-su-efectividad\/","title":{"rendered":"AsiLegal califica de hist\u00f3rico programa piloto para que voten personas privadas de la libertad, pero cuestiona su efectividad"},"content":{"rendered":"\n<p class=\"wp-block-paragraph\"><strong>148 mujeres en prisi\u00f3n preventiva ejercieron su voto mediante modalidad anticipada<\/strong><strong><\/strong><\/p>\n\n\n\n<p class=\"wp-block-paragraph\">Elda Montiel<\/p>\n\n\n\n<p class=\"wp-block-paragraph\">SemM\u00e9xico, Cd. de M\u00e9xico, 20 de mayo del 2021.- Por primera vez en M\u00e9xico 148 mujeres y 801 hombres en prisi\u00f3n preventiva en los Centros Penitenciarios de Sonora, Guanajuato, Chiapas, Morelos y Michoac\u00e1n ejercieron su derecho al voto mediante modalidad anticipada.<\/p>\n\n\n\n<p class=\"wp-block-paragraph\">Es decir, votaron en sobres cerrados personalizados y sus boletas ser\u00e1n resguardadas y finalmente computarizadas para contabilizarse durante la jornada electoral del 6 de junio.<\/p>\n\n\n\n<p class=\"wp-block-paragraph\">Este programa piloto realizado por el Instituto Nacional Electoral se llev\u00f3 a cabo los d\u00edas 17, 18 y 19 de mayo.<\/p>\n\n\n\n<p class=\"wp-block-paragraph\">AsiLegal, la organizaci\u00f3n que defiende los derechos humanos de las mujeres,&nbsp;&nbsp;ind\u00edgenas y personas de la comunidad LGBTIII privadas de su libertad, reconoce que en M\u00e9xico aun prevalecen fuertes estigmas y prejuicios contra las personas en prisi\u00f3n por lo que considera un hecho hist\u00f3rico que se reconozca que no existe justificaci\u00f3n alguna para negarles este derecho pol\u00edtico electoral y es un avance significativo hacia la efectiva reinserci\u00f3n social.<\/p>\n\n\n\n<p class=\"wp-block-paragraph\">Recuerda que derivado de la&nbsp;sentencia de 2018 donde la Sala Superior del Tribunal Electoral, encontr\u00f3 responsable al Estado mexicano de no contar con los mecanismos necesarios para que las personas privadas de libertad, en prisi\u00f3n preventiva, tuvieran derecho al sufragio, este lunes 17 de mayo el Instituto Nacional de Electoral (INE) comenz\u00f3 la jornada electoral en cinco centros penitenciarios del pa\u00eds mediante la modalidad anticipada.<\/p>\n\n\n\n<p class=\"wp-block-paragraph\">Sin embargo, cuestiona que en enero del 2021 el INE al dar a conocer los detalles del programa piloto inform\u00f3 que ser\u00edan 2 mil 699 personas privadas de libertad en prisi\u00f3n preventiva las seleccionadas para participar y finalmente solo fueron 949 personas, por lo que les queda la duda de c\u00f3mo fueron las estrategias de difusi\u00f3n al interior de los Centros Penitenciarios.&nbsp;&nbsp;&nbsp;&nbsp;<\/p>\n\n\n\n<p class=\"wp-block-paragraph\">AsiLegal le preocupa que el INE s\u00f3lo tiene tres a\u00f1os para garantizar que m\u00e1s de 217 mil personas en prisi\u00f3n preventiva puedan ejercer su derecho a votar en el proceso electoral del 2024.<\/p>\n\n\n\n<p class=\"wp-block-paragraph\">En este contexto tiene que garantizar que el sistema penitenciario y las autoridades corresponsables mejoren sus mecanismos de articulaci\u00f3n para informar, mediante campa\u00f1as de concientizaci\u00f3n dirigidas a las personas privadas de libertad y a sus familias, sobre la importancia de hacer uso de este derecho como v\u00eda para hacer exigibles el resto de sus derechos.<\/p>\n\n\n\n<p class=\"wp-block-paragraph\">Considera el organismo defensor que la poblaci\u00f3n penitenciaria contin\u00faa siendo invisible, ya que el INE no ha realizado ning\u00fan exhorto a las y los candidatos para integrar en sus campa\u00f1as a esta poblaci\u00f3n en situaci\u00f3n de vulnerabilidad. Desconocen si hay propuestas de pol\u00edticas p\u00fablicas enfocadas a esta poblaci\u00f3n o a sus familiares.&nbsp;<\/p>\n","protected":false},"excerpt":{"rendered":"<p>148 mujeres en prisi\u00f3n preventiva ejercieron su voto mediante modalidad anticipada Elda Montiel SemM\u00e9xico, Cd. de M\u00e9xico, 20 de mayo del 2021.- Por primera vez en M\u00e9xico 148 mujeres y 801 hombres en prisi\u00f3n preventiva en los Centros Penitenciarios de Sonora, Guanajuato, Chiapas, Morelos y Michoac\u00e1n ejercieron su derecho al voto mediante modalidad anticipada. Es [&hellip;]<\/p>\n","protected":false},"author":3,"featured_media":35652,"comment_status":"open","ping_status":"open","sticky":false,"template":"","format":"standard","meta":{"_monsterinsights_skip_tracking":false,"footnotes":""},"categories":[692,54],"tags":[],"class_list":["post-35651","post","type-post","status-publish","format-standard","has-post-thumbnail","category-692","category-mujeres"],"_links":{"self":[{"href":"https:\/\/redsemlac.com\/semmexico\/wp-json\/wp\/v2\/posts\/35651","targetHints":{"allow":["GET"]}}],"collection":[{"href":"https:\/\/redsemlac.com\/semmexico\/wp-json\/wp\/v2\/posts"}],"about":[{"href":"https:\/\/redsemlac.com\/semmexico\/wp-json\/wp\/v2\/types\/post"}],"author":[{"embeddable":true,"href":"https:\/\/redsemlac.com\/semmexico\/wp-json\/wp\/v2\/users\/3"}],"replies":[{"embeddable":true,"href":"https:\/\/redsemlac.com\/semmexico\/wp-json\/wp\/v2\/comments?post=35651"}],"version-history":[{"count":0,"href":"https:\/\/redsemlac.com\/semmexico\/wp-json\/wp\/v2\/posts\/35651\/revisions"}],"wp:featuredmedia":[{"embeddable":true,"href":"https:\/\/redsemlac.com\/semmexico\/wp-json\/wp\/v2\/media\/35652"}],"wp:attachment":[{"href":"https:\/\/redsemlac.com\/semmexico\/wp-json\/wp\/v2\/media?parent=35651"}],"wp:term":[{"taxonomy":"category","embeddable":true,"href":"https:\/\/redsemlac.com\/semmexico\/wp-json\/wp\/v2\/categories?post=35651"},{"taxonomy":"post_tag","embeddable":true,"href":"https:\/\/redsemlac.com\/semmexico\/wp-json\/wp\/v2\/tags?post=35651"}],"curies":[{"name":"wp","href":"https:\/\/api.w.org\/{rel}","templated":true}]}}