{"id":35649,"date":"2021-05-20T13:04:38","date_gmt":"2021-05-20T19:04:38","guid":{"rendered":"https:\/\/redsemlac.com\/semmexico\/?p=35649"},"modified":"2023-07-21T17:00:40","modified_gmt":"2023-07-21T22:00:40","slug":"la-hipocrita-lucha-anticorrupcion","status":"publish","type":"post","link":"https:\/\/redsemlac.com\/semmexico\/la-hipocrita-lucha-anticorrupcion\/","title":{"rendered":"La hip\u00f3crita lucha anticorrupci\u00f3n\u2026"},"content":{"rendered":"\n<p class=\"wp-block-paragraph\"><strong>A Moy y Yaz por sus ense\u00f1anzas<\/strong><\/p>\n\n\n\n<p class=\"wp-block-paragraph\"><strong>MOIS\u00c9S S\u00c1NCHEZ LIM\u00d3N<\/strong><\/p>\n\n\n\n<p class=\"wp-block-paragraph\">SemM\u00e9xico, Cd. de M\u00e9xico, 20 de mayo, 2021.- \u00bfDiferentes? Ayer, instruido desde Palacio Nacional, todo el peso del poder p\u00fablico se desat\u00f3 contra un gobernador, en un juego perverso que distrae de temas torales pero, sobre todo, de la exigencia de aplicar la ley a los responsables de una tragedia que peg\u00f3 en la l\u00ednea de flotaci\u00f3n de dos presidenciables de la 4T y del bono democr\u00e1tico de Morena y su presidente corporativo.<\/p>\n\n\n\n<p class=\"wp-block-paragraph\">\u00a1Vaya!, dice el licenciado presidente que no es rencoroso ni vengativo y perdona\u2026 pero no olvida. Y el gobernador de Tamaulipas, Francisco Javier Garc\u00eda Cabeza de Vaca, se ha convertido en la pieza principal de esta temporada de caza abierta en nombre de mantener mayor\u00eda en la C\u00e1mara de Diputados, perversamente alimentada por ese singular \u201cno olvido\u201d.<\/p>\n\n\n\n<p class=\"wp-block-paragraph\">\u00bfLucha sin cuartel contra la corrupci\u00f3n? \u00bfBarrerla como las escaleras de arriba hacia abajo? La falaz oferta de campa\u00f1a que se adorn\u00f3 con ese pa\u00f1uelito agitado por el licenciado L\u00f3pez Obrador en se\u00f1al de que, como \u00e9l no es corrupto, se acab\u00f3 la corrupci\u00f3n.<\/p>\n\n\n\n<p class=\"wp-block-paragraph\">Y el insulto en las repetidas im\u00e1genes de la familia imperial en los negocios de \u201ccaptaci\u00f3n\u201d de recursos para la campa\u00f1a en la bolsa del hermano P\u00edo y los negocios petroleros de la prima y la chocolatera chocolate de los v\u00e1stagos que hace dos a\u00f1os y pico viv\u00edan de aviadores en la C\u00e1mara de Diputados o en cargos en la administraci\u00f3n p\u00fablica local y hoy son pr\u00f3speros hombres de negocios.<\/p>\n\n\n\n<p class=\"wp-block-paragraph\">\u00bfSe acab\u00f3 la corrupci\u00f3n? S\u00ed, en la tarea cotidiana de la Secretar\u00eda de la Funci\u00f3n P\u00fablica que exonera al empresario inmobiliario Manuel Bartlett D\u00edaz y al matrimonio Sandoval-Ackerman y a los responsables de ese delictivo Instituto para Devolver al Pueblo lo Robado, cuyas cuentas tienen tanta opacidad que de \u00e9ste ente p\u00fablico ya nadie habla y de la no rifa del avi\u00f3n presidencial nadie habla y menos cuando est\u00e1 a un tranco la ruta cr\u00edtica rumbo a la madre de todas las elecciones, la intermedia que se dirimir\u00e1 el domingo 6 de junio.<\/p>\n\n\n\n<p class=\"wp-block-paragraph\">\u00bfSe acab\u00f3 la corrupci\u00f3n?<\/p>\n\n\n\n<p class=\"wp-block-paragraph\">\u00bfEl gobernador de Tamaulipas, Francisco Javier Garc\u00eda Cabeza de Vaca es culpable de los delitos que se le imputan?&nbsp;<\/p>\n\n\n\n<p class=\"wp-block-paragraph\">Algo anda mal cuando se libra orden de aprehensi\u00f3n contra el tamaulipeco por su presunta responsabilidad en la comisi\u00f3n de los delitos de delincuencia organizada y operaciones con recursos de procedencia il\u00edcita, pero la Secci\u00f3n Instructora de la C\u00e1mara de Diputados el delito que aprob\u00f3, para desaforarlo, es el de defraudaci\u00f3n fiscal y dej\u00f3 en espera de discutir los delitos de lavado de dinero y delincuencia organizada.<\/p>\n\n\n\n<p class=\"wp-block-paragraph\">\u00a1Caray! Qu\u00e9 prisa la de aterrizar el desafuero, m\u00e1s la de ayer para dar por sentado que Cabeza de Vaca est\u00e1 sin fuero y puede ser aprehendido, conforme a la orden que para el efecto libr\u00f3 un juez federal, sin atender el fondo del ordenamiento de la Suprema Corte de Justicia de la Naci\u00f3n que determin\u00f3 que mientras sea gobernador no puede ser aprehendido y s\u00ed, de comprobarse su responsabilidad en la comisi\u00f3n de los delitos que se le acusa, cuando concluya su mandato el a\u00f1o que entra.&nbsp;<\/p>\n\n\n\n<p class=\"wp-block-paragraph\">\u00bfPasar por encima del Congreso de Tamaulipas, estado libre y soberano?<\/p>\n\n\n\n<p class=\"wp-block-paragraph\">Opiniones fueron y vinieron en torno del status legal de Cabeza de Vaca. El hecho es que tiene fuero, por encima del voluntarismo presidencial y las apreciaciones de legisladores del partido oficial y de sus socios en la C\u00e1mara de Diputados que pretenden ser m\u00e1s papistas que el Papa.<\/p>\n\n\n\n<p class=\"wp-block-paragraph\">No cabe duda que a esta administraci\u00f3n y en especial, indudablemente, a Su Alteza Seren\u00edsima urge una pieza mayor que exhiba tras las rejas v\u00edsperas de los comicios del primero domingo de junio pr\u00f3ximo, de suerte que el voto moreno mantenga mayor\u00eda y supere espacios de esc\u00e1ndalo como es la galopante inseguridad, la carest\u00eda y, sobre todo, la tragedia del accidente, accidente y no \u201cincidente\u201d, de la L\u00ednea 12 del Metro de la Ciudad de M\u00e9xico.<\/p>\n\n\n\n<p class=\"wp-block-paragraph\">Porque, m\u00e1s all\u00e1 de las encuestas cuchareadas \u2013L\u00f3pez Obrador dixit\u2014que pretenden dar por sentado que Morena, con respaldo de sus socios, mantendr\u00e1 la mayor\u00eda en la LXV Legislatura de la C\u00e1mara de Diputados y ganar\u00e1 al menos 10 de las 15 gubernaturas en disputa, lo cierto es que el desplome de la preferencia del voto de personajes como Marcelo Ebrard y Claudia Sheinbaum, es fatal y en la ca\u00edda arrastran al partidazo.<\/p>\n\n\n\n<p class=\"wp-block-paragraph\">Urge, pues, torcer la mano a la ley de forma tal que un destacado panista como es el gobernador de Tamaulipas, est\u00e9 tras las rejas antes del 6 de junio entrante.&nbsp;<\/p>\n\n\n\n<p class=\"wp-block-paragraph\">Y le soltaron a la Unidad de Inteligencia Financiera y al Instituto Nacional de Migraci\u00f3n y hasta la presunta petici\u00f3n a la Interpol para pepenarlo en el extranjero. Incluso, congelaron 35 cuentas bancarias de allegados a Cabeza de Vaca.&nbsp;<\/p>\n\n\n\n<p class=\"wp-block-paragraph\">\u00bfNo es vengativo ni recurre al cobro de facturas pol\u00edticas el licenciado presidente?&nbsp;<\/p>\n\n\n\n<p class=\"wp-block-paragraph\">Su cruzada, como la emprendida hace cuatro d\u00e9cadas por Miguel de la Madrid Hurtado contra la corrupci\u00f3n que galop\u00f3 libremente en la administraci\u00f3n de Jos\u00e9 L\u00f3pez Portillo y Pacheco, tiene ese condimento de comedia, de la mascarada que tuvo en el entonces senador y ex director de Pemex y ef\u00edmero embajador de M\u00e9xico en la Uni\u00f3n Sovi\u00e9tica, el ingeniero Jorge D\u00edaz Serrano.<\/p>\n\n\n\n<p class=\"wp-block-paragraph\">Mire usted, al ingeniero le aplicaron el cobro de la factura sexenal y en 32 d\u00edas, entre junio y julio de 1983 fue desaforado, en periodo extraordinario convocado por la entonces LII Legislatura Federal en la C\u00e1mara de Diputados. Lo desaforaron acusado de fraude y asociaci\u00f3n delictuosa por la compra de unos buques, pero finalmente lo procesaron por el delito de encubrimiento.&nbsp;<\/p>\n\n\n\n<p class=\"wp-block-paragraph\">La idea de torcerle el brazo a la ley no cambia. Si Cabeza de Vaca es culpable o no de los delitos que le imputan, es asunto jurisdiccional. Pero pol\u00edticamente le cay\u00f3 todo el peso de la venganza. \u00a1Ah! \u00bfGobernador rebelde? Y panista para acabar.<\/p>\n\n\n\n<p class=\"wp-block-paragraph\">En aquellos d\u00edas de 1983, desaforado e interno en el Reclusorio Preventivo Sur, sujeto a proceso por el juez Noveno de Distrito en Materia Penal, Jorge Reyes Tayabas, el ingeniero Jorge D\u00edaz Serrano dijo que hubo planes de convertirlo en \u201ctrofeo de una hip\u00f3crita renovaci\u00f3n moral de la sociedad\u201d, que fue el slogan de campa\u00f1a de Miguel de la Madrid Hurtado.<\/p>\n\n\n\n<p class=\"wp-block-paragraph\">Ni duda cabe que Cabeza de Vaca es candidato a trofeo de la hip\u00f3crita lucha anticorrupci\u00f3n declarada por el licenciado Andr\u00e9s Manuel. Digo.<\/p>\n\n\n\n<p class=\"wp-block-paragraph\"><strong>COMO ME LO PLATICARON<\/strong>. Sigue la adhesi\u00f3n de diversos grupos a la campa\u00f1a del candidato del PES (Partido Encuentro Solidario) al gobierno de Baja California, Jorge Hank Rhon. El llamado efecto Hank sum\u00f3 el pasado fin de semana varias fuerzas sociales, entre ellas la de un nutrido grupo de hispanos residentes en California, Estados Unidos, quienes dijeron no olvidar sus ra\u00edces en M\u00e9xico y manifestaron total apoyo al empresario. Expresaron su total respaldo al ex alcalde de Tijuana en sus tres ejes de gobierno que son el saciar la SED de los Baja Californianos, es decir, brindarles Seguridad, Educaci\u00f3n y Desarrollo. Conste.<\/p>\n\n\n\n<p class=\"wp-block-paragraph\"><a href=\"mailto:sanchezlimon@gmail.com\">sanchezlimon@gmail.com<\/a><\/p>\n\n\n\n<p class=\"wp-block-paragraph\"><a href=\"http:\/\/www.entresemana.mx\/\">www.entresemana.mx<\/a><\/p>\n\n\n\n<p class=\"wp-block-paragraph\">@msanchezlimon @msanchezlimon1<\/p>\n","protected":false},"excerpt":{"rendered":"<p>A Moy y Yaz por sus ense\u00f1anzas MOIS\u00c9S S\u00c1NCHEZ LIM\u00d3N SemM\u00e9xico, Cd. de M\u00e9xico, 20 de mayo, 2021.- \u00bfDiferentes? Ayer, instruido desde Palacio Nacional, todo el peso del poder p\u00fablico se desat\u00f3 contra un gobernador, en un juego perverso que distrae de temas torales pero, sobre todo, de la exigencia de aplicar la ley a [&hellip;]<\/p>\n","protected":false},"author":3,"featured_media":15805,"comment_status":"open","ping_status":"open","sticky":false,"template":"","format":"standard","meta":{"_monsterinsights_skip_tracking":false,"footnotes":""},"categories":[692,105,83,35],"tags":[],"class_list":["post-35649","post","type-post","status-publish","format-standard","has-post-thumbnail","category-692","category-entresemana","category-moises-sanchez-limon","category-opinion"],"_links":{"self":[{"href":"https:\/\/redsemlac.com\/semmexico\/wp-json\/wp\/v2\/posts\/35649","targetHints":{"allow":["GET"]}}],"collection":[{"href":"https:\/\/redsemlac.com\/semmexico\/wp-json\/wp\/v2\/posts"}],"about":[{"href":"https:\/\/redsemlac.com\/semmexico\/wp-json\/wp\/v2\/types\/post"}],"author":[{"embeddable":true,"href":"https:\/\/redsemlac.com\/semmexico\/wp-json\/wp\/v2\/users\/3"}],"replies":[{"embeddable":true,"href":"https:\/\/redsemlac.com\/semmexico\/wp-json\/wp\/v2\/comments?post=35649"}],"version-history":[{"count":0,"href":"https:\/\/redsemlac.com\/semmexico\/wp-json\/wp\/v2\/posts\/35649\/revisions"}],"wp:featuredmedia":[{"embeddable":true,"href":"https:\/\/redsemlac.com\/semmexico\/wp-json\/wp\/v2\/media\/15805"}],"wp:attachment":[{"href":"https:\/\/redsemlac.com\/semmexico\/wp-json\/wp\/v2\/media?parent=35649"}],"wp:term":[{"taxonomy":"category","embeddable":true,"href":"https:\/\/redsemlac.com\/semmexico\/wp-json\/wp\/v2\/categories?post=35649"},{"taxonomy":"post_tag","embeddable":true,"href":"https:\/\/redsemlac.com\/semmexico\/wp-json\/wp\/v2\/tags?post=35649"}],"curies":[{"name":"wp","href":"https:\/\/api.w.org\/{rel}","templated":true}]}}