{"id":35643,"date":"2021-05-20T12:56:15","date_gmt":"2021-05-20T18:56:15","guid":{"rendered":"https:\/\/redsemlac.com\/semmexico\/?p=35643"},"modified":"2023-07-21T17:00:40","modified_gmt":"2023-07-21T22:00:40","slug":"el-psoe-propone-modificar-el-codigo-penal-para-castigar-con-carcel-a-los-acosadores-de-mujeres-que-acuden-a-abortar","status":"publish","type":"post","link":"https:\/\/redsemlac.com\/semmexico\/el-psoe-propone-modificar-el-codigo-penal-para-castigar-con-carcel-a-los-acosadores-de-mujeres-que-acuden-a-abortar\/","title":{"rendered":"El PSOE propone modificar el C\u00f3digo Penal para castigar con c\u00e1rcel a los acosadores de mujeres que acuden a abortar"},"content":{"rendered":"\n<p class=\"wp-block-paragraph\">Por\u00a0<a href=\"https:\/\/amecopress.net\/Andrea-de-Lucas\">Andrea de Lucas<\/a><a href=\"https:\/\/amecopress.net\/Madrid\">Madrid<\/a>\u00a0|<\/p>\n\n\n\n<p class=\"wp-block-paragraph\">El Grupo Socialista del Congreso se reuni\u00f3 con la Asociaci\u00f3n de Cl\u00ednicas Acreditadas para la Interrupci\u00f3n voluntaria del embarazo (ACAI), para tener en cuenta sus reivindicaciones y peticiones<\/p>\n\n\n\n<p class=\"wp-block-paragraph\">SemM\u00e9xico. Madrid, 20  may. 21. AmecoPress.-\u00a0<em>El pasado 12 de mayo, el PSOE registr\u00f3 una Proposici\u00f3n de Ley Org\u00e1nica del C\u00f3digo Penal, para penalizar el acoso a las mujeres que acuden a cl\u00ednicas para la interrupci\u00f3n voluntaria del embarazo. Las penas propuestas estar\u00edan en penas de c\u00e1rcel de entre tres meses y un a\u00f1o, o con trabajos en beneficio a la comunidad de 31 a 80 d\u00edas.\u00a0<\/em><\/p>\n\n\n\n<p class=\"wp-block-paragraph\">Esta iniciativa ha sido acordada tras las reuniones que han tenido los socialistas con la Asociaci\u00f3n de Cl\u00ednicas Acreditadas para la Interrupci\u00f3n voluntaria del embarazo (ACAI), quienes exigen esta protecci\u00f3n de derechos de la mujer. Adem\u00e1s, la asociaci\u00f3n eleva en m\u00e1s de 100 los casos de acoso que sufren las m\u00e1s de 800 mujeres que acuden a estas cl\u00ednicas.<\/p>\n\n\n\n<p class=\"wp-block-paragraph\">Desde ACAI han aclarado que estos abusos tienen efectos graves en las mujeres, porque cualquier persona que se va a someter a una intervenci\u00f3n sanitaria, incluida una interrupci\u00f3n voluntaria del embarazo, \u201cnecesita realizarla en unas condiciones \u00f3ptimas, tanto f\u00edsicas como ps\u00edquicas\u201d, y en el caso de las mujeres que son \u201chostigadas, acosadas e interpeladas dentro de su espacio personal\u201d, muchas veces no entran a la cl\u00ednica en las condiciones adecuadas.<\/p>\n\n\n\n<p class=\"wp-block-paragraph\">\u201cNos hemos encontrado con mujeres que han entrado con sus constantes vitales alteradas, muy nerviosas, y aunque en general se consigue tranquilizarlas, no siempre es as\u00ed\u201d, nos explican. Adem\u00e1s, en ocasiones han tenido \u201cque posponer la intervenci\u00f3n porque no se encontraban en un estado emocional f\u00edsico adecuado para una intervenci\u00f3n m\u00e9dica\u201d.<\/p>\n\n\n\n<h3 class=\"wp-block-heading\">\u201cTodos los pasos que se ven encaminados a proteger a las mujeres, siempre ser\u00e1n un avance\u201d<\/h3>\n\n\n\n<p class=\"wp-block-paragraph\">En cuanto a esta modificaci\u00f3n del C\u00f3digo Penal, la Asociaci\u00f3n cree \u201cque es un primer paso\u201d para paliar estos abusos. Adem\u00e1s, a\u00f1aden que esperan que \u201cdurante el tr\u00e1mite parlamentario se pueda mejorar la redacci\u00f3n del texto, y precisar m\u00e1s a\u00fan para que las mujeres no sufran este tipo de acoso en las inmediaciones de los centros\u201d.<\/p>\n\n\n\n<p class=\"wp-block-paragraph\">Asimismo, ACAI opina que lo \u00f3ptimo \u201cser\u00eda una ley integral como la de Francia, que regula el acoso en diversos planos, no solo el presencial en los centros, sino tambi\u00e9n en las redes sociales, el acoso judicial permanente, etc\u201d, explican.<\/p>\n\n\n\n<p class=\"wp-block-paragraph\">Pero, sin duda, apoyan esta modificaci\u00f3n porque, dicen que \u201ctodos los pasos que se ven encaminados a proteger a las mujeres, siempre ser\u00e1n un avance\u201d.<\/p>\n\n\n\n<h3 class=\"wp-block-heading\">Todos estos abusos \u00abtienen intereses disuasorios\u00bb<\/h3>\n\n\n\n<p class=\"wp-block-paragraph\">Por su parte, el director de la Federaci\u00f3n de Planificaci\u00f3n Familiar Estatal, Guillermo Gonz\u00e1lez Ant\u00f3n, nos ha explicado que ellos tambi\u00e9n ven que el abuso a estas mujeres \u201ctiene intereses disuasorios\u201d. Tomar una decisi\u00f3n as\u00ed no es f\u00e1cil para las mujeres, y estos abusos le a\u00f1aden a esa dificultad \u201ctoda esa influencia que tiene llevarlas a una ambulancia, hacerles ecograf\u00edas para que escuchen el latido, incluso intentar que desayunen\u201d para que no puedan someterse a la intervenci\u00f3n.<\/p>\n\n\n\n<p class=\"wp-block-paragraph\">Pero, en cuanto a esta modificaci\u00f3n en concreto, Gonz\u00e1lez Ant\u00f3n opina que \u201cayudar\u00eda\u201d, pero que \u201ccuando penalizamos determinadas cuestiones con el C\u00f3digo Penal, lo que se hace es victimizar a la gente\u201d ya que muchas veces van a acudir a su derecho de \u201clibertad de expresi\u00f3n y de manifestaci\u00f3n\u201d.<\/p>\n\n\n\n<p class=\"wp-block-paragraph\">\u201cComo opini\u00f3n, se deber\u00eda buscar una forma de proteger a estas mujeres, crear unos cordones de protecci\u00f3n como han hecho otros pa\u00edses como Francia o Alemania, para que no puedan ser increpadas a la entrada de las cl\u00ednicas\u201d afirma, pero a\u00f1ade que \u201cpuede que el C\u00f3digo Penal no sea una herramienta eficaz, porque todo lo que se penaliza da armas a las personas que est\u00e1n en contra de esta interrupci\u00f3n voluntaria del embarazo, para estigmatizarse y hacerse las v\u00edctimas\u201d ellas mismas.<\/p>\n","protected":false},"excerpt":{"rendered":"<p>Por\u00a0Andrea de LucasMadrid\u00a0| El Grupo Socialista del Congreso se reuni\u00f3 con la Asociaci\u00f3n de Cl\u00ednicas Acreditadas para la Interrupci\u00f3n voluntaria del embarazo (ACAI), para tener en cuenta sus reivindicaciones y peticiones SemM\u00e9xico. Madrid, 20 may. 21. AmecoPress.-\u00a0El pasado 12 de mayo, el PSOE registr\u00f3 una Proposici\u00f3n de Ley Org\u00e1nica del C\u00f3digo Penal, para penalizar el [&hellip;]<\/p>\n","protected":false},"author":3,"featured_media":35644,"comment_status":"open","ping_status":"open","sticky":false,"template":"","format":"standard","meta":{"_monsterinsights_skip_tracking":false,"footnotes":""},"categories":[692,53],"tags":[],"class_list":["post-35643","post","type-post","status-publish","format-standard","has-post-thumbnail","category-692","category-internacional"],"_links":{"self":[{"href":"https:\/\/redsemlac.com\/semmexico\/wp-json\/wp\/v2\/posts\/35643","targetHints":{"allow":["GET"]}}],"collection":[{"href":"https:\/\/redsemlac.com\/semmexico\/wp-json\/wp\/v2\/posts"}],"about":[{"href":"https:\/\/redsemlac.com\/semmexico\/wp-json\/wp\/v2\/types\/post"}],"author":[{"embeddable":true,"href":"https:\/\/redsemlac.com\/semmexico\/wp-json\/wp\/v2\/users\/3"}],"replies":[{"embeddable":true,"href":"https:\/\/redsemlac.com\/semmexico\/wp-json\/wp\/v2\/comments?post=35643"}],"version-history":[{"count":0,"href":"https:\/\/redsemlac.com\/semmexico\/wp-json\/wp\/v2\/posts\/35643\/revisions"}],"wp:featuredmedia":[{"embeddable":true,"href":"https:\/\/redsemlac.com\/semmexico\/wp-json\/wp\/v2\/media\/35644"}],"wp:attachment":[{"href":"https:\/\/redsemlac.com\/semmexico\/wp-json\/wp\/v2\/media?parent=35643"}],"wp:term":[{"taxonomy":"category","embeddable":true,"href":"https:\/\/redsemlac.com\/semmexico\/wp-json\/wp\/v2\/categories?post=35643"},{"taxonomy":"post_tag","embeddable":true,"href":"https:\/\/redsemlac.com\/semmexico\/wp-json\/wp\/v2\/tags?post=35643"}],"curies":[{"name":"wp","href":"https:\/\/api.w.org\/{rel}","templated":true}]}}