{"id":35573,"date":"2021-05-19T02:40:00","date_gmt":"2021-05-19T08:40:00","guid":{"rendered":"https:\/\/redsemlac.com\/semmexico\/?p=35573"},"modified":"2023-07-21T17:00:41","modified_gmt":"2023-07-21T22:00:41","slug":"cristina-hace-campana-con-17-mil-pesos","status":"publish","type":"post","link":"https:\/\/redsemlac.com\/semmexico\/cristina-hace-campana-con-17-mil-pesos\/","title":{"rendered":"Cristina hace campa\u00f1a con 17 mil pesos"},"content":{"rendered":"\n<p class=\"wp-block-paragraph\"><strong>ROXANA GONZ\u00c1LEZ<\/strong><\/p>\n\n\n\n<p class=\"wp-block-paragraph\">SemM\u00e9xico\/El Sol de M\u00e9xico. Cd. de M\u00e9xico. 19 de mayo 2021.- Originaria de Guerrero, Cristina Solano D\u00edaz quiere hacer historia como la primera mujer migrante de origen ind\u00edgena que se convierta en diputada al Congreso de Baja California.<\/p>\n\n\n\n<p class=\"wp-block-paragraph\">Solano es joven, tiene 27 a\u00f1os, y desde hace 20 participa como activista en Ensenada a pesar de no haber nacido ah\u00ed. \u201cSomos \u00d1uu Savi \u2013mixtecos, de la Monta\u00f1a de Guerrero\u2013, y desde los siete a\u00f1os he participado en el activismo como comerciante, como ni\u00f1a jornalera, como brigadista. Mi historia, como la de muchas mujeres, no ha sido f\u00e1cil\u201d.<\/p>\n\n\n\n<p class=\"wp-block-paragraph\">Cristy, como la llaman sus amigos y familiares, comenz\u00f3 su trayectoria de apoyo social escuchando y tomando notas en la asociaci\u00f3n civil San Rafael que su familia fund\u00f3 apenas llegaron a Baja California para instalarse en la colonia Ca\u00f1\u00f3n Buena Vista, en el municipio de Ensenada, hace ya 20 a\u00f1os. La vida en La Monta\u00f1a de Guerrero era casi imposible para sus padres, por lo que decidieron buscar suerte en otro lado.<\/p>\n\n\n\n<p class=\"wp-block-paragraph\">\u201cApenas comenzaba a entender el espa\u00f1ol y mi familia me ped\u00eda que tomara la lista de asistencia. Yo apenas ten\u00eda siete a\u00f1os y como miles de ni\u00f1os de ac\u00e1, me toc\u00f3 tambi\u00e9n ser jornalera y comerciante ambulante\u201d, recuerda la hoy candidata por el Partido Encuentro Solidario (PES).<\/p>\n\n\n\n<p class=\"wp-block-paragraph\">Su ni\u00f1ez la pas\u00f3 entre el campo, la escuela y vendiendo artesan\u00edas en la zona tur\u00edstica, donde ayudaba, adem\u00e1s, como int\u00e9rprete a otros ind\u00edgenas que no hablaban espa\u00f1ol para vender sus artesan\u00edas. Los d\u00edas no eran f\u00e1ciles pues a pesar de que las autoridades trataban de impedir el trabajo infantil, \u201chab\u00eda que ayudar a la familia para comer\u201d.<\/p>\n\n\n\n<p class=\"wp-block-paragraph\">Partiendo de esa experiencia, su activismo no par\u00f3. Conform\u00f3 grupos de j\u00f3venes, trabaj\u00f3 con grupos culturales, form\u00f3 una asociaci\u00f3n civil de int\u00e9rpretes y traductores y dio el salto a la pol\u00edtica cuando fue invitada por la Asamblea Nacional Pol\u00edtica de Mujeres Ind\u00edgenas por su trabajo en la comunidad. Siempre \u2013asegura\u2013 enfrentando al machismo y la discriminaci\u00f3n por ser mujer, ind\u00edgena y migrante.<\/p>\n\n\n\n<p class=\"wp-block-paragraph\">\u201cSi bien, es cierto que todos hablan ahora de paridad de g\u00e9nero o de inclusi\u00f3n social, la realidad es que sigue habiendo mucha discriminaci\u00f3n para las mujeres, los ind\u00edgenas y por supuesto para las mujeres migrantes de origen ind\u00edgena\u201d, afirma.<\/p>\n\n\n\n<p class=\"wp-block-paragraph\">Muestra de ello es que a Cristina s\u00f3lo le asignaron 17 mil pesos para su campa\u00f1a, lo que la ha obligado a ser una \u201ccandidata de tierra\u201d, mientras que los otros contendientes recibieron buenas cantidades de dinero.<\/p>\n\n\n\n<p class=\"wp-block-paragraph\">\u201cEl mayor desaf\u00edo que he enfrentado, y que creo que es por mi condici\u00f3n de mujer ind\u00edgena, es el financiamiento, pues en esta campa\u00f1a a m\u00ed me dijeron \u2018no hay m\u00e1s que 17 mil pesos\u2019, lo que para m\u00ed ha significado una desventaja y un gran desaf\u00edo, pues he tenido que hacer mi campa\u00f1a a pie, pues no tenemos para m\u00e1s\u201d.<\/p>\n\n\n\n<p class=\"wp-block-paragraph\">Convencida de que s\u00f3lo legislando las cosas cambiar\u00e1n para las mujeres migrantes de origen ind\u00edgena, Cristina agrega que son muchos los desaf\u00edos que a\u00fan se deben enfrentar, ya que todos dicen s\u00ed a la inclusi\u00f3n, pero lo cierto es que no existen mecanismos al interior de los partidos pol\u00edticos que garanticen la participaci\u00f3n y representaci\u00f3n pol\u00edtica de la poblaci\u00f3n ind\u00edgena o migrante de origen ind\u00edgena.<\/p>\n\n\n\n<h3 class=\"has-vivid-red-color has-text-color wp-block-heading\">Te puede interesar: <a href=\"https:\/\/redsemlac.com\/semmexico\/asul-entro-al-quite-por-las-mujeres-indigenas\/\" target=\"_blank\" rel=\"noreferrer noopener\">Asul entr\u00f3 al quite por las mujeres ind\u00edgenas<\/a><\/h3>\n\n\n\n<p class=\"wp-block-paragraph\">\u201cEs evidente que a pesar de que el INE modific\u00f3 los criterios para la participaci\u00f3n de grupos hist\u00f3ricamente discriminados como las mujeres ind\u00edgenas, seguimos en desventaja. Yo porque fui invitada directamente por el ingeniero Jorge Hank Rhon, de otra forma no s\u00e9 si hubiera llegado a lograr esta candidatura\u201d.<\/p>\n\n\n\n<p class=\"wp-block-paragraph\">Su caso est\u00e1 conectado a esa necesidad de representaci\u00f3n de la comunidad ind\u00edgena. \u201cSoy la \u00fanica f\u00f3rmula de candidatura ind\u00edgena, propietaria y suplente ind\u00edgena, debidamente acreditada\u201d, se\u00f1ala.<\/p>\n\n\n\n<p class=\"wp-block-paragraph\">\u201dHe ido a muchas capacitaciones, he escuchado muchas historias pero hoy tengo la oportunidad de escribir mi propia historia como mujer ind\u00edgena joven, en una contienda electoral hist\u00f3rica, en un Estado en donde habemos 300 mil personas ind\u00edgenas, que somos el 8.5 por ciento de la poblaci\u00f3n ind\u00edgena. Esa es la situaci\u00f3n por la que me encuentro participando en estas elecciones y por las que he decidido enfrentar lo que sea\u201d, concluy\u00f3.<strong><\/strong><\/p>\n","protected":false},"excerpt":{"rendered":"<p>Originaria de Guerrero, Cristina Solano D\u00edaz quiere hacer historia como la primera mujer migrante de origen ind\u00edgena que se convierta en diputada al Congreso de Baja California.<\/p>\n","protected":false},"author":3,"featured_media":35569,"comment_status":"open","ping_status":"open","sticky":false,"template":"","format":"standard","meta":{"_monsterinsights_skip_tracking":false,"footnotes":""},"categories":[692,141],"tags":[],"class_list":["post-35573","post","type-post","status-publish","format-standard","has-post-thumbnail","category-692","category-elecciones-2020-2021"],"_links":{"self":[{"href":"https:\/\/redsemlac.com\/semmexico\/wp-json\/wp\/v2\/posts\/35573","targetHints":{"allow":["GET"]}}],"collection":[{"href":"https:\/\/redsemlac.com\/semmexico\/wp-json\/wp\/v2\/posts"}],"about":[{"href":"https:\/\/redsemlac.com\/semmexico\/wp-json\/wp\/v2\/types\/post"}],"author":[{"embeddable":true,"href":"https:\/\/redsemlac.com\/semmexico\/wp-json\/wp\/v2\/users\/3"}],"replies":[{"embeddable":true,"href":"https:\/\/redsemlac.com\/semmexico\/wp-json\/wp\/v2\/comments?post=35573"}],"version-history":[{"count":0,"href":"https:\/\/redsemlac.com\/semmexico\/wp-json\/wp\/v2\/posts\/35573\/revisions"}],"wp:featuredmedia":[{"embeddable":true,"href":"https:\/\/redsemlac.com\/semmexico\/wp-json\/wp\/v2\/media\/35569"}],"wp:attachment":[{"href":"https:\/\/redsemlac.com\/semmexico\/wp-json\/wp\/v2\/media?parent=35573"}],"wp:term":[{"taxonomy":"category","embeddable":true,"href":"https:\/\/redsemlac.com\/semmexico\/wp-json\/wp\/v2\/categories?post=35573"},{"taxonomy":"post_tag","embeddable":true,"href":"https:\/\/redsemlac.com\/semmexico\/wp-json\/wp\/v2\/tags?post=35573"}],"curies":[{"name":"wp","href":"https:\/\/api.w.org\/{rel}","templated":true}]}}