{"id":35562,"date":"2021-05-18T16:03:52","date_gmt":"2021-05-18T22:03:52","guid":{"rendered":"https:\/\/redsemlac.com\/semmexico\/?p=35562"},"modified":"2023-07-21T17:00:41","modified_gmt":"2023-07-21T22:00:41","slug":"en-mayo-3-candidatas-a-alcaldias-sufrieron-violencia-politica-en-veracruz","status":"publish","type":"post","link":"https:\/\/redsemlac.com\/semmexico\/en-mayo-3-candidatas-a-alcaldias-sufrieron-violencia-politica-en-veracruz\/","title":{"rendered":"En mayo, 3 candidatas a alcald\u00edas, sufrieron violencia pol\u00edtica en Veracruz"},"content":{"rendered":"\n<ul class=\"wp-block-list\"><li><strong>Se trata de la entidad que seg\u00fan Etellekt han sucedido la mayor cantidad de asesinatos pol\u00edticos<\/strong><\/li><\/ul>\n\n\n\n<ul class=\"wp-block-list\"><li><strong>El ambiente, es de violencia, se\u00f1alan las afectadas que no sufrieron violencia de g\u00e9nero<\/strong><\/li><\/ul>\n\n\n\n<p class=\"wp-block-paragraph\"><strong>Ana Alicia Osorio<\/strong><\/p>\n\n\n\n<p class=\"wp-block-paragraph\">SemM\u00e9xico, Veracruz, Ver., 18 de mayo, 2021.- En el estado de Veracruz se han presentado diversos casos de violencia contra las candidatas a cargos de elecci\u00f3n popular ya sea que busquen diputaciones federales, locales o alcald\u00edas.&nbsp;<\/p>\n\n\n\n<p class=\"wp-block-paragraph\">De acuerdo con el indicador de violencia pol\u00edtica de Etellekt, en Veracruz es donde mayor cantidad de personas dedicadas a la pol\u00edtica han sido asesinadas durante este proceso electoral con un total de 15 (11 opositores y cuatro de Morena, el partido gobernante).&nbsp;<\/p>\n\n\n\n<p class=\"wp-block-paragraph\">En Acayucan, la candidata de Redes Sociales Progresistas a la alcald\u00eda, Norma Ang\u00e9lica D\u00edaz Reyes, denunci\u00f3 el pasado 2 de mayo un ataque a su autom\u00f3vil.&nbsp;<\/p>\n\n\n\n<p class=\"wp-block-paragraph\">Seg\u00fan se\u00f1al\u00f3 que fue vandalizado y el vidrio roto aun cuando se encontraba al interior de su domicilio.&nbsp;<\/p>\n\n\n\n<p class=\"wp-block-paragraph\">\u201cSolo quieren espantarnos porque vamos muy bien\u201d, declar\u00f3 a los medios de comunicaci\u00f3n.&nbsp;<\/p>\n\n\n\n<p class=\"wp-block-paragraph\">En ese municipio, la candidata de Juntos Hacemos Historia (Morena, PT y PVEM), Deysi Juan Antonio,&nbsp; ha sido objeto de amenazas, hostigamiento y violencia pol\u00edtica esto mientras que realiza los recorridos para solicitar el voto.&nbsp;<\/p>\n\n\n\n<p class=\"wp-block-paragraph\">Por su parte la candidata a la alcald\u00eda de Colipa, del Partido de la Revoluci\u00f3n Democr\u00e1tica, Gabriela Ortega Molina, denunci\u00f3 haber sido v\u00edctima de ataques en su contra.&nbsp;<\/p>\n\n\n\n<p class=\"wp-block-paragraph\">Se\u00f1al\u00f3 que un grupo de alrededor de 15 personas relacionadas con otro partido pol\u00edtico le aventaron una camioneta, insultaron y acosaron.&nbsp;<\/p>\n\n\n\n<p class=\"wp-block-paragraph\">\u201cHoy fui v\u00edctima de hostigamiento, acoso e insultos por parte de un grupo de personas pertenecientes a otro partido pol\u00edtico, una camioneta Lobo blanca en donde iban aproximadamente 15 hombres de quienes puedo decir nombres completos (con testigos, videos y fotos) aventaron su camioneta contra la m\u00eda, agredi\u00e9ndome verbalmente e intimid\u00e1ndome\u201d, indic\u00f3.&nbsp;<\/p>\n\n\n\n<p class=\"wp-block-paragraph\">Otros candidatos, hombres, han pasado por situaciones similares e inclusive algunos han sido privados de la libertad.&nbsp;<\/p>\n\n\n\n<p class=\"wp-block-paragraph\">Adem\u00e1s, en el estado de Veracruz se han presentado 16 sanciones por violencia pol\u00edtica de g\u00e9nero (2 contra periodistas) de las 54 que se han realizado en todo el pa\u00eds, seg\u00fan el Registro Nacional de Personas Sancionadas en Materia de<\/p>\n\n\n\n<p class=\"wp-block-paragraph\">Violencia Pol\u00edtica contra las Mujeres en Raz\u00f3n de G\u00e9nero<\/p>\n\n\n\n<p class=\"wp-block-paragraph\">Ante esta situaci\u00f3n m\u00faltiples actores pol\u00edticos han se\u00f1alado que la situaci\u00f3n de seguridad en Veracruz es muy complicada y que es necesario que la federaci\u00f3n atraiga esa facultad durante las elecciones.&nbsp;<\/p>\n\n\n\n<p class=\"wp-block-paragraph\">Por ejemplo, el senador panista Gustavo Madero, afirm\u00f3 que la violencia es un intento de Morena de generar abstenci\u00f3n porque saben que perder\u00e1n en los municipios.&nbsp;<\/p>\n","protected":false},"excerpt":{"rendered":"<p>El ambiente, es de violencia, se\u00f1alan las afectadas que no sufrieron violencia de g\u00e9nero<\/p>\n","protected":false},"author":3,"featured_media":25425,"comment_status":"open","ping_status":"open","sticky":false,"template":"","format":"standard","meta":{"_monsterinsights_skip_tracking":false,"footnotes":""},"categories":[692,141],"tags":[],"class_list":["post-35562","post","type-post","status-publish","format-standard","has-post-thumbnail","category-692","category-elecciones-2020-2021"],"_links":{"self":[{"href":"https:\/\/redsemlac.com\/semmexico\/wp-json\/wp\/v2\/posts\/35562","targetHints":{"allow":["GET"]}}],"collection":[{"href":"https:\/\/redsemlac.com\/semmexico\/wp-json\/wp\/v2\/posts"}],"about":[{"href":"https:\/\/redsemlac.com\/semmexico\/wp-json\/wp\/v2\/types\/post"}],"author":[{"embeddable":true,"href":"https:\/\/redsemlac.com\/semmexico\/wp-json\/wp\/v2\/users\/3"}],"replies":[{"embeddable":true,"href":"https:\/\/redsemlac.com\/semmexico\/wp-json\/wp\/v2\/comments?post=35562"}],"version-history":[{"count":0,"href":"https:\/\/redsemlac.com\/semmexico\/wp-json\/wp\/v2\/posts\/35562\/revisions"}],"wp:featuredmedia":[{"embeddable":true,"href":"https:\/\/redsemlac.com\/semmexico\/wp-json\/wp\/v2\/media\/25425"}],"wp:attachment":[{"href":"https:\/\/redsemlac.com\/semmexico\/wp-json\/wp\/v2\/media?parent=35562"}],"wp:term":[{"taxonomy":"category","embeddable":true,"href":"https:\/\/redsemlac.com\/semmexico\/wp-json\/wp\/v2\/categories?post=35562"},{"taxonomy":"post_tag","embeddable":true,"href":"https:\/\/redsemlac.com\/semmexico\/wp-json\/wp\/v2\/tags?post=35562"}],"curies":[{"name":"wp","href":"https:\/\/api.w.org\/{rel}","templated":true}]}}