{"id":35521,"date":"2021-05-17T19:58:35","date_gmt":"2021-05-18T01:58:35","guid":{"rendered":"https:\/\/redsemlac.com\/semmexico\/?p=35521"},"modified":"2023-07-21T17:00:42","modified_gmt":"2023-07-21T22:00:42","slug":"nos-siguen-viendo-ajenas-a-la-politica-pero-ya-llegamos-escamilla","status":"publish","type":"post","link":"https:\/\/redsemlac.com\/semmexico\/nos-siguen-viendo-ajenas-a-la-politica-pero-ya-llegamos-escamilla\/","title":{"rendered":"Nos siguen viendo ajenas a la pol\u00edtica, pero ya llegamos: Escamilla"},"content":{"rendered":"\n<ul class=\"wp-block-list\"><li>El piso no es parejo en pol\u00edtica dice la candidata de Fuerza por M\u00e9xico a diputada local en Oaxaca<\/li><li>Vamos a vencer la idea de que las mujeres no votan por las mujeres<\/li><\/ul>\n\n\n\n<p class=\"wp-block-paragraph\">Soledad Jarqu\u00edn Edgar<br>SemM\u00e9xico, Oaxaca, 17 de mayo, 2021.- Las mujeres todav\u00eda la tenemos dif\u00edcil y un piso desigual en la contienda, lo que no es impedimento para hacer la tarea de convencer a la gente para que conf\u00ede en las candidatas\u2026aunque no todas.<\/p>\n\n\n\n<p class=\"wp-block-paragraph\">As\u00ed lo dice Jaquelina Escamilla Villanueva, candidata de Fuerza por M\u00e9xico por el distrito XIV Oaxaca Norte a diputada local, que en su andar ve resistencias, por un lado a las mujeres y por otro por los muchos a\u00f1os de promesas incumplidas, otro tanto de enga\u00f1os y las malas pr\u00e1cticas de dar \u201calgo\u201d a la gente para que voten por ti.<\/p>\n\n\n\n<p class=\"wp-block-paragraph\">\u201cYo llego, les toco la puerta y les pido una oportunidad, al menos que me escuchen antes de no estrecharme la mano o cerrar la puerta. Y esas personas que te escuchan te demandan que cumplas, te exigen desde otra mirada, una m\u00e1s ciudadana\u201d.<\/p>\n\n\n\n<p class=\"wp-block-paragraph\">Llego y lo \u00fanico que les estrego es un folleto con mis propuestas, lo que la pone en desventaja frente a otros candidatos que les entregan despensas, \u201cpero entregar una despensa es condenar a la gente a la pobreza y a la conformidad\u201d. Por otro lado, afirma que hay un riesgo, la gente podr\u00eda volver a votar por los mismos diputados y diputadas que nada han hecho por su comunidad.<\/p>\n\n\n\n<p class=\"wp-block-paragraph\">Escamilla Villanueva es feminista y no es nueva en la pol\u00edtica, dice que apenas cumpli\u00f3 la mayor\u00eda de edad y se meti\u00f3 por esos caminos, pronto fue regidora de Ecolog\u00eda y m\u00e1s tarde colaboradora cercana de Gabino Cu\u00e9 cuando \u00e9ste fue gobernador y, recientemente, directora del Instituto Municipal de la Mujer, donde las cosas no terminaron bien, luego de que se impuso el \u201cpoder\u201d por el enojo del mun\u00edcipe capitalino, el morenista Oswaldo Garc\u00eda Jarqu\u00edn, a la transmisi\u00f3n de un conversatorio que hablaba del derecho al aborto, reconocido en Oaxaca hasta la semana 12 de gestaci\u00f3n.<\/p>\n\n\n\n<p class=\"wp-block-paragraph\">Dice que las mujeres aparentemente tienen otro obst\u00e1culo: \u201cmuchas personas nos siguen viendo ajenas a la pol\u00edtica, esa vieja creencia que esta es tarea solo de los hombres, pero ya estamos aqu\u00ed\u201d.<\/p>\n\n\n\n<p class=\"wp-block-paragraph\">Algunas amistades le dijeron que no le entrara a la contienda porque no podr\u00eda ganar o que no llegar\u00eda a ning\u00fan lado. Pero no les hizo caso, en primer lugar porque tiene un proyecto legislativo y lucha por \u00e9l, para eso se levanta muy temprano cada d\u00eda para recorrer las colonias de la zona norte y se duerme muy tarde al concluir reuniones de evaluaci\u00f3n con su equipo.<\/p>\n\n\n\n<p class=\"wp-block-paragraph\">Y, por otro lado, ve que a pesar de la creencia de que las mujeres no votan por las mujeres, ella piensa que s\u00ed lo har\u00e1n, porque son las mujeres, las que hacen pol\u00edtica cada d\u00eda, desde sus casas, en su colonia, en su comunidad y en su trabajo, al final vamos a vencer la idea de que las mujeres no votan por las mujeres y ser\u00e1n ellas las que decidan el voto.<\/p>\n\n\n\n<p class=\"wp-block-paragraph\">Desde la ocho de la ma\u00f1ana de cada d\u00eda y hasta que el sol le alcanza, recorre las colonias de la zona norte de la capital oaxaque\u00f1a acompa\u00f1ada de un equipo peque\u00f1o de mujeres y hombres. Toca puertas y dialoga con la gente que est\u00e1 preocupada por tres temas: la falta de trabajo, inseguridad y la pandemia, pero, sobre todo, qu\u00e9 har\u00eda si se contagiaran.<\/p>\n\n\n\n<p class=\"wp-block-paragraph\">A pesar de haber enfrentado y sufrido \u201calg\u00fan desgaste\u201d tras meses de un litigio luego de denunciar violencia pol\u00edtica en raz\u00f3n de g\u00e9nero por parte del mun\u00edcipe capitalino, Escamilla sostiene que \u201clas mujeres podemos inconformarnos, podemos decir lo que est\u00e1 mal y peor, pero es en las instancias p\u00fablicas, como el congreso local donde se puede incidir y fue eso lo que la llev\u00f3 a aspirar a una candidatura, porque hay hendiduras en la ley que deben solventarse y evitar que los infractores escapen a las sanciones\u201d.<\/p>\n\n\n\n<p class=\"wp-block-paragraph\">Lo estamos viendo en esta contienda en candidatos como Salgado Macedonio, al que sacaron de la contienda por no comprobar gastos de precampa\u00f1a y no por violentar la vida de varias mujeres\u201d.<\/p>\n\n\n\n<p class=\"wp-block-paragraph\">Su propuesta<\/p>\n\n\n\n<p class=\"wp-block-paragraph\">Que nadie se quede atr\u00e1s, dice parafraseando una frase de la ONU, cuando se refiere a su propuesta legislativa, la cual tiene un \u00e9nfasis concreto en la igualdad para mujeres y hombres. La primera se refiere a la erradicaci\u00f3n de la pobreza, mediante acciones legislativas como la renta b\u00e1sica y un programa alimentario emergente.<\/p>\n\n\n\n<p class=\"wp-block-paragraph\">El segundo punto es salud, bienestar para todas las personas, para lo que dice es fundamental que todas las personas puedan acceder a servicios de salud gratuita. La pandemia nos ha ense\u00f1ado mucho, no s\u00f3lo en la atenci\u00f3n inmediata que demanda la poblaci\u00f3n sino la rehabilitaci\u00f3n de las personas despu\u00e9s de padecer el Covid 19. Adem\u00e1s, de programas concretos de salud para las y los j\u00f3venes.<\/p>\n\n\n\n<p class=\"wp-block-paragraph\">En tercer lugar, afirma est\u00e1 la educaci\u00f3n, pero esta debe ser incluyente. Es una realidad que necesitamos que todas las personas puedan acceder al internet gratuito y que las personas con discapacidad puedan tambi\u00e9n ser incluidas en programas de educaci\u00f3n universitaria.<\/p>\n\n\n\n<p class=\"wp-block-paragraph\">Los derechos humanos de las mujeres, adolescentes y ni\u00f1as deben ser garantizados, mediante acciones como ciudades seguras y amigables para todas las mujeres y una que asegura le preocupa mucho es que realmente vivan libres de violencia. Su experiencia como servidora p\u00fablica, explica, la lleva a pensar que se requieren presupuestos reales y efectivos para que las instituciones puedan emprender acciones de prevenci\u00f3n y atenci\u00f3n.<\/p>\n\n\n\n<p class=\"wp-block-paragraph\">En quinto lugar, ubica la importancia de garantizar el crecimiento econ\u00f3mico, trabajo y desarrollo cultural, las cuales van desde la reactivaci\u00f3n de la econom\u00eda local hasta incentivos fiscales y programas para emprendedores, comerciantes y personas que se dedican a la creaci\u00f3n y venta de artesan\u00edas.<\/p>\n\n\n\n<p class=\"wp-block-paragraph\">Y, finalmente, propone un Oaxaca sostenible, que implicar\u00eda acciones de protecci\u00f3n a los recursos naturales, impulso al transporte ecol\u00f3gico y el desarrollo del ecoturismo.<\/p>\n","protected":false},"excerpt":{"rendered":"<p>El piso no es parejo en pol\u00edtica dice la candidata de Fuerza por M\u00e9xico a diputada local en Oaxaca<\/p>\n","protected":false},"author":3,"featured_media":35522,"comment_status":"open","ping_status":"open","sticky":false,"template":"","format":"standard","meta":{"_monsterinsights_skip_tracking":false,"footnotes":""},"categories":[692,141],"tags":[],"class_list":["post-35521","post","type-post","status-publish","format-standard","has-post-thumbnail","category-692","category-elecciones-2020-2021"],"_links":{"self":[{"href":"https:\/\/redsemlac.com\/semmexico\/wp-json\/wp\/v2\/posts\/35521","targetHints":{"allow":["GET"]}}],"collection":[{"href":"https:\/\/redsemlac.com\/semmexico\/wp-json\/wp\/v2\/posts"}],"about":[{"href":"https:\/\/redsemlac.com\/semmexico\/wp-json\/wp\/v2\/types\/post"}],"author":[{"embeddable":true,"href":"https:\/\/redsemlac.com\/semmexico\/wp-json\/wp\/v2\/users\/3"}],"replies":[{"embeddable":true,"href":"https:\/\/redsemlac.com\/semmexico\/wp-json\/wp\/v2\/comments?post=35521"}],"version-history":[{"count":0,"href":"https:\/\/redsemlac.com\/semmexico\/wp-json\/wp\/v2\/posts\/35521\/revisions"}],"wp:featuredmedia":[{"embeddable":true,"href":"https:\/\/redsemlac.com\/semmexico\/wp-json\/wp\/v2\/media\/35522"}],"wp:attachment":[{"href":"https:\/\/redsemlac.com\/semmexico\/wp-json\/wp\/v2\/media?parent=35521"}],"wp:term":[{"taxonomy":"category","embeddable":true,"href":"https:\/\/redsemlac.com\/semmexico\/wp-json\/wp\/v2\/categories?post=35521"},{"taxonomy":"post_tag","embeddable":true,"href":"https:\/\/redsemlac.com\/semmexico\/wp-json\/wp\/v2\/tags?post=35521"}],"curies":[{"name":"wp","href":"https:\/\/api.w.org\/{rel}","templated":true}]}}