{"id":35467,"date":"2021-05-17T14:13:34","date_gmt":"2021-05-17T20:13:34","guid":{"rendered":"https:\/\/redsemlac.com\/semmexico\/?p=35467"},"modified":"2023-07-21T17:00:43","modified_gmt":"2023-07-21T22:00:43","slug":"informe-especial-sobre-la-violencia-policial-contra-las-mujeres-en-el-marco-del-paro-nacional-2021-impunidad-en-colombia","status":"publish","type":"post","link":"https:\/\/redsemlac.com\/semmexico\/informe-especial-sobre-la-violencia-policial-contra-las-mujeres-en-el-marco-del-paro-nacional-2021-impunidad-en-colombia\/","title":{"rendered":"Informe especial sobre la violencia policial contra las mujeres en el marco del Paro Nacional 2021: Impunidad en Colombia"},"content":{"rendered":"\n<ul class=\"wp-block-list\"><li>Urgen a la Solidaridad con las mujeres atropelladas, asesinadas y violadas. Sisma Mujer<\/li><\/ul>\n\n\n\n<ul class=\"wp-block-list\"><li>La Comisi\u00f3n Interamericana de Derechos Humanos conden\u00f3 la violencia sexual cometida por la Polic\u00eda<\/li><\/ul>\n\n\n\n<p class=\"wp-block-paragraph\"><br><strong>Redacci\u00f3n<\/strong><br>SemM\u00e9xico, Bogot\u00e1, Colombia, 17 de mayo, 2021.- En este paro nacional, todas las instituciones le han fallado a la ciudadan\u00eda que se viene movilizando. Lo que ha generado mayores posibilidades para la profundizaci\u00f3n de medidas de represi\u00f3n de la protesta social en Colombia.<\/p>\n\n\n\n<p class=\"wp-block-paragraph\"><br>De acuerdo con estudio de la fundaci\u00f3n Sisma Mujer \u201cDel fin de la guerra a la erradicaci\u00f3n de la violencia sexual contra las mujeres: un reto para la paz\u201d de mayo de 2017, compartido con SemM\u00e9xico, firmado por las Redes de derechos humanos Francisco Isa\u00edas Cifuentes y Colectiva Feminista de Derechos Humanos La Manada.<br>El informe detalla que el 93 por ciento de los casos de violencia sexual en el marco del conflicto armado fueron contra mujeres y ni\u00f1as. Seg\u00fan informe de la comisi\u00f3n colombiana de juristas Acceso a la justicia para v\u00edctimas de violencia sexual, \u201cLos casos de violencia sexual en el marco del conflicto armado tienen el 97 por ciento de impunidad y las v\u00edctimas siguen sin acceso a reparaci\u00f3n y salud integral, as\u00ed lo dice el informe de la Mesa de Seguimiento a los autos 092 de 2008 y 009 de 2015\u201d. Es decir, no es algo nuevo en Colombia. Ha formado parte de la guerra pero tambi\u00e9n se reproduce como maleza en la cotidianidad de una cultura que normaliz\u00f3 la acci\u00f3n violenta sobre nuestros cuerpos y nuestras vidas.<\/p>\n\n\n\n<p class=\"wp-block-paragraph\"><br>Seg\u00fan el informe de la ONG Temblores, \u201cBolillo, Dios y Patria\u201d, \u201cDurante los a\u00f1os 2017, 2018 y 2019, Medicina Legal registr\u00f3 241 hechos de violencia sexual cometidos presuntamente por miembros de la fuerza p\u00fablica. 139 de ellos fueron cometidos por las Fuerzas Militares y 102 por la Polic\u00eda Nacional.<\/p>\n\n\n\n<p class=\"wp-block-paragraph\"><br>As\u00ed podemos afirmar que cada 10 d\u00edas ocurre un hecho de violencia sexual en el que el victimario es un miembro de la Polic\u00eda.\u201d Durante \u201cel a\u00f1o 2017 siete hombres y 29 mujeres fueron violentadas sexualmente por la polic\u00eda, en el 2018, 28 mujeres y cinco hombres y, en el 2019, 25 mujeres y ocho hombres\u201d. As\u00ed no m\u00e1s, hombres sin tener la posibilidad de saber si se trata de hombres gays, mujeres trans con c\u00e9dulas en las que aparece esta categor\u00eda o si se considera un registro sensible al g\u00e9nero. Aspecto que se deduce puesto que estas cifras aportadas por medicina legal s\u00f3lo clasifica a las personas como hombres y mujeres.<\/p>\n\n\n\n<p class=\"wp-block-paragraph\"><br>La ONG Temblores y el peri\u00f3dico El Espectador, en un reporte del 28 de abril del a\u00f1o en curso en la ciudad de Bogot\u00e1, en el marco del Paro Nacional, una mujer sufre violencia sexual por parte de agentes de polic\u00eda. Posteriormente ella publica en su cuenta de Twitter:<br>\u201cMientras caminaba sola desde la plaza de la hoja a mi casa me encerraron unos polic\u00edas morobose\u00e1ndome y a decirme \u201csi as\u00ed son las marchantes que rico echarles gases\u201d. \u201cNo saben el miedo que sent\u00ed pensando que no iba a regresar a casa. tombos hptas\u201d<\/p>\n\n\n\n<p class=\"wp-block-paragraph\"><br>Otro hecho sucedi\u00f3, de acuerdo con publicaci\u00f3n en medios, en Acac\u00edas \u2013 Meta la noche del 3 de mayo, cuando agentes de la polic\u00eda impiden el paso a un grupo de mujeres que participaban de las movilizaciones.<br>En un v\u00eddeo publicado en la nota de prensa, un polic\u00eda se dirige a otro que llama cabo diciendo: \u201ch\u00e1gale lo que quiera y d\u00e9jela pasar\u201d. Seg\u00fan la ONG Temblores:<br>\u201cusuarios en redes sociales aseguraron que la noche del pasado s\u00e1bado\u201d 9 de mayo \u201cvarios manifestantes fueron trasladados a la estaci\u00f3n de polic\u00eda del barrio<br>San Benito en Bogot\u00e1, donde, seg\u00fan denuncian, sufrieron agresiones. Los relatos hablan de un agente de la Polic\u00eda que hizo desnudar a una mujer en ese CAI\u201d<br>Tambi\u00e9n publica esta ONG que: \u201cmiembros de la Fuerza P\u00fablica en el sector del Tintal en Bogot\u00e1 retuvieron arbitrariamente a mujeres que, al ser violentadas sexualmente en un cami\u00f3n, se lanzaron del veh\u00edculo hacia un ca\u00f1o para huir\u201d.<\/p>\n\n\n\n<p class=\"wp-block-paragraph\"><br>El d\u00eda del 29 de Abril, la defensora de DDHH Daniela Caicedo, detenida junto a su compa\u00f1ero de la RED FIC por agentes de la polic\u00eda pese a que estaban claramente identificados con sus chalecos y carnets por estar en el escenario de las manifestaciones en el Paro nacional. A Daniela le fue retenido su tel\u00e9fono celular.<br>En el valle del cauca y Cali no sucede lo contrario. El d\u00eda 30 abril, 2 mujeres son detenidas y agredidas sexualmente por parte de agentes del ESMAD. Ambas reciben violencia psicol\u00f3gica por parte de los agentes. Adicional a ello, una sufre acceso carnal violento y la otra abuso sexual en el sitio de detenci\u00f3n donde las llevaron luego de estar protestando pac\u00edficamente en el marco del Paro Nacional.<\/p>\n\n\n\n<p class=\"wp-block-paragraph\"><br>Posteriormente, el lunes 3 de mayo de 2021 en horas de la noche, luego de presentarse una balacera de forma indiscriminada contra ciudadan\u00eda que ven\u00eda manifest\u00e1ndose en el punto de concentraci\u00f3n de La Luna, se conforma una misi\u00f3n de verificaci\u00f3n integrada por varias organizaciones de DDHH, la OACUNDH, procuradur\u00eda, defensor\u00eda y defensores y defensoras de derechos humanos. Hecho del cual resaltamos que, las defensoras de Derechos Humanos Darnelly Rodr\u00edguez de REDFC y Ana Mar\u00eda Burgos de CSPP, iban caminando y un agente de polic\u00eda de civil le lanza una patada a Ana Mar\u00eda por la parte de atr\u00e1s y sin quitarse el casco golpea en la cabeza a Darnelly Rodr\u00edguez.<\/p>\n\n\n\n<p class=\"wp-block-paragraph\"><br>Ellas terminan recibiendo, patadas, insultos, amenazas de muerte, de violaci\u00f3n y el impacto de las patadas, los golpes y de dos aturdidoras que lesionan f\u00edsicamente a la defensora Darnelly. En Popay\u00e1n, la noche del 12 de mayo, 3 mujeres menores de edad fueron agredidas sexualmente luego de ser capturadas en medio de movilizaciones en el marco del paro nacional. Una de ellas de 17 a\u00f1os se suicid\u00f3 al d\u00eda siguiente de la captura en su residencia. Y ante esto preguntamos a las autoridades si esto bien puede tipificarse como feminicidio.<\/p>\n\n\n\n<p class=\"wp-block-paragraph\"><br>En la ciudad de Palmira en la noche del 3 de mayo, se registraron 11 casos de agresiones y violencia sexual en contra de mujeres por parte de hombres de la fuerza p\u00fablica. 2 de ellas son menores de edad. Sin dejar de mencionar que, en 2 de los casos registrados, las mujeres fueron agredidas sexualmente mientras permanec\u00edan juntas. Lo cual implica la comisi\u00f3n de varios delitos sexuales en el mismo hecho contra las mujeres entre las que se cuentan menores de edad.<\/p>\n\n\n\n<p class=\"wp-block-paragraph\"><br>Durante la noche del 7 de mayo, 2 defensoras de la RED FIC fueron perseguidas por una camioneta de alto cilindraje luego de acompa\u00f1ar personas heridas producto de la balacera que se produce en el punto de concentraci\u00f3n de La Luna por hombres de civil armados que se movilizaban en camionetas de alto cilindraje minutos antes.<\/p>\n\n\n\n<p class=\"wp-block-paragraph\"><br>El 9 de mayo A las 2:20 pm se presenta una delicada situaci\u00f3n de agresi\u00f3n con armas de fuego a la minga que se encontraba desplaz\u00e1ndose por la zona de Jamund\u00ed. <\/p>\n\n\n\n<p class=\"wp-block-paragraph\">Los mingueros fueron atacados por una turba uribista al pie de la v\u00eda, quienes pretenden retirar el bloqueo en el punto. Se recibieron denuncias de la comunidad sobre varias personas comuneras heridas con impactos de bala por este ataque. En estas agresiones graves, seg\u00fan la informaci\u00f3n recibida, fueron heridas 3 mujeres integrantes de la minga. Seg\u00fan la comunidad, ese mismo 9 de mayo, es raptada una mujer de la minga ind\u00edgena en el punto de concentraci\u00f3n de Paso del Comercio.<\/p>\n\n\n\n<p class=\"wp-block-paragraph\"><br>En los 18 d\u00edas que llevamos del paro nacional en Colombia, se han reportado 12 casos de agresi\u00f3n sexual a nivel nacional de acuerdo con la ONG Temblores, a lo que se suma otros 11 en el Valle del Cauca y 3 mujeres menores de edad en la ciudad de Popay\u00e1n. Lo que nos arroja un total de 26 casos reportados por agresi\u00f3n sexual a las mujeres.<\/p>\n\n\n\n<p class=\"wp-block-paragraph\"><br>El 5 de mayo, 1 mujer reporta haber sido perseguida por un hombre en una moto luego de haber salido de la marcha y hasta su casa.<\/p>\n\n\n\n<p class=\"wp-block-paragraph\"><br>El 10 de mayo, una mujer es asesinada en su casa luego de llegar de las manifestaciones pac\u00edficas en el punto de Puerto Resistencia. Otra informa hostigamiento por parte de la polic\u00eda. Esto lo denuncia a trav\u00e9s de sus redes: \u201cLa polic\u00eda llega a la casa de la v\u00edctima y le muestran a la mam\u00e1 fotos donde la joven est\u00e1 en moto con bolsas y le dicen que est\u00e1 contribuyendo a la violencia. Posterior a ello, Carolina hace la denuncia p\u00fablica puesto que lo que se ha encontrado haciendo es apoyar con insumos de salud y alimentos a las personas en el paro.<\/p>\n\n\n\n<p class=\"wp-block-paragraph\"><br>Dice que \u201cle ataron las manos\u201d y se retira del apoyo que estaba haciendo. Hace responsable al Estado, la polic\u00eda y los entes gubernamentales por su seguridad y la de sus amigos. Esto lo hace a trav\u00e9s de v\u00eddeos que publica por redes.\u201d<br>No obstante, es indispensable se\u00f1alar que, desde el 28 de abril hasta el 13 de mayo, hemos podido registrar en la REDFIC que de un total de 209 personas capturas, 52 han sido mujeres, otras 19 han resultado heridas y 15 a\u00fan contin\u00faan desaparecidas.<\/p>\n\n\n\n<p class=\"wp-block-paragraph\"><br>De acuerdo con lo expresado por la Colectiva Feminista de DDHH La Manada a trav\u00e9s de un portal de noticias espa\u00f1ol, las mujeres sufren la violencia policial de manera diferenciada. Pr\u00e1cticas como tocamientos sexuales, golpes en raz\u00f3n del g\u00e9nero, acceso carnal violento, acto sexual abusivo, insultos y tratos crueles y degradantes, son entre otras los riesgos a los que se enfrentan las mujeres que participan y lideran la protesta social, as\u00ed como la defensa de los derechos humanos en Colombia. Adicional a esto, seg\u00fan se afirm\u00f3, las mujeres y los cuerpos feminizados padecen otras m\u00faltiples violaciones de DDHH en raz\u00f3n de la identidad de g\u00e9nero y de sus pr\u00e1cticas sexuales que, sin embargo, dif\u00edcilmente son registradas. Esto sucede, precisamente porque otro aspecto de esta violencia policial expresada en pr\u00e1cticas e imaginarios machistas, niega y violenta de manera espec\u00edfica la existencia de personas con sexualidades y g\u00e9neros diversas.<\/p>\n\n\n\n<p class=\"wp-block-paragraph\"><br>Esto deja de presente que hay un subregistro que parece tener varias capas. Por un lado est\u00e1 el miedo a denunciar ante las instituciones encargadas de investigar, sancionar, acompa\u00f1ar, prevenir y garantizar los DDHH en Colombia. Por otro est\u00e1 la normalizaci\u00f3n de la violencia basada en g\u00e9nero, producto de siglos de un sistema patriarcal que dinamiza no s\u00f3lo el modelo pol\u00edtico econ\u00f3mico sino que imprime en la cultura abusos sobre los cuerpos de las mujeres, haci\u00e9ndolos \u201cnaturalmente\u201d accesibles a los hombres y autoridades de poder. Como ejemplo est\u00e1 el v\u00eddeo de Acac\u00edas. A lo que se agrega otro subregistro, y es el del binarismo, pues seg\u00fan esta perspectiva, las personas s\u00f3lo son hombres o mujeres. Lo que deja por fuera las personas queer, no binarias, en tr\u00e1nsito o simplemente sin g\u00e9nero definido.<\/p>\n\n\n\n<p class=\"wp-block-paragraph\"><br>Estos m\u00faltiples factores, as\u00ed como otros que aqu\u00ed no se mencionan, conforman lo que se se\u00f1ala como el velo del patriarcado frente a la violencia estructural que ejercen \u201clegalmente\u201d polic\u00eda, ej\u00e9rcito y ESMAD en medio de las protestas. Donde no s\u00f3lo se comenten abusos, excesos e ilegalidades por parte de los agentes armados a plena luz del d\u00eda y que, gracias a los registros realizados por ciudadan\u00eda conocemos de primera mano, organizaciones y c\u00e1maras de la ciudad, sino que, a esto se agrega que esta violencia policial es diferencial y golpea de manera espec\u00edfica a mujeres, ni\u00f1as, ni\u00f1os y personas en diversidades de sexo y g\u00e9nero, invisibilizadas. Logrando con ello niveles de impunidad que impiden de manera contundente la defensa, garant\u00eda y promoci\u00f3n de los DDHH que el Estado colombiano se ha comprometido a defender en el marco jur\u00eddico internacional al firmar el pacto internacional de los derechos humanos y los tratados, convenciones y dem\u00e1s documentos que regulan el accionar de los Estados en esta materia en los pa\u00edses firmantes.<\/p>\n\n\n\n<p class=\"wp-block-paragraph\"><br>Dejamos pues en sus manos hoy viernes 14 de mayo de 2021, a 16 d\u00edas del Paro Nacional este informe sobre las violencias basadas en g\u00e9nero cometidas por la fuerza p\u00fablica colombiana, con la salvedad que a\u00fan tenemos casos que se encuentran en proceso de documentaci\u00f3n, es decir que no es la cifra final hasta la fecha. <\/p>\n\n\n\n<p class=\"wp-block-paragraph\">Continuaremos realizando recepci\u00f3n de denuncias, registro en campo, sistematizaci\u00f3n de datos y an\u00e1lisis de estos hechos delincuenciales contra las mujeres y las personas feminizadas sigan siendo territorio de guerra. Los derechos humanos de las mujeres son de humanas.<\/p>\n\n\n\n<p class=\"wp-block-paragraph\"> Y es obligaci\u00f3n del Estado colombiano y del gobierno del se\u00f1or Iv\u00e1n Duque garantizarlos. Exhortamos a todas las entidades encargadas de velar por el cumplimiento de los mandatos que derivan de estos compromisos internacionales para que investiguen, sancionen y reparen a las v\u00edctimas que 16 d\u00edas de vinolencia desmedida e injustificada han dejado sobre la ciudadan\u00eda que protesta de manera leg\u00edtima y pac\u00edfica en el marco del paro nacional.<\/p>\n\n\n\n<p class=\"wp-block-paragraph\">El organismo internacional record\u00f3 que estos actos contra las mujeres configuran una \u00abforma de tortura\u00bb.<br>Por otra parte la Comisi\u00f3n Interamericana de Derechos Humanos (CIDH) se pronunci\u00f3 este s\u00e1bado sobre la situaci\u00f3n de orden p\u00fablico en el pa\u00eds, esta vez para condenar los hechos de violencia sexual y psicol\u00f3gica contra mujeres adolescentes, presuntamente cometidos por integrantes de la Polic\u00eda durante las manifestaciones en Popay\u00e1n de esta semana.<br>La CIDH record\u00f3 que estos actos cometidos por agentes estatales, aprovechando la vulnerabilidad de la v\u00edctima, \u201cson una forma de tortura\u201d.<br>Asimismo, conden\u00f3 de manera en\u00e9rgica, el presunto abuso sexual contra la menor de 17 a\u00f1os Alison Mel\u00e9ndez, quien apareci\u00f3 muerta, en un aparente suicidio, luego de denunciar estos hechos por parte del ESMAD.<br>Pues ese organismo internacional, no s\u00f3lo exhort\u00f3 al Estado colombiano a sancionar a los responsables de este caso, sino tambi\u00e9n a reforzar los mecanismos de respuesta a la violencia contra las mujeres y brindar capacitaci\u00f3n a personas que integran la fuerza p\u00fablica.<br>La CIDH tambi\u00e9n ha recibido diversas denuncias de presuntas violaciones a los derechos humanos producto del uso excesivo de la fuerza durante las protestas sociales y se manifest\u00f3 dispuesta para apoyar en la superaci\u00f3n de la crisis.<br>\u201cLa informaci\u00f3n recibida se\u00f1ala, entre otras, la existencia de personas fallecidas y desaparecidas, hechos de violencia sexual, tortura y tratos crueles, inhumanos y degradantes en contra de manifestantes, abusos contra personas defensoras y ataques a personas ind\u00edgenas\u201d, asegur\u00f3.<br>La ONG Temblores tiene reportes de al menos 16 denuncias de violencia sexual por parte del ESMAD desde el 28 de abril, mientras que la Inspecci\u00f3n de la Polic\u00eda, ya adelanta 124 investigaciones por excesos de la fuerza durante el paro nacional: 9 por homicidio, 64 por abuso de autoridad, 26 por agresiones f\u00edsicas, 17 por otras conductas y 8 por lesiones personales.<\/p>\n","protected":false},"excerpt":{"rendered":"<p>Urgen a la Solidaridad con las mujeres atropelladas, asesinadas y violadas. Sisma Mujer<\/p>\n","protected":false},"author":3,"featured_media":35468,"comment_status":"open","ping_status":"open","sticky":false,"template":"","format":"standard","meta":{"_monsterinsights_skip_tracking":false,"footnotes":""},"categories":[692,53],"tags":[],"class_list":["post-35467","post","type-post","status-publish","format-standard","has-post-thumbnail","category-692","category-internacional"],"_links":{"self":[{"href":"https:\/\/redsemlac.com\/semmexico\/wp-json\/wp\/v2\/posts\/35467","targetHints":{"allow":["GET"]}}],"collection":[{"href":"https:\/\/redsemlac.com\/semmexico\/wp-json\/wp\/v2\/posts"}],"about":[{"href":"https:\/\/redsemlac.com\/semmexico\/wp-json\/wp\/v2\/types\/post"}],"author":[{"embeddable":true,"href":"https:\/\/redsemlac.com\/semmexico\/wp-json\/wp\/v2\/users\/3"}],"replies":[{"embeddable":true,"href":"https:\/\/redsemlac.com\/semmexico\/wp-json\/wp\/v2\/comments?post=35467"}],"version-history":[{"count":0,"href":"https:\/\/redsemlac.com\/semmexico\/wp-json\/wp\/v2\/posts\/35467\/revisions"}],"wp:featuredmedia":[{"embeddable":true,"href":"https:\/\/redsemlac.com\/semmexico\/wp-json\/wp\/v2\/media\/35468"}],"wp:attachment":[{"href":"https:\/\/redsemlac.com\/semmexico\/wp-json\/wp\/v2\/media?parent=35467"}],"wp:term":[{"taxonomy":"category","embeddable":true,"href":"https:\/\/redsemlac.com\/semmexico\/wp-json\/wp\/v2\/categories?post=35467"},{"taxonomy":"post_tag","embeddable":true,"href":"https:\/\/redsemlac.com\/semmexico\/wp-json\/wp\/v2\/tags?post=35467"}],"curies":[{"name":"wp","href":"https:\/\/api.w.org\/{rel}","templated":true}]}}